{"id":146082,"date":"2025-06-02T09:46:11","date_gmt":"2025-06-02T09:46:11","guid":{"rendered":"https:\/\/www.europesays.com\/fr\/146082\/"},"modified":"2025-06-02T09:46:11","modified_gmt":"2025-06-02T09:46:11","slug":"ce-que-lelection-du-president-nationaliste-polonais-pro-trump-signifie-pour-lunion-europeenne","status":"publish","type":"post","link":"https:\/\/www.europesays.com\/fr\/146082\/","title":{"rendered":"Ce que l\u2019\u00e9lection du pr\u00e9sident nationaliste polonais pro-Trump signifie pour l\u2019Union europ\u00e9enne"},"content":{"rendered":"<p>              <a tabindex=\"-1\" title=\"Val\u00e9rie de Graffenried\" href=\"https:\/\/www.letemps.ch\/profil\/valerie-de-graffenried\" target=\"_blank\" rel=\"noopener\"><\/p>\n<p>                    <img decoding=\"async\" src=\"https:\/\/www.europesays.com\/fr\/wp-content\/uploads\/2025\/04\/1744793291_698_small.jpeg\" class=\"lazy\" alt=\"\"\/><\/p>\n<p><\/a>        <\/p>\n<p>    Publi\u00e9 le 02 juin 2025 \u00e0 11:33. \/ Modifi\u00e9 le 02 juin 2025 \u00e0 11:34.<\/p>\n<p> 3 min. de lecture<\/p>\n<p>L\u2019enjeu \u00e9tait crucial, la participation au scrutin \u00e9lev\u00e9e (71,63%) et la victoire\u2026 sur le fil du rasoir. Le nationaliste Karol Nawrocki, soutenu par le parti populiste Droit et Justice (PiS), a remport\u00e9 l\u2019\u00e9lection pr\u00e9sidentielle polonaise avec une tr\u00e8s courte avance sur son concurrent, le maire lib\u00e9ral de Varsovie Rafal Trzaskowski, \u00e0 50,89% contre 49,11% des voix, moins de 400\u00a0000 votes. Des leaders nationalistes tels que le premier ministre hongrois Viktor Orb\u00e1n se sont empress\u00e9s de le f\u00e9liciter et le pr\u00e9sident conservateur sortant Andrzej Duda n\u2019a pas cach\u00e9 son soulagement. Mais pour une bonne moiti\u00e9 du pays, et pour le gouvernement centriste pro-UE de Donald Tusk, la claque est majeure.<\/p>\n<p>Une museli\u00e8re bien tenace<\/p>\n<p>    L\u2019histoire ne s\u2019arr\u00eate pas l\u00e0.<\/p>\n<p class=\"post-subscribe__mention\">Restez inform\u00e9(e) sans limites pendant toute l&rsquo;ann\u00e9e \u2192 votre abonnement digital mensuel d\u00e8s CHF 29.- \/ mois.<\/p>\n<p class=\"post-subscribe__mention post-subscribe__mention--temporary\">Abonnez-vous en quelques clics et payez facilement avec <b>Twint<\/b>.<\/p>\n<p>    <a class=\"button is-secondary\" data-event=\"click-&gt;clicked\" href=\"https:\/\/www.letemps.ch\/abonnements?wall_id=19\" target=\"_blank\" rel=\"noopener\">Je m&rsquo;abonne<\/a><\/p>\n<p class=\"post-subscribe__login\">\n        Vous avez d\u00e9j\u00e0 un compte ?<br \/>\n        <a class=\"link\" rel=\"nofollow noopener\" href=\"https:\/\/www.letemps.ch\/compte\/connexion?return_to=https%3A%2F%2Fwww.letemps.ch%2Fmonde%2Feurope%2Fce-que-l-election-du-president-nationaliste-polonais-pro-trump-signifie-pour-l-union-europeenne\" target=\"_blank\">Se connecter<\/a>\n      <\/p>\n","protected":false},"excerpt":{"rendered":"Publi\u00e9 le 02 juin 2025 \u00e0 11:33. \/ Modifi\u00e9 le 02 juin 2025 \u00e0 11:34. 3 min. de&hellip;\n","protected":false},"author":2,"featured_media":146083,"comment_status":"","ping_status":"","sticky":false,"template":"","format":"standard","meta":{"footnotes":""},"categories":[1586],"tags":[11,1777,674,1779,1011,27,12,301,25,1778,364],"class_list":{"0":"post-146082","1":"post","2":"type-post","3":"status-publish","4":"format-standard","5":"has-post-thumbnail","7":"category-europe","8":"tag-actualites","9":"tag-eu","10":"tag-europe","11":"tag-european-union","12":"tag-fr","13":"tag-france","14":"tag-news","15":"tag-premium","16":"tag-republique-francaise","17":"tag-ue","18":"tag-union-europeenne"},"share_on_mastodon":{"url":"https:\/\/pubeurope.com\/@fr\/114613137213172007","error":""},"_links":{"self":[{"href":"https:\/\/www.europesays.com\/fr\/wp-json\/wp\/v2\/posts\/146082","targetHints":{"allow":["GET"]}}],"collection":[{"href":"https:\/\/www.europesays.com\/fr\/wp-json\/wp\/v2\/posts"}],"about":[{"href":"https:\/\/www.europesays.com\/fr\/wp-json\/wp\/v2\/types\/post"}],"author":[{"embeddable":true,"href":"https:\/\/www.europesays.com\/fr\/wp-json\/wp\/v2\/users\/2"}],"replies":[{"embeddable":true,"href":"https:\/\/www.europesays.com\/fr\/wp-json\/wp\/v2\/comments?post=146082"}],"version-history":[{"count":0,"href":"https:\/\/www.europesays.com\/fr\/wp-json\/wp\/v2\/posts\/146082\/revisions"}],"wp:featuredmedia":[{"embeddable":true,"href":"https:\/\/www.europesays.com\/fr\/wp-json\/wp\/v2\/media\/146083"}],"wp:attachment":[{"href":"https:\/\/www.europesays.com\/fr\/wp-json\/wp\/v2\/media?parent=146082"}],"wp:term":[{"taxonomy":"category","embeddable":true,"href":"https:\/\/www.europesays.com\/fr\/wp-json\/wp\/v2\/categories?post=146082"},{"taxonomy":"post_tag","embeddable":true,"href":"https:\/\/www.europesays.com\/fr\/wp-json\/wp\/v2\/tags?post=146082"}],"curies":[{"name":"wp","href":"https:\/\/api.w.org\/{rel}","templated":true}]}}