{"id":146087,"date":"2025-06-02T09:49:19","date_gmt":"2025-06-02T09:49:19","guid":{"rendered":"https:\/\/www.europesays.com\/fr\/146087\/"},"modified":"2025-06-02T09:49:19","modified_gmt":"2025-06-02T09:49:19","slug":"a-uzes-des-residents-dun-ehpad-realisent-un-tour-de-france","status":"publish","type":"post","link":"https:\/\/www.europesays.com\/fr\/146087\/","title":{"rendered":"\u00c0 Uz\u00e8s, des r\u00e9sidents d&rsquo;un Ehpad r\u00e9alisent un Tour de France"},"content":{"rendered":"<p><img loading=\"lazy\" decoding=\"async\" alt=\"\u00a9 Le R\u00e9publicain d'Uz\u00e8s - Les r\u00e9sidents des diff\u00e9rents \u00e9tages de l'Ehpad des Terrasses de Gisfort \u00e0 Uz\u00e8s ont p\u00e9dal\u00e9 plus de 800 km depuis leur d\u00e9part d'Uz\u00e8s en f\u00e9vrier.\" data-zoom-src=\"https:\/\/www.europesays.com\/fr\/wp-content\/uploads\/2025\/06\/initial-ehpad-terrasses-de-gisfort-uzes-tour-de-france.jpg\" data-zoomable=\"\" height=\"702\" src=\"https:\/\/www.europesays.com\/fr\/wp-content\/uploads\/2025\/06\/initial-ehpad-terrasses-de-gisfort-uzes-tour-de-france.jpg\" width=\"1248\"\/>  <\/p>\n<p class=\"article-desc\">\u00a9 Le R\u00e9publicain d&rsquo;Uz\u00e8s &#8211; Les r\u00e9sidents des diff\u00e9rents \u00e9tages de l&rsquo;Ehpad des Terrasses de Gisfort \u00e0 Uz\u00e8s ont p\u00e9dal\u00e9 plus de 800 km depuis leur d\u00e9part d&rsquo;Uz\u00e8s en f\u00e9vrier. <\/p>\n<p>Cap d\u2019enfourcher un v\u00e9lo ou un p\u00e9dalier et de partir pour un <strong>Tour de France<\/strong> ? C\u2019est le d\u00e9fi qu\u2019ont accept\u00e9 de relever une partie des r\u00e9sidents de <a href=\"https:\/\/mesinfos.fr\/30700-uzes\/l-ehpad-les-terrasses-de-gisfort-a-uzes-a-celebre-ses-30-ans-219977.html\" rel=\"noopener\" target=\"_blank\">l\u2019Ehpad Les Terrasses de Gisfort<\/a> \u00e0 Uz\u00e8s. <\/p>\n<p>Un d\u00e9fi dans lequel ils sont accompagn\u00e9s par du personnel, mais aussi des proches et membres de leurs familles. Ce d\u00e9fi, c\u2019est une id\u00e9e de l\u2019\u00e9quipe du p\u00f4le d\u2019activit\u00e9 et de soins adapt\u00e9s et du personnel d\u2019activit\u00e9s physiques adapt\u00e9es.\u00a0 <\/p>\n<p>Plus de 800km parcourus par les r\u00e9sidents de l&rsquo;Ehpad\u00a0 <\/p>\n<p>Comme lors du \u00ab\u00a0vrai\u00a0\u00bb <a href=\"https:\/\/mesinfos.fr\/tag\/tour-de-france\" rel=\"noopener\" target=\"_blank\">Tour de France<\/a>, les r\u00e9sidents p\u00e9dalent d\u2019\u00e9tape en \u00e9tape. Une seule diff\u00e9rence pour celui des Terrasses de Gisfort, \u00ab\u00a0ce sont les r\u00e9sidents qui choisissent leurs \u00e9tapes\u00a0\u00bb, explique Marie-Dominique Gillion, assistante de soins en g\u00e9rontologie. <\/p>\n<p>C\u2019est d\u2019Uz\u00e8s que les \u00ab\u00a0cyclistes\u00a0\u00bb sont partis en f\u00e9vrier avec, pour premi\u00e8re \u00e9tape, <strong>N\u00eemes<\/strong>. Puis, c\u2019est la direction de Marseille et de Lyon qu\u2019ils ont prise. Ils sont actuellement en partance pour Dijon et se rendront \u00e0 Strasbourg et Paris. Depuis le d\u00e9but de leur tour, 860km ont \u00e9t\u00e9 parcourus.<\/p>\n<blockquote>\n<p>\u00ab\u00a0On observe une nette progression des kilom\u00e8tres parcourus entre mars et avril. Les r\u00e9sidents sont motiv\u00e9s, prennent plaisir \u00e0 participer et bien plus que ce que je n\u2019aurais pu imaginer\u00a0\u00bb.\u00a0<br \/><strong>Marie-Dominique Gillion<\/strong>, assistante de soins en g\u00e9rontologie. <\/p>\n<\/blockquote>\n<p>Pour participer \u00e0 ce tour, <strong>quatre v\u00e9los et huit p\u00e9daliers<\/strong> sont dispatch\u00e9s dans les \u00e9tages. Sur une fiche, ils indiquent nom, pr\u00e9nom, temps pass\u00e9 \u00e0 p\u00e9daler et le nombre de kilom\u00e8tres r\u00e9alis\u00e9s. <\/p>\n<p>Un Tour de France b\u00e9n\u00e9fique pour la sant\u00e9\u00a0 <\/p>\n<p>Le Tour de France des Terrasses de Gisfort, \u00ab\u00a0c\u2019est aussi l\u2019occasion d\u2019ateliers m\u00e9moire o\u00f9 l\u2019on aborde les lieux historiques de la ville \u00e9tape, mais aussi d\u2019ateliers manuels avec la r\u00e9alisation d\u2019un menu autour des produits phares de cette derni\u00e8re\u00a0\u00bb. <\/p>\n<p>Des activit\u00e9s \u00ab\u00a0qui leurs font du bien. On voit des r\u00e9sultats sur l\u2019autonomie, la force musculaire et la prise de traitement\u00a0\u00bb, confie le personnel. Ce Tour de France, un projet financ\u00e9 par le <strong>Lions club <\/strong>et l\u2019association nationale pour la formation permanente du personnel hospitalier.\u00a0<\/p>\n","protected":false},"excerpt":{"rendered":"\u00a9 Le R\u00e9publicain d&rsquo;Uz\u00e8s &#8211; Les r\u00e9sidents des diff\u00e9rents \u00e9tages de l&rsquo;Ehpad des Terrasses de Gisfort \u00e0 Uz\u00e8s&hellip;\n","protected":false},"author":2,"featured_media":146088,"comment_status":"","ping_status":"","sticky":false,"template":"","format":"standard","meta":{"footnotes":""},"categories":[4],"tags":[11,12216,1011,27,12,25,210],"class_list":{"0":"post-146087","1":"post","2":"type-post","3":"status-publish","4":"format-standard","5":"has-post-thumbnail","7":"category-france","8":"tag-actualites","9":"tag-ehpad","10":"tag-fr","11":"tag-france","12":"tag-news","13":"tag-republique-francaise","14":"tag-tour-de-france"},"share_on_mastodon":{"url":"https:\/\/pubeurope.com\/@fr\/114613149176135365","error":""},"_links":{"self":[{"href":"https:\/\/www.europesays.com\/fr\/wp-json\/wp\/v2\/posts\/146087","targetHints":{"allow":["GET"]}}],"collection":[{"href":"https:\/\/www.europesays.com\/fr\/wp-json\/wp\/v2\/posts"}],"about":[{"href":"https:\/\/www.europesays.com\/fr\/wp-json\/wp\/v2\/types\/post"}],"author":[{"embeddable":true,"href":"https:\/\/www.europesays.com\/fr\/wp-json\/wp\/v2\/users\/2"}],"replies":[{"embeddable":true,"href":"https:\/\/www.europesays.com\/fr\/wp-json\/wp\/v2\/comments?post=146087"}],"version-history":[{"count":0,"href":"https:\/\/www.europesays.com\/fr\/wp-json\/wp\/v2\/posts\/146087\/revisions"}],"wp:featuredmedia":[{"embeddable":true,"href":"https:\/\/www.europesays.com\/fr\/wp-json\/wp\/v2\/media\/146088"}],"wp:attachment":[{"href":"https:\/\/www.europesays.com\/fr\/wp-json\/wp\/v2\/media?parent=146087"}],"wp:term":[{"taxonomy":"category","embeddable":true,"href":"https:\/\/www.europesays.com\/fr\/wp-json\/wp\/v2\/categories?post=146087"},{"taxonomy":"post_tag","embeddable":true,"href":"https:\/\/www.europesays.com\/fr\/wp-json\/wp\/v2\/tags?post=146087"}],"curies":[{"name":"wp","href":"https:\/\/api.w.org\/{rel}","templated":true}]}}