{"id":146093,"date":"2025-06-02T09:55:08","date_gmt":"2025-06-02T09:55:08","guid":{"rendered":"https:\/\/www.europesays.com\/fr\/146093\/"},"modified":"2025-06-02T09:55:08","modified_gmt":"2025-06-02T09:55:08","slug":"le-motogp-se-poursuit-a-motorland-avec-marc-marquez-en-tete-consultez-le-programme-du-gp-daragon","status":"publish","type":"post","link":"https:\/\/www.europesays.com\/fr\/146093\/","title":{"rendered":"Le MotoGP se poursuit \u00e0 Motorland, avec Marc M\u00e1rquez en t\u00eate : Consultez le programme du GP d&rsquo;Aragon."},"content":{"rendered":"<p>Le circuit de Motorland Arag\u00f3n se pr\u00e9pare \u00e0 accueillir le MotoGP et ses cat\u00e9gories de soutien, Moto2 et Moto3, cette semaine alors que Marc M\u00e1rquez arrive en tant que leader du championnat. Le pilote catalan maintient la constance qui l\u2019a caract\u00e9ris\u00e9 cette saison, ayant de nouveau mont\u00e9 sur le podium lors de la derni\u00e8re course \u00e0 Silverstone.<\/p>\n<p>Le Grand Prix de Grande-Bretagne a apport\u00e9 des d\u00e9veloppements significatifs au championnat. Marco Bezzecchi a offert \u00e0 Aprilia sa premi\u00e8re victoire de la saison, un triomphe qui a pris encore plus d\u2019importance apr\u00e8s la rupture contractuelle entre Jorge Mart\u00edn et la marque italienne. Johann Zarco a compl\u00e9t\u00e9 le podium britannique en deuxi\u00e8me position, consolidant la bonne forme qu\u2019il montre depuis sa victoire sous la pluie au Mans.<\/p>\n<p>La course de Silverstone a \u00e9galement r\u00e9v\u00e9l\u00e9 des contrastes parmi les favoris au titre. Pecco Bagnaia a montr\u00e9 des signes d\u2019am\u00e9lioration en se qualifiant directement pour Q2, mais un z\u00e9ro dimanche en raison d\u2019une chute a compromis ses aspirations. Fabio Quartararo a v\u00e9cu une situation similaire, partant de la pole position et menant la course lorsque un probl\u00e8me technique avec sa Yamaha lui a fait perdre une possible victoire.<\/p>\n<p>Pour Marc M\u00e1rquez, Motorland repr\u00e9sente un territoire familier \u2013 le circuit aragonais a m\u00eame un virage \u00e0 son nom, refl\u00e9tant son histoire r\u00e9ussie sur cette piste. Ce lien sp\u00e9cial fait de l\u2019Espagnol l\u2019un des principaux favoris pour le week-end, \u00e0 un moment o\u00f9 il cherche \u00e0 consolider son avance au championnat.<\/p>\n<p>Calendrier du Grand Prix d\u2019Arag\u00f3n<\/p>\n<ul class=\"wp-block-list\">\n<li><strong>Vendredi 6 juin<\/strong>\n<ul class=\"wp-block-list\">\n<li>09h00-09h35: FP1 Moto3<\/li>\n<li>09h50-10h30: FP1 Moto2<\/li>\n<li>10h45-11h30: FP1 MotoGP<\/li>\n<li>13h15-13h50: Essai Moto3<\/li>\n<li>14h05-14h45: Essai Moto2<\/li>\n<li>15h00-16h00: Essai MotoGP<\/li>\n<\/ul>\n<\/li>\n<li><strong>Samedi 7 juin<\/strong>\n<ul class=\"wp-block-list\">\n<li>08h40-09h10: FP2 Moto3<\/li>\n<li>09h25-09h55: FP2 Moto2<\/li>\n<li>10h10-10h40: FP2 MotoGP<\/li>\n<li>10h50-11h05: Qualifications Q1 MotoGP<\/li>\n<li>11h15-11h30: Qualifications Q2 MotoGP<\/li>\n<li>12h50-13h05: Qualifications Q1 Moto3<\/li>\n<li>13h15-13h30: Qualifications Q2 Moto3<\/li>\n<li>13h45-14h00: Qualifications Q1 Moto2<\/li>\n<li>14h10-14h25: Qualifications Q2 Moto2<\/li>\n<li>15h00: Course Sprint MotoGP<\/li>\n<\/ul>\n<\/li>\n<li><strong>Dimanche 8 juin<\/strong>\n<ul class=\"wp-block-list\">\n<li>09h40-09h50: \u00c9chauffement MotoGP<\/li>\n<li>11h00: Course Moto3<\/li>\n<li>12h15 : Course Moto2<\/li>\n<li>14h00 : Course MotoGP<\/li>\n<\/ul>\n<\/li>\n<\/ul>\n","protected":false},"excerpt":{"rendered":"Le circuit de Motorland Arag\u00f3n se pr\u00e9pare \u00e0 accueillir le MotoGP et ses cat\u00e9gories de soutien, Moto2 et&hellip;\n","protected":false},"author":2,"featured_media":146094,"comment_status":"","ping_status":"","sticky":false,"template":"","format":"standard","meta":{"footnotes":""},"categories":[1413],"tags":[1011,27,27509,1457,8978,7449,1456,1458,27510,60],"class_list":{"0":"post-146093","1":"post","2":"type-post","3":"status-publish","4":"format-standard","5":"has-post-thumbnail","7":"category-moto","8":"tag-fr","9":"tag-france","10":"tag-gp-daragon","11":"tag-moto","12":"tag-moto2","13":"tag-moto3","14":"tag-motocycle","15":"tag-motogp","16":"tag-motogp-aragon","17":"tag-sports"},"share_on_mastodon":{"url":"https:\/\/pubeurope.com\/@fr\/114613172488879151","error":""},"_links":{"self":[{"href":"https:\/\/www.europesays.com\/fr\/wp-json\/wp\/v2\/posts\/146093","targetHints":{"allow":["GET"]}}],"collection":[{"href":"https:\/\/www.europesays.com\/fr\/wp-json\/wp\/v2\/posts"}],"about":[{"href":"https:\/\/www.europesays.com\/fr\/wp-json\/wp\/v2\/types\/post"}],"author":[{"embeddable":true,"href":"https:\/\/www.europesays.com\/fr\/wp-json\/wp\/v2\/users\/2"}],"replies":[{"embeddable":true,"href":"https:\/\/www.europesays.com\/fr\/wp-json\/wp\/v2\/comments?post=146093"}],"version-history":[{"count":0,"href":"https:\/\/www.europesays.com\/fr\/wp-json\/wp\/v2\/posts\/146093\/revisions"}],"wp:featuredmedia":[{"embeddable":true,"href":"https:\/\/www.europesays.com\/fr\/wp-json\/wp\/v2\/media\/146094"}],"wp:attachment":[{"href":"https:\/\/www.europesays.com\/fr\/wp-json\/wp\/v2\/media?parent=146093"}],"wp:term":[{"taxonomy":"category","embeddable":true,"href":"https:\/\/www.europesays.com\/fr\/wp-json\/wp\/v2\/categories?post=146093"},{"taxonomy":"post_tag","embeddable":true,"href":"https:\/\/www.europesays.com\/fr\/wp-json\/wp\/v2\/tags?post=146093"}],"curies":[{"name":"wp","href":"https:\/\/api.w.org\/{rel}","templated":true}]}}