{"id":146095,"date":"2025-06-02T09:56:21","date_gmt":"2025-06-02T09:56:21","guid":{"rendered":"https:\/\/www.europesays.com\/fr\/146095\/"},"modified":"2025-06-02T09:56:21","modified_gmt":"2025-06-02T09:56:21","slug":"en-video-laction-lunaire-de-neymar-avec-santos","status":"publish","type":"post","link":"https:\/\/www.europesays.com\/fr\/146095\/","title":{"rendered":"en vid\u00e9o, l\u2019action lunaire de Neymar avec Santos"},"content":{"rendered":"<p>Neymar a disjonct\u00e9 avec Santos hier, marquant un but volontaire de la main avant de se faire exclure, ce qui a men\u00e9 \u00e0 la d\u00e9faite de son club.<\/p>\n<p class=\"fig-paragraph\">Il est le loin le temps du\u00a0<a href=\"http:\/\/www.lefigaro.fr\/sports\/football\/ligue-des-champions\/psg-mbappe-neymar-thiago-silva-que-sont-devenus-les-finalistes-de-lisbonne-2020-20250528\" data-fig-type=\"NewsFlash\" data-gtm-custom-categorie=\"navigation\" data-gtm-custom-action=\"crossclick\" data-gtm-custom-label=\"Contextuel\" data-gtm-event=\"customEventSPE\" data-fig-domain=\"LEFIGARO\" target=\"_blank\" rel=\"noopener\">Neymar<\/a>\u00a0flamboyant en Europe. Pendant que son ancien club,\u00a0<a href=\"http:\/\/www.lefigaro.fr\/sports\/football\/ligue-des-champions\/dembele-ballon-d-or-dj-snake-et-le-psg-lancent-le-lobbying-20250602\" data-fig-type=\"NewsFlash\" data-gtm-custom-categorie=\"navigation\" data-gtm-custom-action=\"crossclick\" data-gtm-custom-label=\"Contextuel\" data-gtm-event=\"customEventSPE\" data-fig-domain=\"LEFIGARO\" target=\"_blank\" rel=\"noopener\">le PSG, c\u00e9l\u00e8bre son sacre en Ligue des champions<\/a>, le Br\u00e9silien marque un but de la main &#8230; et prend un carton rouge.<\/p>\n<p class=\"fig-paragraph\">L\u2019action est lunaire. Elle d\u00e9bute avec un centre d\u2019un de ses co\u00e9quipiers, contr\u00e9 par le gardien adverse sur Neymar, qui plonge et tend le bras pour pousser le ballon au fond des filets de Botafogo. R\u00e9sultat\u00a0: but refus\u00e9, carton rouge et d\u00e9faite 1 \u00e0 0 face au club de John Textor, aussi propri\u00e9taire de\u00a0<a href=\"http:\/\/www.lefigaro.fr\/sports\/football\/ligue-1\/foot-la-fifa-leve-l-interdiction-de-recrutement-de-l-olympique-lyonnais-20250527\" data-fig-type=\"NewsFlash\" data-gtm-custom-categorie=\"navigation\" data-gtm-custom-action=\"crossclick\" data-gtm-custom-label=\"Contextuel\" data-gtm-event=\"customEventSPE\" data-fig-domain=\"LEFIGARO\" target=\"_blank\" rel=\"noopener\">l\u2019Olympique Lyonnais<\/a>.<\/p>\n<p class=\"fig-paragraph\">Un geste pr\u00e9judiciable pour Santos, qui reste englu\u00e9 \u00e0 la 18e position du championnat br\u00e9silien apr\u00e8s onze matchs jou\u00e9s. Neymar voulait peut-\u00eatre reproduire la main de Dieu de l\u2019Argentin Maradona face \u00e0 l\u2019Angleterre en 1986. C\u2019est rat\u00e9. \u00c0 l\u2019heure de l\u2019arbitrage vid\u00e9o, mal lui en a pris.<\/p>\n","protected":false},"excerpt":{"rendered":"Neymar a disjonct\u00e9 avec Santos hier, marquant un but volontaire de la main avant de se faire exclure,&hellip;\n","protected":false},"author":2,"featured_media":146096,"comment_status":"","ping_status":"","sticky":false,"template":"","format":"standard","meta":{"footnotes":""},"categories":[1412],"tags":[454,69,448,83,451,27511,64,450,449,1451,1452,1453,1454,1455,1011,27,452,453,66,446,447,23921,70,93,60,455],"class_list":{"0":"post-146095","1":"post","2":"type-post","3":"status-publish","4":"format-standard","5":"has-post-thumbnail","7":"category-f1","8":"tag-ballon-dor","9":"tag-bundesliga","10":"tag-champions-league","11":"tag-coupe-de-france","12":"tag-coupe-du-monde","13":"tag-diego-maradona","14":"tag-equipe-de-france","15":"tag-euro","16":"tag-europa-league","17":"tag-f1","18":"tag-formula-1","19":"tag-formula1","20":"tag-formule-1","21":"tag-formule1","22":"tag-fr","23":"tag-france","24":"tag-italie","25":"tag-liga","26":"tag-ligue-1","27":"tag-ligue-2","28":"tag-ligue-des-champions","29":"tag-neymar","30":"tag-premier-league","31":"tag-psg","32":"tag-sports","33":"tag-uefa"},"share_on_mastodon":{"url":"https:\/\/pubeurope.com\/@fr\/114613176466872552","error":""},"_links":{"self":[{"href":"https:\/\/www.europesays.com\/fr\/wp-json\/wp\/v2\/posts\/146095","targetHints":{"allow":["GET"]}}],"collection":[{"href":"https:\/\/www.europesays.com\/fr\/wp-json\/wp\/v2\/posts"}],"about":[{"href":"https:\/\/www.europesays.com\/fr\/wp-json\/wp\/v2\/types\/post"}],"author":[{"embeddable":true,"href":"https:\/\/www.europesays.com\/fr\/wp-json\/wp\/v2\/users\/2"}],"replies":[{"embeddable":true,"href":"https:\/\/www.europesays.com\/fr\/wp-json\/wp\/v2\/comments?post=146095"}],"version-history":[{"count":0,"href":"https:\/\/www.europesays.com\/fr\/wp-json\/wp\/v2\/posts\/146095\/revisions"}],"wp:featuredmedia":[{"embeddable":true,"href":"https:\/\/www.europesays.com\/fr\/wp-json\/wp\/v2\/media\/146096"}],"wp:attachment":[{"href":"https:\/\/www.europesays.com\/fr\/wp-json\/wp\/v2\/media?parent=146095"}],"wp:term":[{"taxonomy":"category","embeddable":true,"href":"https:\/\/www.europesays.com\/fr\/wp-json\/wp\/v2\/categories?post=146095"},{"taxonomy":"post_tag","embeddable":true,"href":"https:\/\/www.europesays.com\/fr\/wp-json\/wp\/v2\/tags?post=146095"}],"curies":[{"name":"wp","href":"https:\/\/api.w.org\/{rel}","templated":true}]}}