{"id":146097,"date":"2025-06-02T09:57:09","date_gmt":"2025-06-02T09:57:09","guid":{"rendered":"https:\/\/www.europesays.com\/fr\/146097\/"},"modified":"2025-06-02T09:57:09","modified_gmt":"2025-06-02T09:57:09","slug":"les-assists-en-or-de-van-aert-samedi-pour-aider-yates-a-gagner-le-giro-dimanche-pour-lancer-kooij-vers-la-victoire-detape","status":"publish","type":"post","link":"https:\/\/www.europesays.com\/fr\/146097\/","title":{"rendered":"Les assists en or de van Aert\u00a0: samedi pour aider Yates \u00e0 gagner le Giro, dimanche pour lancer Kooij vers la victoire d&rsquo;\u00e9tape"},"content":{"rendered":"<blockquote class=\"ap-StoryQuote ap-StoryQuote--pullquote\"><p>guillement<\/p>\n<p class=\"ap-StoryQuote-text\">Simon a fourni un gros effort avec son offensive : j&rsquo;adore quand les gars ne roulent pas pour les places d&rsquo;honneur.<\/p>\n<\/blockquote>\n<p class=\"ap-StoryElement ap-StoryElement--mb ap-StoryText\">Un assist en or au lendemain d&rsquo;un autre relais d\u00e9cisif. D&rsquo;une valeur bien plus grande, encore, puisqu&rsquo;il a particip\u00e9 \u00e0 la victoire finale de ce Giro en se mettant \u00e0 plat ventre pour Simon Yates, occup\u00e9 \u00e0 renverser le Tour d&rsquo;Italie apr\u00e8s son attaque dans le Colle delle Finestre. Wout van Aert avait anticip\u00e9, il \u00e9tait parti en \u00e9claireur dans une fugue de plus de 150 kilom\u00e8tres au sein d&rsquo;un groupe important (l&rsquo;Australien Chris Harper, de cette \u00e9chapp\u00e9e, s&rsquo;est impos\u00e9 en solitaire). Il est parvenu \u00e0 passer le col de la Finestre sans \u00eatre repris. Avant d&rsquo;attendre, dans la descente, Simon Yates. Et de parfaitement le lancer dans la vall\u00e9e vers la mont\u00e9e finale, \u00e0 Sestri\u00e8res. \u00ab\u00a0Il a vraiment \u00e9t\u00e9 pr\u00e9cieux, souffle Simon Yates. J&rsquo;esp\u00e8re pouvoir lui rendre la pareille un jour.\u00a0\u00bb<\/p>\n<p class=\"ap-StoryElement ap-StoryElement--mb ap-StoryText\">Au cours de sa carri\u00e8re, Wout van Aert, qui pourrait se contenter d&rsquo;\u00eatre un leader, n&rsquo;a jamais h\u00e9sit\u00e9 \u00e0 jouer la carte du collectif et l&rsquo;a encore prouv\u00e9 sur ce Tour d&rsquo;Italie. \u00ab\u00a0Simon a fourni un gros effort avec son offensive : j&rsquo;adore quand les gars ne roulent pas pour les places d&rsquo;honneur, comme il l&rsquo;a fait, avec son attaque lointaine pour renverser le Giro\u00a0\u00bb, jubile Wout van Aert.<\/p>\n<p><a href=\"https:\/\/www.dhnet.be\/sports\/cyclisme\/giro\/2025\/05\/31\/carapaz-depite-au-giro-nous-aurions-pu-etre-les-plus-forts-mais-cest-le-plus-intelligent-qui-a-gagne-6Z54A5WSINC7LKNQ4VQNHCFECM\/\" target=\"_blank\" rel=\"noopener noreferrer\" class=\"ap-StoryInterstitialLink ap-StoryElement ap-StoryElement--mb\">La d\u00e9ception de Carapaz sur le Giro<\/a><\/p>\n","protected":false},"excerpt":{"rendered":"guillement Simon a fourni un gros effort avec son offensive : j&rsquo;adore quand les gars ne roulent pas&hellip;\n","protected":false},"author":2,"featured_media":146098,"comment_status":"","ping_status":"","sticky":false,"template":"","format":"standard","meta":{"footnotes":""},"categories":[1411],"tags":[10972,27512,1154,207,1011,27,13074,60,27513,522],"class_list":{"0":"post-146097","1":"post","2":"type-post","3":"status-publish","4":"format-standard","5":"has-post-thumbnail","7":"category-cyclisme","8":"tag-amstel-gold-race","9":"tag-classiques-ardennaises","10":"tag-cycling","11":"tag-cyclisme","12":"tag-fr","13":"tag-france","14":"tag-le-giro-le-tour-ditalie","15":"tag-sports","16":"tag-strade-bianche","17":"tag-tour-des-flandres"},"share_on_mastodon":{"url":"https:\/\/pubeurope.com\/@fr\/114613180542289956","error":""},"_links":{"self":[{"href":"https:\/\/www.europesays.com\/fr\/wp-json\/wp\/v2\/posts\/146097","targetHints":{"allow":["GET"]}}],"collection":[{"href":"https:\/\/www.europesays.com\/fr\/wp-json\/wp\/v2\/posts"}],"about":[{"href":"https:\/\/www.europesays.com\/fr\/wp-json\/wp\/v2\/types\/post"}],"author":[{"embeddable":true,"href":"https:\/\/www.europesays.com\/fr\/wp-json\/wp\/v2\/users\/2"}],"replies":[{"embeddable":true,"href":"https:\/\/www.europesays.com\/fr\/wp-json\/wp\/v2\/comments?post=146097"}],"version-history":[{"count":0,"href":"https:\/\/www.europesays.com\/fr\/wp-json\/wp\/v2\/posts\/146097\/revisions"}],"wp:featuredmedia":[{"embeddable":true,"href":"https:\/\/www.europesays.com\/fr\/wp-json\/wp\/v2\/media\/146098"}],"wp:attachment":[{"href":"https:\/\/www.europesays.com\/fr\/wp-json\/wp\/v2\/media?parent=146097"}],"wp:term":[{"taxonomy":"category","embeddable":true,"href":"https:\/\/www.europesays.com\/fr\/wp-json\/wp\/v2\/categories?post=146097"},{"taxonomy":"post_tag","embeddable":true,"href":"https:\/\/www.europesays.com\/fr\/wp-json\/wp\/v2\/tags?post=146097"}],"curies":[{"name":"wp","href":"https:\/\/api.w.org\/{rel}","templated":true}]}}