{"id":146101,"date":"2025-06-02T09:59:10","date_gmt":"2025-06-02T09:59:10","guid":{"rendered":"https:\/\/www.europesays.com\/fr\/146101\/"},"modified":"2025-06-02T09:59:10","modified_gmt":"2025-06-02T09:59:10","slug":"dieulouard-avec-toute-leur-famille-gerard-et-jeannine-ont-fete-leurs-60-ans-de-mariage","status":"publish","type":"post","link":"https:\/\/www.europesays.com\/fr\/146101\/","title":{"rendered":"Dieulouard. Avec toute leur famille, G\u00e9rard et Jeannine ont f\u00eat\u00e9 leurs 60 ans de mariage"},"content":{"rendered":"<p>Soixante ans de vie commune pour Jeannine et G\u00e9rard\u00a0! Le 20\u00a0ao\u00fbt 1964, Georges Viebat, maire de Morville-sur-Seille, a c\u00e9l\u00e9br\u00e9 le mariage de Jeannine Parisot, jeune fille de 18 ans et de G\u00e9rard Perette, \u00e2g\u00e9 alors de 22 ans. De leur union na\u00eetront deux filles, Isabelle et Catherine. Dans un g\u00eete lou\u00e9 pour l\u2019occasion dans l\u2019Ain, le 24\u00a0mai dernier, le couple a f\u00eat\u00e9 ses noces de diamant entour\u00e9 de leurs enfants, de leurs cinq petits-enfants et de leurs deux arri\u00e8re-petites-filles.<\/p>\n<p>Depuis qu\u2019il est en retraite, G\u00e9rard, ancien salari\u00e9 de la Mine de Saizerais de Dieulouard, cultive son jardin et entretient sa maison dans laquelle il habite depuis plus de 60 ans. Tandis que Jeannine est une grande passionn\u00e9e de tricot. Ensemble, ils parcourent la France \u00e0 v\u00e9lo et sont tr\u00e8s actifs dans les associations scarponaises. G\u00e9rard est un ancien combattant de la guerre d\u2019Alg\u00e9rie. <a href=\"https:\/\/www.estrepublicain.fr\/societe\/2025\/05\/22\/marie-et-yves-lelorain-ont-fete-leurs-noces-d-or\" target=\"_blank\" rel=\"noopener\">Il y a 10 ans aux noces d\u2019Or<\/a> , il proclamait\u00a0: \u00ab\u00a0A dans 10 ans\u00a0\u00bb. \u00c7a y est, c\u2019est fait. Toutes nos f\u00e9licitations.<\/p>\n","protected":false},"excerpt":{"rendered":"Soixante ans de vie commune pour Jeannine et G\u00e9rard\u00a0! Le 20\u00a0ao\u00fbt 1964, Georges Viebat, maire de Morville-sur-Seille, a&hellip;\n","protected":false},"author":2,"featured_media":146102,"comment_status":"","ping_status":"","sticky":false,"template":"","format":"standard","meta":{"footnotes":""},"categories":[1359],"tags":[9223,25396,27514,58,1706,59,1011,27,1930,973,104],"class_list":{"0":"post-146101","1":"post","2":"type-post","3":"status-publish","4":"format-standard","5":"has-post-thumbnail","7":"category-people","8":"tag-carnet-du-jour","9":"tag-cc-du-bassin-de-pont-a-mousson-54c2","10":"tag-dieulouard","11":"tag-divertissement","12":"tag-edition-pont-a-mousson","13":"tag-entertainment","14":"tag-fr","15":"tag-france","16":"tag-mariage","17":"tag-people","18":"tag-societe"},"share_on_mastodon":{"url":"https:\/\/pubeurope.com\/@fr\/114613188225144001","error":""},"_links":{"self":[{"href":"https:\/\/www.europesays.com\/fr\/wp-json\/wp\/v2\/posts\/146101","targetHints":{"allow":["GET"]}}],"collection":[{"href":"https:\/\/www.europesays.com\/fr\/wp-json\/wp\/v2\/posts"}],"about":[{"href":"https:\/\/www.europesays.com\/fr\/wp-json\/wp\/v2\/types\/post"}],"author":[{"embeddable":true,"href":"https:\/\/www.europesays.com\/fr\/wp-json\/wp\/v2\/users\/2"}],"replies":[{"embeddable":true,"href":"https:\/\/www.europesays.com\/fr\/wp-json\/wp\/v2\/comments?post=146101"}],"version-history":[{"count":0,"href":"https:\/\/www.europesays.com\/fr\/wp-json\/wp\/v2\/posts\/146101\/revisions"}],"wp:featuredmedia":[{"embeddable":true,"href":"https:\/\/www.europesays.com\/fr\/wp-json\/wp\/v2\/media\/146102"}],"wp:attachment":[{"href":"https:\/\/www.europesays.com\/fr\/wp-json\/wp\/v2\/media?parent=146101"}],"wp:term":[{"taxonomy":"category","embeddable":true,"href":"https:\/\/www.europesays.com\/fr\/wp-json\/wp\/v2\/categories?post=146101"},{"taxonomy":"post_tag","embeddable":true,"href":"https:\/\/www.europesays.com\/fr\/wp-json\/wp\/v2\/tags?post=146101"}],"curies":[{"name":"wp","href":"https:\/\/api.w.org\/{rel}","templated":true}]}}