{"id":146113,"date":"2025-06-02T10:05:09","date_gmt":"2025-06-02T10:05:09","guid":{"rendered":"https:\/\/www.europesays.com\/fr\/146113\/"},"modified":"2025-06-02T10:05:09","modified_gmt":"2025-06-02T10:05:09","slug":"voici-les-8-problemes-de-sante-que-je-nai-plus-ils-ont-disparu","status":"publish","type":"post","link":"https:\/\/www.europesays.com\/fr\/146113\/","title":{"rendered":"voici les 8 probl\u00e8mes de sant\u00e9 que je n&rsquo;ai plus (ils ont disparu)\u00a0\u00bb"},"content":{"rendered":"<p>\n        Une influenceuse affirme qu&rsquo;elle rencontrait plusieurs probl\u00e8mes de sant\u00e9 et que, en arr\u00eatant de consommer du sucre, elle \u00e9tait parvenue \u00e0 les r\u00e9soudre en seulement 56 jours. Quels sont les conseils qui peuvent nous aider \u00e0 nous aussi gu\u00e9rir ?    <\/p>\n<p class=\"standard\">L&rsquo;Institut national de recherche pour l&rsquo;agriculture, l&rsquo;alimentation et l&rsquo;environnement (INRAE) a d\u00e9j\u00e0 pr\u00e9venu des risques d&rsquo;une consommation importante de <strong><a href=\"https:\/\/www.aufeminin.com\/manger-equilibre\/glycemie-tp198261.html\" target=\"_blank\" rel=\"noopener\">sucre<\/a><\/strong> pour la sant\u00e9, laquelle peut provoquer des d\u00e9r\u00e8glements de l&rsquo;organisme et, plus grave encore, des maladies parfois graves pour certaines d&rsquo;entre elles. Tout en d\u00e9veloppant une r\u00e9flexion sur les liens entre le sucre et le <a href=\"https:\/\/www.aufeminin.com\/sante-femme\/depistage-du-cancer-tp26711.html\" target=\"_blank\" rel=\"noopener\">cancer<\/a>, l&rsquo;organisme gouvernemental rappelle que \u00ab\u00a0l&rsquo;exc\u00e8s de sucre, et notamment de boissons sucr\u00e9es, augmente le risque de carie dentaire, de surpoids et d&rsquo;ob\u00e9sit\u00e9\u00a0\u00bb. Aussi, l&rsquo;abus de sucre serait aussi associ\u00e9 \u00e0 une augmentation du risque de <a href=\"https:\/\/www.aufeminin.com\/sante-femme\/diabete-tp19114.html\" target=\"_blank\" rel=\"noopener\">diab\u00e8te<\/a> de type 2 et de maladies cardiovasculaires\u00a0\u00bb, signifie-t-on, ce que bon nombre de <a href=\"https:\/\/www.aufeminin.com\/manger-equilibre\/les-nutritionnistes-revelent-la-derniere-chose-qu-ils-mangent-et-boivent-avant-de-se-coucher-certaines-sont-etonnantes-s4109985.html\" target=\"_blank\" rel=\"noopener\">nutritionnistes<\/a> et coachs sportifs, ou encore m\u00e9decins de toutes les sp\u00e9cialit\u00e9s, peuvent aussi signifier r\u00e9guli\u00e8rement.<\/p>\n<p>La suite apr\u00e8s cette publicit\u00e9<\/p>\n<p class=\"standard\">Pour autant, et malgr\u00e9 l&rsquo;avis des sp\u00e9cialistes, les t\u00e9moignages permettent de mieux comprendre de fa\u00e7on tr\u00e8s factuelle <strong>comment le sucre peut agir sur notre sant\u00e9 au quotidien<\/strong>. C&rsquo;est pourquoi le r\u00e9cit d&rsquo;une influenceuse a interpell\u00e9 nos confr\u00e8res britanniques de <a href=\"https:\/\/www.getsurrey.co.uk\/news\/health\/stopped-eating-sugar-56-days-31683042\" rel=\"noopener noreferrer nofollow\" target=\"_blank\">Get Surrey<\/a>, r\u00e9flexion qui \u00e0 notre tour nous invite \u00e0 vous informer. Ceux-l\u00e0 ont vite rep\u00e9r\u00e9 les 16,6 millions de vues associ\u00e9es \u00e0 une vid\u00e9o post\u00e9e sur Tik Tok, \u00e9manant d&rsquo;une femme de 23 ans qui souffrait depuis plusieurs ann\u00e9es de <strong>huit probl\u00e8mes de sant\u00e9 tr\u00e8s courants<\/strong> et qui nous ont tous un jour ou l&rsquo;autre imp\u00e2ct\u00e9, \u00e0 savoir des <strong><a href=\"https:\/\/www.aufeminin.com\/sante-femme\/adieu-les-gaz-et-les-ballonnements-voici-4-secrets-de-guerison-des-intestins-selon-un-expert-du-microbiome-s4113899.html\" target=\"_blank\" rel=\"noopener\">ballonnements<\/a><\/strong>, de la<strong> <a href=\"https:\/\/www.aufeminin.com\/sante-femme\/fatigue-tp71.html\" target=\"_blank\" rel=\"noopener\">fatigue<\/a><\/strong>, des<strong> inflammations<\/strong>, des <strong>troubles du sommeil<\/strong>, un <strong><a href=\"https:\/\/www.aufeminin.com\/soins-visage\/correcteur-de-teint-tp29418.html\" target=\"_blank\" rel=\"noopener\">teint terne<\/a><\/strong> ou encore un <strong>manque de concentration<\/strong>. Fatmag\u00fcl Karabacak a fait ce qu&rsquo;on pr\u00e9sente comme un 75 Hard Challenge qui est un programme rigoureux de 75 jours durant lequel on cherche \u00e0 \u00ab\u00a0am\u00e9liorer la r\u00e9silience mentale, la forme physique et l&rsquo;autodiscipline en suivant des directives quotidiennes sp\u00e9cifiques\u00a0\u00bb, pr\u00e9cise-t-on d&rsquo;entr\u00e9e de jeu.<\/p>\n<p>La suite apr\u00e8s cette publicit\u00e9<\/p>\n<p>Changements sur le plan mental et physique<\/p>\n<p class=\"standard\">En parall\u00e8le d&rsquo;un r\u00e9gime alimentaire tr\u00e8s strict, on pr\u00e9conise deux s\u00e9ances d&rsquo;entra\u00eenement par jour, de boire quatre litres d&rsquo;eau, de lire dix pages d&rsquo;un livre de d\u00e9veloppement personnel et de prendre une photo quotidienne de vos progr\u00e8s, \u00ab\u00a0le tout pendant 75 jours cons\u00e9cutifs\u00a0\u00bb. Cette influenceuse affirme avoir constat\u00e9 \u00ab\u00a0des changements incroyables depuis qu&rsquo;elle suit ce r\u00e9gime\u00a0\u00bb. Elle aurait d\u00e9sormais \u00ab\u00a0une peau plus nette, moins de ballonnements, un meilleur sommeil et une meilleure clart\u00e9 mentale\u00a0\u00bb. Et tout cela \u00ab\u00a0gr\u00e2ce \u00e0 l&rsquo;arr\u00eat du sucre\u00a0\u00bb. C&rsquo;est pour elle la \u00ab\u00a0meilleure d\u00e9cision\u00a0\u00bb qu&rsquo;elle estime avoir prise pour son corps, son esprit et sa peau, affirme-t-elle dans cette vid\u00e9o post\u00e9e \u00e0 l&rsquo;issue de sa m\u00e9tamorphose. Au bout de quatre semaines seulement, elle parvient \u00e0 dormir sept \u00e0 neuf heures par nuit. Mais pas seulement ! \u00ab\u00a0Je me sens vraiment repos\u00e9e. J&rsquo;ai perdu plus de cinq kilos, ma peau est plus nette et j&rsquo;ai dit adieu aux ballonnements. Les pantalons dans lesquels je ne rentrais pas avant ? Maintenant, ils sont trop grands !\u00a0\u00bb, affirme-t-elle.<\/p>\n<p>La suite apr\u00e8s cette publicit\u00e9<\/p>\n<p class=\"standard\">Par ailleurs, ces changements profonds ont un impact direct sur son esprit. \u00ab\u00a0<strong>Je me sens tellement mieux mentalement<\/strong>, plus calme, plus sereine et, honn\u00eatement, plus l\u00e9g\u00e8re. Pas seulement dans mon corps, mais aussi dans mon esprit ; j&rsquo;ai l&rsquo;impression d&rsquo;avoir repris le contr\u00f4le\u00a0\u00bb, fait-elle savoir en toute franchise, sans pour autant se sentir frustr\u00e9. \u00ab\u00a0Je ne me limite pas, j&rsquo;\u00e9coute mon corps. Je ne meurs pas de faim et je ne supprime pas de <a href=\"https:\/\/www.aufeminin.com\/manger-equilibre\/glucides-tp123637.html\" target=\"_blank\" rel=\"noopener\">glucides<\/a>, je mange simplement de mani\u00e8re plus intuitive, en nourrissant mon corps avec des aliments qui me font du bien\u00a0\u00bb, ajoute-t-elle sans tourner autour du pot, tout en citant le blanc de poulet avec du houmous et des tranches de pomme, ou les pancakes prot\u00e9in\u00e9s et des coupes de fruits. \u00ab\u00a0C&rsquo;est vraiment d\u00e9licieux, et je n&rsquo;ai jamais l&rsquo;impression de manquer quelque chose\u00a0\u00bb, insiste-t-elle pour rassurer ceux qui veulent bien l&rsquo;entendre.<\/p>\n<p>La suite apr\u00e8s cette publicit\u00e9<\/p>\n<p>Comment r\u00e9duire la consommation de sucre ?<\/p>\n<p class=\"standard\">\u00ab\u00a0Lance-toi ! C&rsquo;est difficile au d\u00e9but, mais \u00e7a en vaut vraiment la peine\u00a0\u00bb, mart\u00e8le Fatmag\u00fcl Karabacak pour faire comprendre que sans motivation il n&rsquo;y aucune r\u00e9ussite possible, et que le plus difficile \u00e0 accomplir \u00e9tait, finalement, de franchir le pas. Et apr\u00e8s seulement <strong>56 jours<\/strong>, son entourage a remarqu\u00e9 un tel changement chez elle, \u00ab\u00a0physiquement et mentalement\u00a0\u00bb, que beaucoup d&rsquo;entre eux ont commenc\u00e9 \u00e0 faire de m\u00eame. \u00ab\u00a0\u00c7a a \u00e9t\u00e9 vraiment sp\u00e9cial\u00a0\u00bb, rapporte-t-elle, somme toute tr\u00e8s logiquement.<\/p>\n<p class=\"standard\"><a href=\"https:\/\/www.santemagazine.fr\/sante\/addictions\/au-sucre\/sevrage-du-sucre-comment-faire-198899\" rel=\"noopener noreferrer nofollow\" target=\"_blank\">Sant\u00e9 Magazine<\/a> donne \u00e9galement plusieurs tips pour parvenir \u00e0 r\u00e9duire drastiquement sa consommation de sucre, le cas \u00e9ch\u00e9ant. \u00ab\u00a0Perdre cette habitude est parfois plus facile \u00e0 dire qu&rsquo;\u00e0 faire\u00a0\u00bb, souligne-t-on \u00e0 ce propos. \u00ab\u00a0Le sucre agit comme une drogue sur notre cerveau, et son \u00e9limination de notre alimentation peut entra\u00eener des effets secondaires d\u00e9sagr\u00e9ables, comme une sensation de fatigue, une irritabilit\u00e9 et des maux de t\u00eate\u00a0\u00bb, peut-on lire, avant de d\u00e9couvrir les solutions propos\u00e9es et que chacun d&rsquo;entre nous peut (progressivement) s&rsquo;administrer proprement. On parle notamment de se contraindre \u00e0 <strong>manger des produits laitiers<\/strong>, <strong>se limiter \u00e0 deux fruits par jour <\/strong>et<strong> vider les placards de certains produits et\/ou aliments<\/strong>, <strong>boire beaucoup plus d&rsquo;eau<\/strong>, <strong>r\u00e9duire le caf\u00e9<\/strong> ou m\u00eame encore <strong>apprendre \u00e0 d\u00e9crypter les \u00e9tiquettes dans les supermarch\u00e9s<\/strong>&#8230; C&rsquo;est donc \u00e0 vous &#8211; et \u00e0 vous seul &#8211; de jouer !<\/p>\n<p>La suite apr\u00e8s cette publicit\u00e9<\/p>\n<p>    <a href=\"https:\/\/www.aufeminin.com\/author\/27225\" target=\"_blank\" rel=\"noopener\"><br \/>\n        <img loading=\"lazy\" decoding=\"async\" src=\"https:\/\/www.europesays.com\/fr\/wp-content\/uploads\/2025\/06\/1125385819_s50.jpg\" width=\"50\" height=\"50\" alt=\"Jonathan Hamard\"\/><br \/>\n    <\/a><\/p>\n<p>            Journaliste\n    <\/p>\n<p>Si \u00e9crire est un plaisir, celui d&rsquo;\u00eatre lu l&rsquo;est plus encore. Passionn\u00e9 de pop-culture, Jonathan donne le tempo dans la bonne tonalit\u00e9 pour vous tenir toujours bien inform\u00e9s. Attir\u00e9 par \u2026<\/p>\n","protected":false},"excerpt":{"rendered":"Une influenceuse affirme qu&rsquo;elle rencontrait plusieurs probl\u00e8mes de sant\u00e9 et que, en arr\u00eatant de consommer du sucre, elle&hellip;\n","protected":false},"author":2,"featured_media":146114,"comment_status":"","ping_status":"","sticky":false,"template":"","format":"standard","meta":{"footnotes":""},"categories":[10],"tags":[19009,258,6575,1011,27,72,26926,14372,71,8755],"class_list":{"0":"post-146113","1":"post","2":"type-post","3":"status-publish","4":"format-standard","5":"has-post-thumbnail","7":"category-sante","8":"tag-actualitu00e9s","9":"tag-alimentation","10":"tag-diabu00e8te","11":"tag-fr","12":"tag-france","13":"tag-health","14":"tag-nutrition-et-santu00e9","15":"tag-ru00e9seaux-sociaux","16":"tag-sante","17":"tag-santu00e9"},"share_on_mastodon":{"url":"https:\/\/pubeurope.com\/@fr\/114613211817358233","error":""},"_links":{"self":[{"href":"https:\/\/www.europesays.com\/fr\/wp-json\/wp\/v2\/posts\/146113","targetHints":{"allow":["GET"]}}],"collection":[{"href":"https:\/\/www.europesays.com\/fr\/wp-json\/wp\/v2\/posts"}],"about":[{"href":"https:\/\/www.europesays.com\/fr\/wp-json\/wp\/v2\/types\/post"}],"author":[{"embeddable":true,"href":"https:\/\/www.europesays.com\/fr\/wp-json\/wp\/v2\/users\/2"}],"replies":[{"embeddable":true,"href":"https:\/\/www.europesays.com\/fr\/wp-json\/wp\/v2\/comments?post=146113"}],"version-history":[{"count":0,"href":"https:\/\/www.europesays.com\/fr\/wp-json\/wp\/v2\/posts\/146113\/revisions"}],"wp:featuredmedia":[{"embeddable":true,"href":"https:\/\/www.europesays.com\/fr\/wp-json\/wp\/v2\/media\/146114"}],"wp:attachment":[{"href":"https:\/\/www.europesays.com\/fr\/wp-json\/wp\/v2\/media?parent=146113"}],"wp:term":[{"taxonomy":"category","embeddable":true,"href":"https:\/\/www.europesays.com\/fr\/wp-json\/wp\/v2\/categories?post=146113"},{"taxonomy":"post_tag","embeddable":true,"href":"https:\/\/www.europesays.com\/fr\/wp-json\/wp\/v2\/tags?post=146113"}],"curies":[{"name":"wp","href":"https:\/\/api.w.org\/{rel}","templated":true}]}}