{"id":146133,"date":"2025-06-02T10:15:11","date_gmt":"2025-06-02T10:15:11","guid":{"rendered":"https:\/\/www.europesays.com\/fr\/146133\/"},"modified":"2025-06-02T10:15:11","modified_gmt":"2025-06-02T10:15:11","slug":"4-laureats-pour-le-concours-de-la-fondation-du-patrimoine-lorraine","status":"publish","type":"post","link":"https:\/\/www.europesays.com\/fr\/146133\/","title":{"rendered":"4 laur\u00e9ats pour le concours de la Fondation du Patrimoine Lorraine"},"content":{"rendered":"<p>La <strong>Fondation du patrimoine Lorraine <\/strong>d\u00e9voile ce lundi 2 juin 2025 les r\u00e9sultats de son premier <strong>concours<\/strong>. Apr\u00e8s deux semaines de vote, plus de <strong>12 400 participations ont \u00e9t\u00e9 enregistr\u00e9es<\/strong> pour d\u00e9partager les sites en comp\u00e9tition et d\u00e9signer <strong>4 laur\u00e9ats<\/strong>.<\/p>\n<p><img fetchpriority=\"high\" decoding=\"async\" width=\"1200\" height=\"800\" src=\"https:\/\/www.europesays.com\/fr\/wp-content\/uploads\/2025\/06\/mosaique-photo-concours-fondation-patrimoine-2025-1200x800.jpg\" alt=\"\" class=\"wp-image-241618\"  \/>Photo des sites en comp\u00e9tition (cr\u00e9dit : Fondation du patrimoine Lorraine). <\/p>\n<p><strong>12 sites lorrains<\/strong> \u00e9taient en comp\u00e9tition du lundi 19 mai au dimanche 1er juin \u00e0 l\u2019occasion du <a href=\"https:\/\/tout-metz.com\/12-monuments-competition-concours-inedit-fondation-patrimoine-lorraine-2025-542354.php#:~:text=12%20monuments%20de%20Lorraine%20seront,de%20la%20presse%20de%20Metz.\" target=\"_blank\" rel=\"noreferrer noopener nofollow\">tout premier concours en ligne de la Fondation du patrimoine Lorraine<\/a>. <strong>Un site a \u00e9t\u00e9 s\u00e9lectionn\u00e9 pour chaque d\u00e9partement lorrain<\/strong> (Moselle, Meurthe-et-Moselle, Vosges, Meuse) afin d\u2019assurer l\u2019\u00e9quit\u00e9 entre les territoires. \u00c0 la cl\u00e9, un<strong> ch\u00e8que de 10 000 \u20ac pour chaque laur\u00e9at<\/strong>.\u00a0<\/p>\n<p>Voici les <strong>4 monuments pl\u00e9biscit\u00e9s <\/strong>(cliquez sur les noms pour acc\u00e9der aux cagnottes) :<\/p>\n<ul class=\"wp-block-list\">\n<li><a href=\"https:\/\/www.fondation-patrimoine.org\/les-projets\/eglise-protestante-de-morhange\/80616\" target=\"_blank\" rel=\"noreferrer noopener nofollow\">L\u2019\u00e9glise protestante de Morhange<\/a> (Moselle) : ferm\u00e9e depuis 2003 \u00e0 la suite d\u2019un effondrement, l\u2019\u00e9glise doit <strong>devenir un espace culturel et artistique<\/strong> ouvert \u00e0 tous \u00e0 la suite d\u2019une restauration int\u00e9grale<\/li>\n<li><a href=\"https:\/\/www.fondation-patrimoine.org\/les-projets\/beffroi-de-la-cathedrale-saint-etienne-de-toul\/77349\" target=\"_blank\" rel=\"noreferrer noopener nofollow\">La cath\u00e9drale Saint-\u00c9tienne de Toul<\/a> (Meurthe-et-Moselle) : la<strong> salle du tr\u00e9sor de la cath\u00e9drale accueillera une exposition de pi\u00e8ces d\u2019orf\u00e8vrerie m\u00e9di\u00e9vale<\/strong> dans le cadre d\u2019une initiative visant \u00e0 valoriser patrimoine <\/li>\n<li><a href=\"https:\/\/www.fondation-patrimoine.org\/les-projets\/premier-chateau-des-princes-de-salm-a-senones\/79049\" target=\"_blank\" rel=\"noreferrer noopener nofollow\">Le ch\u00e2teau des Princes de Salm \u00e0 Senones<\/a> (Vosges) : ch\u00e2teau de la dynastie princi\u00e8re de Salm-Salm, construit en 1754, le ch\u00e2teau est dans un \u00e9tat de p\u00e9ril depuis l\u2019incendie de 1994. D\u2019<strong>importants travaux sont en cours pour sauver le b\u00e2timent<\/strong>, et \u00e0 terme l\u2019inscrire dans un projet de d\u00e9veloppement touristique<\/li>\n<li><a href=\"https:\/\/www.fondation-patrimoine.org\/les-projets\/orgue-de-l-eglise-abbatiale-de-saint-mihiel\/31705\" target=\"_blank\" rel=\"noreferrer noopener nofollow\">L\u2019abbatial Saint-Michel \u00e0 Saint-Mihiel<\/a> (Meuse) : la Fondation du patrimoine Lorraine soutient la <strong>restauration compl\u00e8te de le grand orgue de l\u2019abbatiale<\/strong> Saint-Michel <\/li>\n<\/ul>\n<p>Avec ce premier concours, la <strong>Fondation du patrimoine cherche \u00e0 faire conna\u00eetre les sites qu\u2019elle accompagne<\/strong> tout au long de l\u2019ann\u00e9e. Pour d\u00e9couvrir les projets soutenus dans la r\u00e9gion, il est possible de <a href=\"https:\/\/www.fondation-patrimoine.org\/campagnes\/vote-patrimoine-de-lorraine#projets\" target=\"_blank\" rel=\"noreferrer noopener nofollow\">consulter directement le site de la Fondation en cliquant ici<\/a>. <\/p>\n","protected":false},"excerpt":{"rendered":"La Fondation du patrimoine Lorraine d\u00e9voile ce lundi 2 juin 2025 les r\u00e9sultats de son premier concours. Apr\u00e8s&hellip;\n","protected":false},"author":2,"featured_media":146134,"comment_status":"","ping_status":"","sticky":false,"template":"","format":"standard","meta":{"footnotes":""},"categories":[9635],"tags":[1111,11,21841,1777,674,1011,27,775,937,1702,12,2551,25],"class_list":{"0":"post-146133","1":"post","2":"type-post","3":"status-publish","4":"format-standard","5":"has-post-thumbnail","7":"category-nancy","8":"tag-actu","9":"tag-actualites","10":"tag-concours-bons-plans","11":"tag-eu","12":"tag-europe","13":"tag-fr","14":"tag-france","15":"tag-grand-est","16":"tag-histoire","17":"tag-nancy","18":"tag-news","19":"tag-patrimoine","20":"tag-republique-francaise"},"share_on_mastodon":{"url":"https:\/\/pubeurope.com\/@fr\/114613251216093468","error":""},"_links":{"self":[{"href":"https:\/\/www.europesays.com\/fr\/wp-json\/wp\/v2\/posts\/146133","targetHints":{"allow":["GET"]}}],"collection":[{"href":"https:\/\/www.europesays.com\/fr\/wp-json\/wp\/v2\/posts"}],"about":[{"href":"https:\/\/www.europesays.com\/fr\/wp-json\/wp\/v2\/types\/post"}],"author":[{"embeddable":true,"href":"https:\/\/www.europesays.com\/fr\/wp-json\/wp\/v2\/users\/2"}],"replies":[{"embeddable":true,"href":"https:\/\/www.europesays.com\/fr\/wp-json\/wp\/v2\/comments?post=146133"}],"version-history":[{"count":0,"href":"https:\/\/www.europesays.com\/fr\/wp-json\/wp\/v2\/posts\/146133\/revisions"}],"wp:featuredmedia":[{"embeddable":true,"href":"https:\/\/www.europesays.com\/fr\/wp-json\/wp\/v2\/media\/146134"}],"wp:attachment":[{"href":"https:\/\/www.europesays.com\/fr\/wp-json\/wp\/v2\/media?parent=146133"}],"wp:term":[{"taxonomy":"category","embeddable":true,"href":"https:\/\/www.europesays.com\/fr\/wp-json\/wp\/v2\/categories?post=146133"},{"taxonomy":"post_tag","embeddable":true,"href":"https:\/\/www.europesays.com\/fr\/wp-json\/wp\/v2\/tags?post=146133"}],"curies":[{"name":"wp","href":"https:\/\/api.w.org\/{rel}","templated":true}]}}