{"id":146135,"date":"2025-06-02T10:16:11","date_gmt":"2025-06-02T10:16:11","guid":{"rendered":"https:\/\/www.europesays.com\/fr\/146135\/"},"modified":"2025-06-02T10:16:11","modified_gmt":"2025-06-02T10:16:11","slug":"cette-elue-veut-etendre-linterdiction-aux-guinguettes","status":"publish","type":"post","link":"https:\/\/www.europesays.com\/fr\/146135\/","title":{"rendered":"cette \u00e9lue veut \u00e9tendre l&rsquo;interdiction aux guinguettes"},"content":{"rendered":"<p>            Par<br \/>\n        <strong><br \/>\n            <a href=\"https:\/\/actu.fr\/auteur\/amandine-mehl\" title=\"Consulter tous les articles de Amandine Mehl\" rel=\"nofollow noopener\" target=\"_blank\">Amandine Mehl<\/a><br \/>\n        <\/strong><\/p>\n<p>        Publi\u00e9 le<\/p>\n<p>            2 juin 2025 \u00e0 11h56        <\/p>\n<p>Lors du conseil municipal du 19\u00a0mai 2025, la <strong>Ville de Nancy<\/strong> a franchi un nouveau pas dans sa <strong>lutte contre le <\/strong><a href=\"https:\/\/actu.fr\/tag\/tabac\" rel=\"nofollow noopener\" target=\"_blank\">tabac<\/a> en adoptant la cr\u00e9ation d\u2019une <a href=\"https:\/\/actu.fr\/grand-est\/nancy_54395\/tabac-fumer-une-cigarette-sera-bientot-interdit-dans-cette-zone-a-nancy_62695186.html\" rel=\"nofollow noopener\" target=\"_blank\">nouvelle zone<\/a> o\u00f9 il sera bient\u00f4t <strong>interdit de fumer<\/strong>.<\/p>\n<p class=\" wall-content\">La d\u00e9lib\u00e9ration pr\u00e9sent\u00e9e par <strong>Marc Tenenbaum<\/strong>, adjoint d\u00e9l\u00e9gu\u00e9 au territoire ouest et \u00e0 la sant\u00e9, a \u00e9t\u00e9 accueillie favorablement par l\u2019opposition. Cependant, <strong>Malika Dati<\/strong>, membre du groupe Nancy Positive, aimerait que la Ville <strong>aille encore plus loin<\/strong>.<\/p>\n<p>Interdire la cigarette dans les guinguettes \u00e0 Nancy\u2009?<\/p>\n<p class=\" wall-content\">Apr\u00e8s avoir annonc\u00e9 que le <strong>vote<\/strong> de l\u2019opposition serait <strong>favorable<\/strong>, Mme Dati a profit\u00e9 de cette d\u00e9lib\u00e9ration pour <strong>r\u00e9it\u00e9rer une demande d\u00e9j\u00e0 exprim\u00e9e<\/strong> en conseil municipal\u2009: l\u2019<strong>int\u00e9gration<\/strong> des <strong>guinguettes<\/strong> dans la liste des espaces sans <a href=\"https:\/\/actu.fr\/grand-est\/nancy_54395\/plan-de-lutte-contre-le-tabac-ou-sera-t-il-encore-possible-de-fumer-a-nancy_61125368.html\" rel=\"nofollow noopener\" target=\"_blank\">tabac<\/a>.<\/p>\n<blockquote class=\"ac-article-quote wall-content\">\n<p>Les guinguettes sont des lieux conviviaux, festifs, qui sont largement fr\u00e9quent\u00e9s par des familles avec enfants. Il serait donc difficilement compr\u00e9hensible, pour ne pas dire incoh\u00e9rent, que ces espaces \u00e9chappent \u00e0 la logique de sant\u00e9 publique que nous d\u00e9ployons.<\/p>\n<p>    <strong>Malika Dati<\/strong><br \/>\n        Membre de l&rsquo;opposition au sein du groupe Nancy Positive    <\/p><\/blockquote>\n<p class=\" wall-content\">\u00ab\u2009D\u2019ailleurs, vous le rappelez dans la d\u00e9lib\u00e9ration, dans les espaces ext\u00e9rieurs o\u00f9 se m\u00ealent fumeurs et non fumeurs, jeunes, enfants, personnes fragiles et femmes enceintes, <strong>c\u2019est la convivialit\u00e9 qui prime<\/strong>. Si l\u2019on peut s\u2019amuser en meilleure sant\u00e9, c\u2019est encore mieux\u2009!\u2009\u00bb, a-t-elle ajout\u00e9.<\/p>\n<p>Vid\u00e9os : en ce moment sur ActuMalika Dati pointe la cigarette en terrasse \u00e0 Nancy<\/p>\n<p class=\" wall-content\">\u00c0 ce sujet, l\u2019adjoint d\u00e9l\u00e9gu\u00e9 \u00e0 la sant\u00e9 a affirm\u00e9 qu\u2019il s\u2019agit d\u2019une question qui revient r\u00e9guli\u00e8rement. \u00ab\u2009On est en train d\u2019\u00e9tudier pour <strong>cr\u00e9er des lieux d\u00e9di\u00e9s aux fumeurs<\/strong>, \u00e0 distance des autres personnes. Pour l\u2019instant, la d\u00e9cision <strong>n\u2019a pas \u00e9t\u00e9 prise<\/strong> d\u2019interdire compl\u00e8tement le tabac\u2009\u00bb concernant les guinguettes.<\/p>\n<p class=\" wall-content\">Malika Dati ne s\u2019est pas arr\u00eat\u00e9e l\u00e0 puisqu\u2019elle a \u00e9galement \u00e9voqu\u00e9 le cas des <strong>terrasses<\/strong> et la <strong>n\u00e9cessit\u00e9 d\u2019engager un travail avec les cafetiers<\/strong>, citant une application qui recense les endroits o\u00f9 il est interdit de fumer une cigarette. \u00ab\u2009Peut-\u00eatre que ce mouvement peut aussi \u00eatre initi\u00e9 par la Ville de Nancy, comme d\u2019autres communes, en travaillant avec les cafetiers <strong>sans forc\u00e9ment \u00eatre coercitifs<\/strong>\u2009\u00bb.<\/p>\n<p class=\" wall-content\">Alors que Mathieu Klein a invit\u00e9 les deux \u00e9lus \u00e0 travailler ensemble sur ce dossier, Marc Tenenbaum a assur\u00e9 qu\u2019un travail \u00e9tait en cours \u00ab\u2009avec certaines personnes pr\u00eates \u00e0 <strong>modifier leur terrasse<\/strong>\u2009\u00bb.<\/p>\n<p class=\" wall-content\">Suivez toute l\u2019actualit\u00e9 de vos villes et m\u00e9dias favoris en vous inscrivant \u00e0 <a href=\"https:\/\/moncompte.actu.fr\" title=\"D\u00e9couvez Mon Actu\" rel=\"nofollow noopener\" data-trk=\"{&quot;cta&quot;:{&quot;action&quot;:&quot;https:\\\/\\\/moncompte.actu.fr&quot;,&quot;category&quot;:&quot;mon compte&quot;,&quot;from&quot;:&quot;article footer&quot;,&quot;name&quot;:&quot;Mon actu&quot;,&quot;type&quot;:&quot;cta&quot;}}\" target=\"_blank\">Mon Actu<\/a>.<\/p>\n","protected":false},"excerpt":{"rendered":"Par Amandine Mehl Publi\u00e9 le 2 juin 2025 \u00e0 11h56 Lors du conseil municipal du 19\u00a0mai 2025, la&hellip;\n","protected":false},"author":2,"featured_media":146136,"comment_status":"","ping_status":"","sticky":false,"template":"","format":"standard","meta":{"footnotes":""},"categories":[9635],"tags":[1111,11,1777,674,1011,27,775,1702,12,25,71,104,6582],"class_list":{"0":"post-146135","1":"post","2":"type-post","3":"status-publish","4":"format-standard","5":"has-post-thumbnail","7":"category-nancy","8":"tag-actu","9":"tag-actualites","10":"tag-eu","11":"tag-europe","12":"tag-fr","13":"tag-france","14":"tag-grand-est","15":"tag-nancy","16":"tag-news","17":"tag-republique-francaise","18":"tag-sante","19":"tag-societe","20":"tag-tabac"},"share_on_mastodon":{"url":"https:\/\/pubeurope.com\/@fr\/114613255160384588","error":""},"_links":{"self":[{"href":"https:\/\/www.europesays.com\/fr\/wp-json\/wp\/v2\/posts\/146135","targetHints":{"allow":["GET"]}}],"collection":[{"href":"https:\/\/www.europesays.com\/fr\/wp-json\/wp\/v2\/posts"}],"about":[{"href":"https:\/\/www.europesays.com\/fr\/wp-json\/wp\/v2\/types\/post"}],"author":[{"embeddable":true,"href":"https:\/\/www.europesays.com\/fr\/wp-json\/wp\/v2\/users\/2"}],"replies":[{"embeddable":true,"href":"https:\/\/www.europesays.com\/fr\/wp-json\/wp\/v2\/comments?post=146135"}],"version-history":[{"count":0,"href":"https:\/\/www.europesays.com\/fr\/wp-json\/wp\/v2\/posts\/146135\/revisions"}],"wp:featuredmedia":[{"embeddable":true,"href":"https:\/\/www.europesays.com\/fr\/wp-json\/wp\/v2\/media\/146136"}],"wp:attachment":[{"href":"https:\/\/www.europesays.com\/fr\/wp-json\/wp\/v2\/media?parent=146135"}],"wp:term":[{"taxonomy":"category","embeddable":true,"href":"https:\/\/www.europesays.com\/fr\/wp-json\/wp\/v2\/categories?post=146135"},{"taxonomy":"post_tag","embeddable":true,"href":"https:\/\/www.europesays.com\/fr\/wp-json\/wp\/v2\/tags?post=146135"}],"curies":[{"name":"wp","href":"https:\/\/api.w.org\/{rel}","templated":true}]}}