{"id":146137,"date":"2025-06-02T10:17:08","date_gmt":"2025-06-02T10:17:08","guid":{"rendered":"https:\/\/www.europesays.com\/fr\/146137\/"},"modified":"2025-06-02T10:17:08","modified_gmt":"2025-06-02T10:17:08","slug":"transfert-toulon-annonce-le-depart-de-10-joueurs-mais-pas-ceux-divaldi-et-sinzelle","status":"publish","type":"post","link":"https:\/\/www.europesays.com\/fr\/146137\/","title":{"rendered":"Transfert. Toulon annonce le d\u00e9part de 10 joueurs, mais pas ceux d&rsquo;Ivaldi et Sinzelle"},"content":{"rendered":"<p>            Par<br \/>\n        <strong><br \/>\n            <a href=\"https:\/\/actu.fr\/auteur\/nathan-heuillet\" title=\"Consulter tous les articles de Nathan Heuillet\" rel=\"nofollow noopener\" target=\"_blank\">Nathan Heuillet<\/a><br \/>\n        <\/strong><\/p>\n<p>        Publi\u00e9 le<\/p>\n<p>            2 juin 2025 \u00e0 11h58        <\/p>\n<p>C\u2019est la tradition : lors du dernier match de la saison \u00e0 domicile, les joueurs partants sont mis \u00e0 l\u2019honneur devant le public local. <a href=\"https:\/\/actu.fr\/rugby\/equipe\/toulon_64dd31547b8c09c4fec881a2\/\" rel=\"nofollow noopener\" target=\"_blank\">Toulon<\/a> n\u2019a pas d\u00e9rog\u00e9 \u00e0 la r\u00e8gle dimanche 1er juin, quelques minutes apr\u00e8s sa victoire contre Bordeaux (27-10) en conclusion de la <a href=\"https:\/\/actu.fr\/sports\/rugby\/top-14\/le-stade-francais-explose-montpellier-douche-le-racing-92-resultats-et-debrief-de-la-25e-journee-de-top-14_62712168.html\" rel=\"nofollow noopener\" target=\"_blank\">25e journ\u00e9e de Top 14<\/a>.<\/p>\n<p>Toulon : 10 joueurs quittent le club<\/p>\n<p class=\" wall-content\">Devant le public de Mayol, 10 d\u00e9parts ont \u00e9t\u00e9 officialis\u00e9s : Matt\u00e9o Le Corvec, Duncan Paia\u2019aua, Emerick Setiano, Facundo Isa, Selevasio Tolofua, Jiuta Wainiqolo, Jules Danglot, Leicester Fainga\u2019anuku, Dan Biggar et Ma\u2019a Nonu.\u00a0<\/p>\n<p class=\" wall-content\">\u00c0 Toulon, les anciens ne partent jamais bien loin. Le staff, d\u00e9j\u00e0 riche en ex-joueurs comme Mathieu Bastareaud (team manager), Sergio Parisse (entra\u00eeneur de la touche), Rudi Wulf (responsable du centre de formation) ou encore Pierre Mignoni (manager), entre autres, pourrait voir deux nouveaux candidats de renom int\u00e9grer l\u2019institution.<\/p>\n<p>Micka\u00ebl Ivaldi et J\u00e9r\u00e9my Sinzelle : quel avenir ?<\/p>\n<p class=\" wall-content\">Tous les deux en fin de contrat, J\u00e9r\u00e9my Sinzelle et Micka\u00ebl Ivaldi n\u2019ont pourtant pas fait l\u2019objet de c\u00e9l\u00e9bration lors de cette traditionnelle c\u00e9r\u00e9monie de fin de saison. Tous deux \u00e2g\u00e9s de 35 ans, ils pourraient donc rempiler avec le club varois la saison prochaine.<\/p>\n<p class=\" wall-content\">Arriv\u00e9 cette saison \u00e0 Toulon, Micka\u00ebl Ivaldi a particip\u00e9 \u00e0 18 matchs toutes comp\u00e9titions confondues, dont 5 en tant que titulaire. En raison d\u2019une h\u00e9catombe de blessures au centre de son attaque, l\u2019ancien Rochelais J\u00e9r\u00e9my Sinzelle a, quant \u00e0 lui, particip\u00e9 \u00e0 25 matchs toutes comp\u00e9titions confondues, titulaire la plupart du temps.\u00a0Un dernier tour de piste semble envisageable pour ces deux hommes.<\/p>\n<p>Vid\u00e9os : en ce moment sur Actu<\/p>\n<p class=\" wall-content\">Du c\u00f4t\u00e9 des arriv\u00e9es, Toulon se renforce avec les signatures des 3e ligne Zach Mercer et Patrick Tuifua, du demi de m\u00eal\u00e9e Clovis Le Bail, de l\u2019ouvreur Mat\u00e9o Garcia, du centre italien Juan Ignacio Brex, ou encore du jeune et polyvalent 3\/4 Mathis Fert\u00e9.<\/p>\n<p class=\" wall-content\">Suivez toute l\u2019actualit\u00e9 de vos villes et m\u00e9dias favoris en vous inscrivant \u00e0 <a href=\"https:\/\/moncompte.actu.fr\" title=\"D\u00e9couvez Mon Actu\" rel=\"nofollow noopener\" data-trk=\"{&quot;cta&quot;:{&quot;action&quot;:&quot;https:\\\/\\\/moncompte.actu.fr&quot;,&quot;category&quot;:&quot;mon compte&quot;,&quot;from&quot;:&quot;article footer&quot;,&quot;name&quot;:&quot;Mon actu&quot;,&quot;type&quot;:&quot;cta&quot;}}\" target=\"_blank\">Mon Actu<\/a>.<\/p>\n<ul class=\"ac-article-tag wall-content\">\n<li><a href=\"https:\/\/actu.fr\/tag\/rct-rugby-club-toulonnais\" data-trk=\"{&quot;cta&quot;:{&quot;action&quot;:&quot;RCT Rugby club toulonnais&quot;,&quot;category&quot;:&quot;tag&quot;,&quot;from&quot;:&quot;article footer&quot;,&quot;name&quot;:&quot;RCT Rugby club toulonnais&quot;,&quot;type&quot;:&quot;cta&quot;}}\" rel=\"nofollow noopener\" target=\"_blank\">#RCT Rugby club toulonnais<\/a><\/li>\n<li><a href=\"https:\/\/actu.fr\/tag\/transferts-rugby\" data-trk=\"{&quot;cta&quot;:{&quot;action&quot;:&quot;Transferts rugby&quot;,&quot;category&quot;:&quot;tag&quot;,&quot;from&quot;:&quot;article footer&quot;,&quot;name&quot;:&quot;Transferts rugby&quot;,&quot;type&quot;:&quot;cta&quot;}}\" rel=\"nofollow noopener\" target=\"_blank\">#Transferts rugby<\/a><\/li>\n<\/ul>\n","protected":false},"excerpt":{"rendered":"Par Nathan Heuillet Publi\u00e9 le 2 juin 2025 \u00e0 11h58 C\u2019est la tradition : lors du dernier match&hellip;\n","protected":false},"author":2,"featured_media":146138,"comment_status":"","ping_status":"","sticky":false,"template":"","format":"standard","meta":{"footnotes":""},"categories":[9619],"tags":[1111,11,1777,674,1011,27,12,882,6717,25,479,60,478,2310,477],"class_list":{"0":"post-146137","1":"post","2":"type-post","3":"status-publish","4":"format-standard","5":"has-post-thumbnail","7":"category-toulon","8":"tag-actu","9":"tag-actualites","10":"tag-eu","11":"tag-europe","12":"tag-fr","13":"tag-france","14":"tag-news","15":"tag-provence-alpes-cote-dazur","16":"tag-rct-rugby-club-toulonnais","17":"tag-republique-francaise","18":"tag-rugby","19":"tag-sports","20":"tag-top-14","21":"tag-toulon","22":"tag-transferts-rugby"},"share_on_mastodon":{"url":"https:\/\/pubeurope.com\/@fr\/114613259050514246","error":""},"_links":{"self":[{"href":"https:\/\/www.europesays.com\/fr\/wp-json\/wp\/v2\/posts\/146137","targetHints":{"allow":["GET"]}}],"collection":[{"href":"https:\/\/www.europesays.com\/fr\/wp-json\/wp\/v2\/posts"}],"about":[{"href":"https:\/\/www.europesays.com\/fr\/wp-json\/wp\/v2\/types\/post"}],"author":[{"embeddable":true,"href":"https:\/\/www.europesays.com\/fr\/wp-json\/wp\/v2\/users\/2"}],"replies":[{"embeddable":true,"href":"https:\/\/www.europesays.com\/fr\/wp-json\/wp\/v2\/comments?post=146137"}],"version-history":[{"count":0,"href":"https:\/\/www.europesays.com\/fr\/wp-json\/wp\/v2\/posts\/146137\/revisions"}],"wp:featuredmedia":[{"embeddable":true,"href":"https:\/\/www.europesays.com\/fr\/wp-json\/wp\/v2\/media\/146138"}],"wp:attachment":[{"href":"https:\/\/www.europesays.com\/fr\/wp-json\/wp\/v2\/media?parent=146137"}],"wp:term":[{"taxonomy":"category","embeddable":true,"href":"https:\/\/www.europesays.com\/fr\/wp-json\/wp\/v2\/categories?post=146137"},{"taxonomy":"post_tag","embeddable":true,"href":"https:\/\/www.europesays.com\/fr\/wp-json\/wp\/v2\/tags?post=146137"}],"curies":[{"name":"wp","href":"https:\/\/api.w.org\/{rel}","templated":true}]}}