{"id":146145,"date":"2025-06-02T10:21:10","date_gmt":"2025-06-02T10:21:10","guid":{"rendered":"https:\/\/www.europesays.com\/fr\/146145\/"},"modified":"2025-06-02T10:21:10","modified_gmt":"2025-06-02T10:21:10","slug":"interpelle-a-rouen-en-plein-rodeo-urbain-avec-deux-enfants-de-9-et-13-ans-a-larriere-de-la-voiture","status":"publish","type":"post","link":"https:\/\/www.europesays.com\/fr\/146145\/","title":{"rendered":"Interpell\u00e9 \u00e0 Rouen en plein rod\u00e9o urbain&#8230; avec deux enfants de 9 et 13 ans \u00e0 l&rsquo;arri\u00e8re de la voiture"},"content":{"rendered":"<p>            Par<br \/>\n        <strong><br \/>\n            <a href=\"https:\/\/actu.fr\/auteur\/eaube\" title=\"Consulter tous les articles de Elo\u00efse Aub\u00e9\" target=\"_blank\" rel=\"noopener\">Elo\u00efse Aub\u00e9<\/a><br \/>\n        <\/strong><\/p>\n<p>        Publi\u00e9 le<\/p>\n<p>            2 juin 2025 \u00e0 11h39        <\/p>\n<p>Nouveau <a href=\"https:\/\/actu.fr\/normandie\/le-havre_76351\/au-havre-ils-faisaient-n-importe-quoi-sur-leur-motocross-mais-la-malchance-et-la-police-les-ont-rattrapes_62707184.html\" target=\"_blank\" rel=\"noopener\">rod\u00e9o urbain<\/a> en Seine-Maritime, cette fois-ci \u00e0 <a href=\"https:\/\/actu.fr\/normandie\/rouen_76540\" target=\"_blank\" rel=\"noopener\">Rouen<\/a>. Dimanche 1er\u00a0juin 2025, \u00e0 23\u2009h\u200920, la police est alert\u00e9e d\u2019un <strong>rod\u00e9o urbain<\/strong> rue Lethuillier-Pinel. Une fois sur place, les forces de l\u2019ordre constatent que la voiture est arr\u00eat\u00e9e en plein milieu de la voie \u00ab\u2009le moteur tournant avec de la fum\u00e9e blanche qui s\u2019\u00e9chappe de l\u2019arri\u00e8re du v\u00e9hicule\u2009\u00bb, pr\u00e9cise une source judiciaire.<\/p>\n<p class=\" wall-content\">Et ce n\u2019est pas tout.<\/p>\n<p>Deux enfants \u00e0 l\u2019arri\u00e8re de la voiture<\/p>\n<p class=\" wall-content\">En s\u2019approchant du v\u00e9hicule, la police voit trois personnes \u00e0 l\u2019int\u00e9rieur. <strong>Un homme \u00e2g\u00e9 de 35\u00a0ans et deux enfants de 9 et 13\u00a0ans.<\/strong><\/p>\n<p class=\" wall-content\">Entre les faits, un t\u00e9moin a indiqu\u00e9 avoir vu le conducteur avec \u00ab\u2009un pistolet \u00e0 la main\u2009\u00bb. Et c\u2019est d\u2019ailleurs ce que d\u00e9couvrent les policiers sur le si\u00e8ge avant du v\u00e9hicule\u2009: <strong>une arme de poing et un couteau.<\/strong><\/p>\n<p class=\" wall-content\">Manifestement ivre, le conducteur est aussit\u00f4t interpell\u00e9 et plac\u00e9 en garde \u00e0 vue. Quant aux deux enfants, ils ont \u00e9t\u00e9 remis \u00e0 leur m\u00e8re.<\/p>\n<p>Vid\u00e9os : en ce moment sur Actu<\/p>\n<p class=\" wall-content\">Suivez toute l\u2019actualit\u00e9 de vos villes et m\u00e9dias favoris en vous inscrivant \u00e0 <a href=\"https:\/\/moncompte.actu.fr\" title=\"D\u00e9couvez Mon Actu\" rel=\"nofollow noopener\" data-trk=\"{&quot;cta&quot;:{&quot;action&quot;:&quot;https:\\\/\\\/moncompte.actu.fr&quot;,&quot;category&quot;:&quot;mon compte&quot;,&quot;from&quot;:&quot;article footer&quot;,&quot;name&quot;:&quot;Mon actu&quot;,&quot;type&quot;:&quot;cta&quot;}}\" target=\"_blank\">Mon Actu<\/a>.<\/p>\n","protected":false},"excerpt":{"rendered":"Par Elo\u00efse Aub\u00e9 Publi\u00e9 le 2 juin 2025 \u00e0 11h39 Nouveau rod\u00e9o urbain en Seine-Maritime, cette fois-ci \u00e0&hellip;\n","protected":false},"author":2,"featured_media":146146,"comment_status":"","ping_status":"","sticky":false,"template":"","format":"standard","meta":{"footnotes":""},"categories":[9587],"tags":[1111,11,1719,1777,674,118,1011,27,12,5161,1072,25,5575,9590],"class_list":{"0":"post-146145","1":"post","2":"type-post","3":"status-publish","4":"format-standard","5":"has-post-thumbnail","7":"category-rouen","8":"tag-actu","9":"tag-actualites","10":"tag-enfants","11":"tag-eu","12":"tag-europe","13":"tag-faits-divers","14":"tag-fr","15":"tag-france","16":"tag-news","17":"tag-normandie","18":"tag-police","19":"tag-republique-francaise","20":"tag-rodeos-urbains","21":"tag-rouen"},"share_on_mastodon":{"url":"https:\/\/pubeurope.com\/@fr\/114613274869508083","error":""},"_links":{"self":[{"href":"https:\/\/www.europesays.com\/fr\/wp-json\/wp\/v2\/posts\/146145","targetHints":{"allow":["GET"]}}],"collection":[{"href":"https:\/\/www.europesays.com\/fr\/wp-json\/wp\/v2\/posts"}],"about":[{"href":"https:\/\/www.europesays.com\/fr\/wp-json\/wp\/v2\/types\/post"}],"author":[{"embeddable":true,"href":"https:\/\/www.europesays.com\/fr\/wp-json\/wp\/v2\/users\/2"}],"replies":[{"embeddable":true,"href":"https:\/\/www.europesays.com\/fr\/wp-json\/wp\/v2\/comments?post=146145"}],"version-history":[{"count":0,"href":"https:\/\/www.europesays.com\/fr\/wp-json\/wp\/v2\/posts\/146145\/revisions"}],"wp:featuredmedia":[{"embeddable":true,"href":"https:\/\/www.europesays.com\/fr\/wp-json\/wp\/v2\/media\/146146"}],"wp:attachment":[{"href":"https:\/\/www.europesays.com\/fr\/wp-json\/wp\/v2\/media?parent=146145"}],"wp:term":[{"taxonomy":"category","embeddable":true,"href":"https:\/\/www.europesays.com\/fr\/wp-json\/wp\/v2\/categories?post=146145"},{"taxonomy":"post_tag","embeddable":true,"href":"https:\/\/www.europesays.com\/fr\/wp-json\/wp\/v2\/tags?post=146145"}],"curies":[{"name":"wp","href":"https:\/\/api.w.org\/{rel}","templated":true}]}}