{"id":146153,"date":"2025-06-02T10:27:23","date_gmt":"2025-06-02T10:27:23","guid":{"rendered":"https:\/\/www.europesays.com\/fr\/146153\/"},"modified":"2025-06-02T10:27:23","modified_gmt":"2025-06-02T10:27:23","slug":"dans-le-parc-du-thabor-a-rennes-francois-se-donne-le-defi-de-courir-100-km","status":"publish","type":"post","link":"https:\/\/www.europesays.com\/fr\/146153\/","title":{"rendered":"dans le parc du Thabor \u00e0 Rennes, Fran\u00e7ois se donne le d\u00e9fi de courir\u2026 100 km"},"content":{"rendered":"<p>            Par<br \/>\n        <strong><br \/>\n            <a href=\"https:\/\/actu.fr\/auteur\/laurene-fertin\" title=\"Consulter tous les articles de Laur\u00e8ne Fertin\" target=\"_blank\" rel=\"noopener\">Laur\u00e8ne Fertin<\/a><br \/>\n        <\/strong><\/p>\n<p>        Publi\u00e9 le<\/p>\n<p>            2 juin 2025 \u00e0 10h44        <\/p>\n<p><strong>7h<\/strong>, ce lundi 2\u00a0juin 2025. Fran\u00e7ois a mis son d\u00e9bardeur, son short, sa casquette et ses chaussures de running pour <strong>un \u00ab\u2009petit\u2009\u00bb d\u00e9fi<\/strong> qu\u2019il sera en mesure de finir, \u00ab\u2009si tout va bien\u2009\u00bb, \u00e0 la fermeture du parc du Tabor \u00e0 Rennes, ce soir. <strong>Toute la journ\u00e9e<\/strong>, le jeune homme de 28\u00a0ans va s\u2019efforcer de courir <strong>100\u00a0km<\/strong> dans le parc en r\u00e9alisant <strong>des boucles.<\/strong> Pourquoi\u2009? \u00ab\u2009Parce que \u00e7a me fait du bien, sourit le runner. Avant de courir, j\u2019\u00e9tais <strong>en cure de d\u00e9sintox<\/strong>. La course m\u2019aide beaucoup.\u2009\u00bb<\/p>\n<p>Un soutien familial<\/p>\n<p class=\" wall-content\">Au petit matin ce lundi, <strong>son p\u00e8re, Johann<\/strong>, est venu le soutenir pour le top d\u00e9part de la course. \u00ab<strong>\u2009Ma m\u00e8re<\/strong> va me rejoindre pour courir un bout avec moi\u2009\u00bb, raconte Fran\u00e7ois, qui grelotte un peu devant les grilles, en attendant que le parc ouvre \u00e0 7h30. \u00ab\u2009Je n\u2019ai pas pu l\u2019en dissuader (rires). Mais elle dort l\u00e0, je ne voulais pas qu\u2019elle se l\u00e8ve si t\u00f4t\u2009!\u2009\u00bb<\/p>\n<p class=\" wall-content\"><strong>D\u2019anciens coll\u00e8gues<\/strong> vont aussi passer le voir dans l\u2019apr\u00e8s-midi, histoire de faire coucou\u2026 \u00ab\u2009et se foutre un peu de moi\u2009\u00bb, rit Fran\u00e7ois.<\/p>\n<blockquote class=\"ac-article-quote wall-content\">\n<p>Courir au parc du Thabor 100 km, c&rsquo;est in\u00e9dit, c&rsquo;est du jamais-vu. C&rsquo;est un peu \u00ab\u00a0my time to shine\u00a0\u00bb ! [Mon moment de gloire, N.D.L.R].<\/p>\n<p>    <strong>Fran\u00e7ois Le Moigne<\/strong>\n            <\/p><\/blockquote>\n<p class=\" wall-content\">Un moment de gloire pour Fran\u00e7ois qui a <strong>d\u00e9but\u00e9 tardivement<\/strong> la course \u00e0 pied et qui, en ajoutant des kilom\u00e8tres \u00e0 son compteur, aime relever <strong>des d\u00e9fis personnels.<\/strong><\/p>\n<p>\u00ab\u2009Un petit nouveau\u2009\u00bb<\/p>\n<p class=\" wall-content\">\u00ab\u2009Je suis <strong>un petit nouveau<\/strong> dans la course \u00e0 pied, raconte le jeune homme de 28\u00a0ans, suivi par un coach.\u2009Cela fait deux ans que je cours s\u00e9rieusement.\u2009\u00bb<\/p>\n<blockquote class=\"ac-article-quote wall-content\">\n<p>J&rsquo;ai commenc\u00e9 par faire de la route, puis des semi-marathons puis des marathons &#8211; notamment celui de Rennes. Je suis ensuite pass\u00e9 par des trails car on sait, quand l&rsquo;on est un coureur, que l&rsquo;on a une plus longue long\u00e9vit\u00e9 dans notre sport quand on pratique le trail que la route. <\/p>\n<p>    <strong>Fran\u00e7ois Le Moigne<\/strong>\n            <\/p><\/blockquote>\n<p>    <img   decoding=\"async\" loading=\"lazy\" src=\"https:\/\/www.europesays.com\/fr\/wp-content\/uploads\/2025\/06\/francois-le-moigne-defi-rennes-thabor-100-km-2-960x640.jpg\" alt=\"xxxx\" width=\"960\" height=\"640\"\/><br \/>\n    Le runner a d\u00e9but\u00e9 sa course vers 7h30, ce lundi 2\u00a0juin 2025, dans le parc du Thabor. (\u00a9Laur\u00e8ne Fertin \u2013 actu Rennes)<\/p>\n<p class=\" wall-content\">Les tr\u00e8s longues distances, \u00e7a le conna\u00eet, alors 100\u00a0km, c\u2019est presque une partie de plaisir\u2026 \u00ab\u2009Je vais r\u00e9aliser<strong> une premi\u00e8re boucle d\u2019un kilom\u00e8tre<\/strong> dans la matin\u00e9e, sans d\u00e9nivel\u00e9. Ensuite, je ferai <strong>une pause<\/strong> vers midi de 15\u00a0minutes, histoire de manger et de boire. Je reprendrai ensuite, toute l\u2019apr\u00e8s-midi, avec <strong>une boucle de 1,5 kilom\u00e8tre<\/strong> avec <strong>du<\/strong>\u00a0<strong>d\u00e9nivel\u00e9.\u2009\u00bb <\/strong>Au total, \u00ab\u20094\u00a0fois 25 boucles\u2009\u00bb, 100\u00a0km.<\/p>\n<p>Un \u00ab\u2009regain d\u2019amour-propre\u2009\u00bb<\/p>\n<p class=\" wall-content\">Courir, c\u2019est une forme de <strong>r\u00e9demption<\/strong> pour <strong>l\u2019ancien malade alcoolique<\/strong>. \u00ab\u2009J\u2019ai un pass\u00e9 sombre, d\u00e9veloppe Fran\u00e7ois.\u2009J\u2019ai beaucoup bu, je suis partie en cure de <strong>d\u00e9sintoxication<\/strong> pendant <strong>sept semaines<\/strong> \u00e0 Pont-P\u00e9an \u00e0 la Clinique Phila\u00e9.\u2009\u00bb<\/p>\n<blockquote class=\"ac-article-quote wall-content\">\n<p>En th\u00e9rapie, il n&rsquo;y avait pas grand-chose \u00e0 faire. On avait des v\u00eatements de sport. J&rsquo;ai commenc\u00e9 \u00e0 courir sur le terrain vague. \u00c7a m&rsquo;a fait beaucoup de bien.<\/p>\n<p>    <strong>Fran\u00e7ois Le Moigne<\/strong>\n            <\/p><\/blockquote>\n<p class=\" wall-content\"><a href=\"https:\/\/www.instagram.com\/p\/DEQKfW3NLMC\/embed\" title=\"Ouvrir le lien sur Instagram\" target=\"_blank\" rel=\"noopener\">Visualiser le contenu sur Instagram<\/a><\/p>\n<p class=\" wall-content\">Encha\u00eener les kilom\u00e8tres, Fran\u00e7ois le reconna\u00eet, c\u2019est aussi pratiquer<strong> le sport \u00e0 l\u2019exc\u00e8s<\/strong>, comme il a pu \u00ab\u2009boire \u00e0 l\u2019exc\u00e8s\u2009\u00bb. \u00ab\u2009Il y a des personnes comme \u00e7a, sourit-il. Le sport, en tout cas, m\u2019aide \u00e0 ne plus penser \u00e0 l\u2019alcool.\u2009\u00bb<\/p>\n<p class=\" wall-content\">Fran\u00e7ois a d\u00e9j\u00e0 pu <strong>se blesser<\/strong> \u2013 une p\u00e9riostite (une inflammation du p\u00e9rioste, le tissu entourant le tibia) au tout d\u00e9but de ses entra\u00eenements puis le syndrome de l\u2019essuie-glace (une inflammation touchant le genou). \u00ab\u2009Mais j\u2019ai jamais abandonn\u00e9 une course\u2009\u00bb, glisse Fran\u00e7ois.<\/p>\n<p class=\" wall-content\">Et visiblement, ce n\u2019est pas aujourd\u2019hui que cela va arriver\u2026 \u00ab\u2009J\u2019ai <strong>13\u00a0heures devant moi<\/strong> pour relever le d\u00e9fi.\u2009\u00bb<\/p>\n<p class=\" wall-content\">Suivez toute l\u2019actualit\u00e9 de vos villes et m\u00e9dias favoris en vous inscrivant \u00e0 <a href=\"https:\/\/moncompte.actu.fr\" title=\"D\u00e9couvez Mon Actu\" rel=\"nofollow noopener\" data-trk=\"{&quot;cta&quot;:{&quot;action&quot;:&quot;https:\\\/\\\/moncompte.actu.fr&quot;,&quot;category&quot;:&quot;mon compte&quot;,&quot;from&quot;:&quot;article footer&quot;,&quot;name&quot;:&quot;Mon actu&quot;,&quot;type&quot;:&quot;cta&quot;}}\" target=\"_blank\">Mon Actu<\/a>.<\/p>\n<p>                    <script async src=\"\/\/www.instagram.com\/embed.js\"><\/script><\/p>\n","protected":false},"excerpt":{"rendered":"Par Laur\u00e8ne Fertin Publi\u00e9 le 2 juin 2025 \u00e0 10h44 7h, ce lundi 2\u00a0juin 2025. Fran\u00e7ois a mis&hellip;\n","protected":false},"author":2,"featured_media":146154,"comment_status":"","ping_status":"","sticky":false,"template":"","format":"standard","meta":{"footnotes":""},"categories":[2821],"tags":[1111,11,829,1777,674,1011,27,12,584,25,104,517,3781],"class_list":{"0":"post-146153","1":"post","2":"type-post","3":"status-publish","4":"format-standard","5":"has-post-thumbnail","7":"category-rennes","8":"tag-actu","9":"tag-actualites","10":"tag-bretagne","11":"tag-eu","12":"tag-europe","13":"tag-fr","14":"tag-france","15":"tag-news","16":"tag-rennes","17":"tag-republique-francaise","18":"tag-societe","19":"tag-sport","20":"tag-thabor"},"share_on_mastodon":{"url":"https:\/\/pubeurope.com\/@fr\/114613298830224584","error":""},"_links":{"self":[{"href":"https:\/\/www.europesays.com\/fr\/wp-json\/wp\/v2\/posts\/146153","targetHints":{"allow":["GET"]}}],"collection":[{"href":"https:\/\/www.europesays.com\/fr\/wp-json\/wp\/v2\/posts"}],"about":[{"href":"https:\/\/www.europesays.com\/fr\/wp-json\/wp\/v2\/types\/post"}],"author":[{"embeddable":true,"href":"https:\/\/www.europesays.com\/fr\/wp-json\/wp\/v2\/users\/2"}],"replies":[{"embeddable":true,"href":"https:\/\/www.europesays.com\/fr\/wp-json\/wp\/v2\/comments?post=146153"}],"version-history":[{"count":0,"href":"https:\/\/www.europesays.com\/fr\/wp-json\/wp\/v2\/posts\/146153\/revisions"}],"wp:featuredmedia":[{"embeddable":true,"href":"https:\/\/www.europesays.com\/fr\/wp-json\/wp\/v2\/media\/146154"}],"wp:attachment":[{"href":"https:\/\/www.europesays.com\/fr\/wp-json\/wp\/v2\/media?parent=146153"}],"wp:term":[{"taxonomy":"category","embeddable":true,"href":"https:\/\/www.europesays.com\/fr\/wp-json\/wp\/v2\/categories?post=146153"},{"taxonomy":"post_tag","embeddable":true,"href":"https:\/\/www.europesays.com\/fr\/wp-json\/wp\/v2\/tags?post=146153"}],"curies":[{"name":"wp","href":"https:\/\/api.w.org\/{rel}","templated":true}]}}