{"id":146155,"date":"2025-06-02T10:28:10","date_gmt":"2025-06-02T10:28:10","guid":{"rendered":"https:\/\/www.europesays.com\/fr\/146155\/"},"modified":"2025-06-02T10:28:10","modified_gmt":"2025-06-02T10:28:10","slug":"strasbourg-philippe-jaroussky-star-de-la-nouvelle-saison-de-passions-croisees-a-saint-guillaume","status":"publish","type":"post","link":"https:\/\/www.europesays.com\/fr\/146155\/","title":{"rendered":"Strasbourg. Philippe Jaroussky star de la nouvelle saison de Passions Crois\u00e9es \u00e0 Saint-Guillaume"},"content":{"rendered":"<p>Des arts qui n\u2019ont de cesse de se croiser, de l\u2019excellence (beaucoup) et de l\u2019audace (tout autant)\u00a0! En trois saisons, la ligne artistique d\u00e9velopp\u00e9e par Passions Crois\u00e9es \u00e0 Saint-Guillaume n\u2019a pas chang\u00e9. En t\u00e9moigne la programmation 2025-2026, d\u00e9voil\u00e9e il y a quelques jours lors d\u2019une soir\u00e9e de pr\u00e9sentation \u2013 une premi\u00e8re\u00a0-, <a href=\"https:\/\/www.dna.fr\/culture-loisirs\/2025\/05\/11\/un-lourd-rideau-rouge-un-nouveau-mobilier-l-eglise-saint-guillaume-poursuit-sa-renovation\" target=\"_blank\" rel=\"nofollow noopener\">qui \u00e9tait aussi pour le directeur artistique, Guillem Aubry, l\u2019occasion d\u2019inaugurer son nouveau Steinway<\/a>.<\/p>\n<p>Ce contenu est bloqu\u00e9 car vous n&rsquo;avez pas accept\u00e9 les cookies et autres traceurs.<\/p>\n<p>En cliquant sur \u00ab J\u2019accepte \u00bb, les cookies et autres traceurs seront d\u00e9pos\u00e9s et vous pourrez visualiser les contenus  (<a href=\"\" class=\"consentModule_policy\" target=\"_blank\" title=\"Consulter la politique de protection des donn\u00e9es du fournisseur\">plus d&rsquo;informations<\/a>).<\/p>\n<p>En cliquant sur \u00ab J\u2019accepte tous les cookies \u00bb, vous autorisez des d\u00e9p\u00f4ts de cookies et autres traceurs pour le stockage de vos donn\u00e9es sur nos sites et applications \u00e0 des fins de personnalisation et de ciblage publicitaire.<\/p>\n<p class=\"consentModule_secondaryText\">Vous gardez la possibilit\u00e9 de retirer votre consentement \u00e0 tout moment en consultant notre <a href=\"https:\/\/www.dna.fr\/protection-des-donnees\" target=\"_blank\" title=\"Consulter notre politique de protection des donn\u00e9es\" rel=\"nofollow noopener\">politique de protection des donn\u00e9es<\/a>. <br \/>&#13;<br \/>\n            <a href=\"https:\/\/www.dna.fr\/culture-loisirs\/2025\/06\/02\/javascript:Didomi.notice.show()\" class=\"consentModule_cmp\" rel=\"nofollow noopener\" target=\"_blank\">G\u00e9rer mes choix<\/a>&#13;\n        <\/p>\n<p>&#13;<br \/>\n                        J&rsquo;accepte&#13;<br \/>\n            J&rsquo;accepte tous les cookies&#13;\n        <\/p>\n<p>    <img class=\"placeholder-svg\" loading=\"lazy\" decoding=\"async\" src=\"https:\/\/www.europesays.com\/fr\/wp-content\/uploads\/2025\/04\/facebook.svg.svg+xml\" alt=\"Facebook PlaceHolder\"\/><\/p>\n<p>\u00ab\u00a0Nos missions principales sont de d\u00e9mocratiser la musique classique, de promouvoir l\u2019inclusivit\u00e9 et de contribuer \u00e0 la restauration et au rayonnement du patrimoine de Saint-Guillaume\u00a0\u00bb, rappelle le pr\u00e9sident de Passions Crois\u00e9es, Cyril Pallaud. Pour continuer \u00e0 les mener \u00e0 bien, il a imagin\u00e9 une saison reposant sur quatre piliers.<\/p>\n<p>&#13;<br \/>\n  Une ligne artistique et quatre piliers<\/p>\n<p>    &#13;<br \/>\n    &#13;<br \/>\n    &#13;<br \/>\n    <a href=\"https:\/\/cdn-s-www.dna.fr\/images\/bd40a292-ce70-4674-b8fb-b2de439f618f\/NW_raw\/acquis-par-le-pianiste-de-passions-croisees-guillem-aubry-un-steinway-entierement-restaure-trone-desormais-dans-l-eglise-saint-guillaume-photo-dr-1748859066.jpg\" title=\"Acquis par le pianiste de Passions Crois\u00e9es Guillem Aubry, un Steinway enti\u00e8rement restaur\u00e9 tr\u00f4ne d\u00e9sormais dans l\u2019\u00e9glise Saint-Guillaume. \u00a0 Photo Dr\" class=\"chocolat-image GA-tracking\" data-ga_type=\"click\" data-ga_category=\"D\u00e9tail\" data-ga_action=\"zoomer\" data-ga_label=\"aggrandir image\" rel=\"nofollow noopener\" target=\"_blank\">&#13;<br \/>\n        <img src=\"https:\/\/www.europesays.com\/fr\/wp-content\/uploads\/2025\/06\/acquis-par-le-pianiste-de-passions-croisees-guillem-aubry-un-steinway-entierement-restaure-trone-des.jpeg\"   alt=\"Acquis par le pianiste de Passions Crois\u00e9es Guillem Aubry, un Steinway enti\u00e8rement restaur\u00e9 tr\u00f4ne d\u00e9sormais dans l\u2019\u00e9glise Saint-Guillaume. \u00a0 Photo Dr\" fetchpriority=\"high\" decoding=\"async\" data-mobile=\"NW_listA_M|1748859066\" data-base=\"NW_listA|1748859066\"\/>&#13;<br \/>\n    <\/a>&#13;<\/p>\n<p> Acquis par le pianiste de Passions Crois\u00e9es Guillem Aubry, un Steinway enti\u00e8rement restaur\u00e9 tr\u00f4ne d\u00e9sormais dans l\u2019\u00e9glise Saint-Guillaume. \u00a0 Photo Dr <\/p>\n<p>LES INCONTOURNABLES. Sans eux, la saison n\u2019aurait pas la m\u00eame saveur. Notamment pour les gourmands m\u00e9lomanes, qui peuvent d\u00e9j\u00e0 prendre date afin de red\u00e9couvrir Le lac des cygnes de Tchaikovsky, lors des Banquets de No\u00ebl (les 5 et 12\u00a0d\u00e9cembre)\u00a0; ou pour les plus romantiques, qui regarderont vers Didon et En\u00e9e de Purcell, au <a href=\"https:\/\/www.dna.fr\/culture-loisirs\/2025\/02\/13\/strasbourg-mon-amour-jusqu-a-dimanche-entre-seduction-et-tendresse\" target=\"_blank\" rel=\"nofollow noopener\">Banquet de la Saint-Valentin (le 14\u00a0f\u00e9vrier)<\/a>. \u00c0 moins de pr\u00e9f\u00e9rer les Barbecues lyriques et Le barbier de S\u00e9ville de Rossini \u00e0 la belle saison (les 1er , 3 et 4\u00a0juillet).<\/p>\n<p>Calendrier de l\u2019avent (du 1er au 24\u00a0d\u00e9cembre), <a href=\"https:\/\/www.dna.fr\/culture-loisirs\/2024\/12\/27\/a-saint-guillaume-puccini-et-liszt-s-invitent-au-festival-de-noel\" target=\"_blank\" rel=\"nofollow noopener\">Festival de No\u00ebl (du 26 au 30\u00a0d\u00e9cembre)<\/a> , soir\u00e9e anniversaire Bach (le 21\u00a0mars, \u00ab\u00a0avec le grand retour de la pole dance et de Vincent Grobelny\u00a0\u00bb) et <a href=\"https:\/\/www.dna.fr\/culture-loisirs\/2025\/05\/25\/du-concert-de-jeux-video-aux-chants-d-oiseaux-une-nuit-pas-comme-les-autres-a-l-eglise-saint-guillaume\" target=\"_blank\" rel=\"nofollow noopener\">autre Nuit blanche (le 30\u00a0mai, avec un travail m\u00ealant musique et arts du cirque)<\/a> ponctueront l\u2019ann\u00e9e.<\/p>\n<p>\u00c0 noter, aussi, <a href=\"https:\/\/www.dna.fr\/culture-loisirs\/2025\/03\/22\/le-temps-des-feminismes-des-reflexions-et-des-temoignages-necessaires\" target=\"_blank\" rel=\"nofollow noopener\">le retour des Biblioth\u00e8ques id\u00e9ales, accueillies \u00e0 Saint-Guillaume \u00e0 la rentr\u00e9e.<\/a><\/p>\n<p>    &#13;<br \/>\n    &#13;<br \/>\n    &#13;<br \/>\n    <a href=\"https:\/\/cdn-s-www.dna.fr\/images\/4d66d013-7801-4ac7-a0fb-8cf70d85b6c6\/NW_raw\/en-partenariat-avec-la-casserole-diners-de-noel-et-de-saint-valentin-seront-de-retour-dans-la-nef-la-saison-prochaine-photo-dr-1748859067.jpg\" title=\"En partenariat avec  La Casserole , d\u00eeners de No\u00ebl et de Saint-Valentin seront de retour dans la nef la saison prochaine. \u00a0 Photo Dr\" class=\"chocolat-image GA-tracking\" data-ga_type=\"click\" data-ga_category=\"D\u00e9tail\" data-ga_action=\"zoomer\" data-ga_label=\"aggrandir image\" rel=\"nofollow noopener\" target=\"_blank\">&#13;<br \/>\n        <img src=\"https:\/\/www.europesays.com\/fr\/wp-content\/uploads\/2025\/06\/en-partenariat-avec-la-casserole-diners-de-noel-et-de-saint-valentin-seront-de-retour-dans-la-nef-la.jpeg\"   alt=\"En partenariat avec  La Casserole , d\u00eeners de No\u00ebl et de Saint-Valentin seront de retour dans la nef la saison prochaine. \u00a0 Photo Dr\" fetchpriority=\"high\" decoding=\"async\" data-mobile=\"NW_listA_M|1748859067\" data-base=\"NW_listA|1748859067\"\/>&#13;<br \/>\n    <\/a>&#13;<\/p>\n<p> En partenariat avec  La Casserole , d\u00eeners de No\u00ebl et de Saint-Valentin seront de retour dans la nef la saison prochaine. \u00a0 Photo Dr <\/p>\n<p>  Mireille Delunsch et Philippe Jaroussky<\/p>\n<p>LES GRANDS R\u00c9CITALS. Mais comment font-ils pour attirer autant de pointures dans la modeste \u00e9glise des Bateliers\u00a0? Toujours est-il qu\u2019<a href=\"https:\/\/www.dna.fr\/culture-loisirs\/2024\/09\/27\/roberto-alagna-un-tenor-en-or\" target=\"_blank\" rel=\"nofollow noopener\">apr\u00e8s Roberto Alagna en 2024<\/a> et <a href=\"https:\/\/www.dna.fr\/culture-loisirs\/2025\/04\/23\/la-soprano-star-natalie-dessay-entre-france-et-etats-unis\" target=\"_blank\" rel=\"nofollow noopener\">Natalie Dessay ce printemps<\/a> , trois nouveaux tr\u00e8s grands artistes internationaux donneront des r\u00e9citals \u00e0 Saint-Guillaume la saison prochaine.\u00a0\u00c0 commencer par Mireille Delunsch, le 26\u00a0septembre \u00e0 20\u00a0h.<\/p>\n<p>Accompagn\u00e9e par Marieke Hofmann au piano, la <a href=\"https:\/\/www.dna.fr\/p\/soprano\" target=\"_blank\" rel=\"nofollow noopener\">soprano<\/a> mulhousienne proposera, en partenariat avec les Biblioth\u00e8ques id\u00e9ales, un programme autour de Wagner, Clara Schumann et Alma Mahler\u2026 Il sera introduit \u00e0 18\u00a0h par une conf\u00e9rence de l\u2019ex-ministre <a href=\"https:\/\/www.dna.fr\/p\/roselyne-bachelot\" target=\"_blank\" rel=\"nofollow noopener\">Roselyne Bachelot<\/a> sur \u00ab\u00a0Les femmes compositrices\u00a0\u00bb, suivie d\u2019une d\u00e9dicace. Le 20\u00a0janvier, <a href=\"https:\/\/www.dna.fr\/culture\/2014\/01\/11\/une-voix-au-sommet\" target=\"_blank\" rel=\"nofollow noopener\">place au contre-t\u00e9nor Philippe Jaroussky, star\u00a0de\u00a0la\u00a0saison<\/a> \u00a0; <a href=\"https:\/\/www.dna.fr\/culture-loisirs\/2023\/02\/24\/benjamin-bernheim-de-brahms-a-chausson-un-recital-inegal\" target=\"_blank\" rel=\"nofollow noopener\">puis le 10\u00a0avril, au t\u00e9nor Benjamin Bernheim.<\/a> \u00ab\u00a0On sent d\u00e9j\u00e0 une tr\u00e8s forte attente sur ces soir\u00e9es\u00a0\u00bb, remarque Cyril Pallaud. Au vu des CV des artistes, on le comprend ais\u00e9ment.<\/p>\n<p>Ce contenu est bloqu\u00e9 car vous n&rsquo;avez pas accept\u00e9 les cookies et autres traceurs.<\/p>\n<p>En cliquant sur \u00ab J\u2019accepte \u00bb, les cookies et autres traceurs seront d\u00e9pos\u00e9s et vous pourrez visualiser les contenus  (<a href=\"\" class=\"consentModule_policy\" target=\"_blank\" title=\"Consulter la politique de protection des donn\u00e9es du fournisseur\">plus d&rsquo;informations<\/a>).<\/p>\n<p>En cliquant sur \u00ab J\u2019accepte tous les cookies \u00bb, vous autorisez des d\u00e9p\u00f4ts de cookies et autres traceurs pour le stockage de vos donn\u00e9es sur nos sites et applications \u00e0 des fins de personnalisation et de ciblage publicitaire.<\/p>\n<p class=\"consentModule_secondaryText\">Vous gardez la possibilit\u00e9 de retirer votre consentement \u00e0 tout moment en consultant notre <a href=\"https:\/\/www.dna.fr\/protection-des-donnees\" target=\"_blank\" title=\"Consulter notre politique de protection des donn\u00e9es\" rel=\"nofollow noopener\">politique de protection des donn\u00e9es<\/a>. <br \/>&#13;<br \/>\n            <a href=\"https:\/\/www.dna.fr\/culture-loisirs\/2025\/06\/02\/javascript:Didomi.notice.show()\" class=\"consentModule_cmp\" rel=\"nofollow noopener\" target=\"_blank\">G\u00e9rer mes choix<\/a>&#13;\n        <\/p>\n<p>&#13;<br \/>\n                        J&rsquo;accepte&#13;<br \/>\n            J&rsquo;accepte tous les cookies&#13;\n        <\/p>\n<p>    <img class=\"placeholder-svg\" loading=\"lazy\" decoding=\"async\" src=\"https:\/\/www.europesays.com\/fr\/wp-content\/uploads\/2025\/04\/facebook.svg.svg+xml\" alt=\"Facebook PlaceHolder\"\/><\/p>\n<p>  D\u2019Orlando au drag show, en passant par Weinsanto<\/p>\n<p>LES SOIR\u00c9ES PRESTIGE. Autres points d\u2019orgue, plusieurs \u00ab\u00a0soir\u00e9es prestige\u00a0\u00bb permettront notamment d\u2019entendre l\u2019op\u00e9ra baroque  Orlando , de Haendel, le 15\u00a0octobre\u00a0; ou de rendre hommage (le 5\u00a0novembre) \u00e0 la pianiste et compositrice Marie Ja\u00ebll, avec Adam Laloum (au piano), Emmanuelle Bertrand (au violoncelle) et les musiciens de l\u2019OPS. Bal viennois du Nouvel an , \u00ab\u00a0en partenariat avec l\u2019ambassade d\u2019Autriche\u00a0\u00bb, le 17\u00a0janvier, et \u00a0Drag show Rococo-barock accompagn\u00e9 par l\u2019OPS et donnant carte blanche \u00e0 Victor Weinsanto (le 15\u00a0avril) compl\u00e8tent l\u2019affiche.<\/p>\n<p><a href=\"https:\/\/www.dna.fr\/magazine-lifestyle\/2024\/11\/13\/le-styliste-victor-weinsanto-sur-ses-terres-alsaciennes\" target=\"_blank\" rel=\"nofollow noopener\">\u00ab\u00a0Je me r\u00e9jouis du partenariat avec le Philharmonique, comme du retour de Victor, qui a aussi accept\u00e9 d\u2019exposer une de ses tenues dans l\u2019\u00e9glise\u00a0\u00bb<\/a> , salue Cyril Pallaud. Pour les amateurs du genre et en partenariat avec les Biblioth\u00e8ques id\u00e9ales, une soir\u00e9e Cabaret et drag , avec la drag-queen et t\u00e9nor lyrique \u00c9lys\u00e9e Moon, est aussi programm\u00e9e le 5\u00a0octobre \u00e0 18\u00a0h.<\/p>\n<p>    &#13;<br \/>\n    &#13;<br \/>\n    &#13;<br \/>\n    <a href=\"https:\/\/cdn-s-www.dna.fr\/images\/d4b7b909-9143-4178-bab4-81a3f5647b2f\/NW_raw\/en-partenariat-avec-les-bibliotheques-ideales-elysee-moon-sera-sur-la-scene-de-saint-guillaume-pour-une-soiree-cabaret-et-drag-opera-le-5-octobre-photo-dr-1748859069.jpg\" title=\"En partenariat avec les Biblioth\u00e8ques id\u00e9ales, \u00c9lys\u00e9e Moon sera sur la sc\u00e8ne de Saint-Guillaume pour une soir\u00e9e cabaret et drag op\u00e9ra le 5 octobre. \u00a0 Photo Dr\" class=\"chocolat-image GA-tracking\" data-ga_type=\"click\" data-ga_category=\"D\u00e9tail\" data-ga_action=\"zoomer\" data-ga_label=\"aggrandir image\" rel=\"nofollow noopener\" target=\"_blank\">&#13;<br \/>\n        <img src=\"https:\/\/www.europesays.com\/fr\/wp-content\/uploads\/2025\/06\/en-partenariat-avec-les-bibliotheques-ideales-elysee-moon-sera-sur-la-scene-de-saint-guillaume-pour-.jpeg\"   alt=\"En partenariat avec les Biblioth\u00e8ques id\u00e9ales, \u00c9lys\u00e9e Moon sera sur la sc\u00e8ne de Saint-Guillaume pour une soir\u00e9e cabaret et drag op\u00e9ra le 5 octobre. \u00a0 Photo Dr\" fetchpriority=\"high\" decoding=\"async\" data-mobile=\"NW_listA_M|1748859069\" data-base=\"NW_listA|1748859069\"\/>&#13;<br \/>\n    <\/a>&#13;<\/p>\n<p> En partenariat avec les Biblioth\u00e8ques id\u00e9ales, \u00c9lys\u00e9e Moon sera sur la sc\u00e8ne de Saint-Guillaume pour une soir\u00e9e cabaret et drag op\u00e9ra le 5 octobre. \u00a0 Photo Dr <\/p>\n<p>LA M\u00c9DIATION. La saison culturelle de Saint-Guillaume ne serait-elle que prestige et paillettes\u00a0? Que nenni\u00a0! Plus modestes, mais non moins appr\u00e9ci\u00e9s, les \u00ab\u00a0Ateliers op\u00e9ra\u00a0\u00bb (5\u00a0\u20ac, gratuits pour les membres) font leur retour, \u00e0 raison d\u2019un samedi par mois, du 13\u00a0septembre au 6\u00a0juin. L\u2019occasion de naviguer entre Verdi, Saint-Sa\u00ebns, Puccini et Massenet, guid\u00e9s par Guillem Aubry.<\/p>\n<p>  Le retour de l\u2019orgue<\/p>\n<p>Et parce que le public de Saint-Guillaume, aussi curieux et \u00e9clectique soit-il, n\u2019oublie pas ses classiques, \u00ab\u00a0face \u00e0 la demande, nous avons d\u00e9cid\u00e9 de reproposer de l\u2019orgue\u00a0\u00bb, <a href=\"https:\/\/www.dna.fr\/edition-strasbourg\/2020\/01\/07\/bach-tradition-vivante-a-saint-guillaume\" target=\"_blank\" rel=\"nofollow noopener\">explique Cyril Pallaud, qui est aussi l\u2019organiste titulaire de Saint-Guillaume.<\/a> Les dimanches 19\u00a0octobre, 16\u00a0novembre, 1er \u00a0f\u00e9vrier, 1er \u00a0mars, 26\u00a0avril et 14\u00a0juin \u00e0 16\u00a0h, on pourra venir profiter d\u2019un concert de 45 minutes, puis d\u2019un salon de th\u00e9 \u00e9ph\u00e9m\u00e8re avec des p\u00e2tisseries maison concoct\u00e9es par les b\u00e9n\u00e9voles. Parce que c\u2019est aussi \u00e7a, l\u2019esprit de Saint-Guillaume\u00a0!<\/p>\n<p class=\"note\">Plus d\u2019infos et r\u00e9servations (la billetterie est d\u00e9j\u00e0 partiellement ouverte)\u00a0: <a href=\"https:\/\/www.passions-croisees.com\/billetterie\/\" target=\"_blank\" rel=\"nofollow noopener\">www.passions-croisees.com<\/a><\/p>\n","protected":false},"excerpt":{"rendered":"Des arts qui n\u2019ont de cesse de se croiser, de l\u2019excellence (beaucoup) et de l\u2019audace (tout autant)\u00a0! En&hellip;\n","protected":false},"author":2,"featured_media":146156,"comment_status":"","ping_status":"","sticky":false,"template":"","format":"standard","meta":{"footnotes":""},"categories":[2820],"tags":[1111,11,1687,2880,1777,674,2271,107,1011,27,775,873,12,25,104,3140,640,2879,1631],"class_list":{"0":"post-146155","1":"post","2":"type-post","3":"status-publish","4":"format-standard","5":"has-post-thumbnail","7":"category-strasbourg","8":"tag-actu","9":"tag-actualites","10":"tag-culture-loisirs","11":"tag-edition-strasbourg","12":"tag-eu","13":"tag-europe","14":"tag-exposition-arts-plastiques","15":"tag-fil-info","16":"tag-fr","17":"tag-france","18":"tag-grand-est","19":"tag-musique","20":"tag-news","21":"tag-republique-francaise","22":"tag-societe","23":"tag-spectacle","24":"tag-strasbourg","25":"tag-strasbourg-ville","26":"tag-vie-associative"},"share_on_mastodon":{"url":"https:\/\/pubeurope.com\/@fr\/114613302515268002","error":""},"_links":{"self":[{"href":"https:\/\/www.europesays.com\/fr\/wp-json\/wp\/v2\/posts\/146155","targetHints":{"allow":["GET"]}}],"collection":[{"href":"https:\/\/www.europesays.com\/fr\/wp-json\/wp\/v2\/posts"}],"about":[{"href":"https:\/\/www.europesays.com\/fr\/wp-json\/wp\/v2\/types\/post"}],"author":[{"embeddable":true,"href":"https:\/\/www.europesays.com\/fr\/wp-json\/wp\/v2\/users\/2"}],"replies":[{"embeddable":true,"href":"https:\/\/www.europesays.com\/fr\/wp-json\/wp\/v2\/comments?post=146155"}],"version-history":[{"count":0,"href":"https:\/\/www.europesays.com\/fr\/wp-json\/wp\/v2\/posts\/146155\/revisions"}],"wp:featuredmedia":[{"embeddable":true,"href":"https:\/\/www.europesays.com\/fr\/wp-json\/wp\/v2\/media\/146156"}],"wp:attachment":[{"href":"https:\/\/www.europesays.com\/fr\/wp-json\/wp\/v2\/media?parent=146155"}],"wp:term":[{"taxonomy":"category","embeddable":true,"href":"https:\/\/www.europesays.com\/fr\/wp-json\/wp\/v2\/categories?post=146155"},{"taxonomy":"post_tag","embeddable":true,"href":"https:\/\/www.europesays.com\/fr\/wp-json\/wp\/v2\/tags?post=146155"}],"curies":[{"name":"wp","href":"https:\/\/api.w.org\/{rel}","templated":true}]}}