{"id":146157,"date":"2025-06-02T10:29:10","date_gmt":"2025-06-02T10:29:10","guid":{"rendered":"https:\/\/www.europesays.com\/fr\/146157\/"},"modified":"2025-06-02T10:29:10","modified_gmt":"2025-06-02T10:29:10","slug":"une-ligne-de-tram-perturbee-en-soiree-jusquau-6-juin","status":"publish","type":"post","link":"https:\/\/www.europesays.com\/fr\/146157\/","title":{"rendered":"une ligne de tram perturb\u00e9e en soir\u00e9e jusqu&rsquo;au 6 juin"},"content":{"rendered":"<p>            Par<br \/>\n        <strong><br \/>\n            <a href=\"https:\/\/actu.fr\/auteur\/margot-fournie\" title=\"Consulter tous les articles de Margot Fournie\" target=\"_blank\" rel=\"noopener\">Margot Fournie<\/a><br \/>\n        <\/strong><\/p>\n<p>        Publi\u00e9 le<\/p>\n<p>            2 juin 2025 \u00e0 11h51        <\/p>\n<p>A partir de ce lundi, des <a href=\"https:\/\/actu.fr\/tag\/travaux\" target=\"_blank\" rel=\"noopener\">travaux<\/a> vont avoir lieu, la nuit, sur la <strong>ligne de tram B<\/strong>, \u00e0 <a href=\"https:\/\/actu.fr\/strasbourg\/\" target=\"_blank\" rel=\"noopener\">Strasbourg<\/a>.<\/p>\n<p class=\" wall-content\">Pour permettre leur ex\u00e9cution, <a href=\"https:\/\/actu.fr\/tag\/compagnie-des-transports-strasbourgeois-cts\" target=\"_blank\" rel=\"noopener\">la CTS<\/a> a annonc\u00e9 que <strong>la circulation<\/strong> serait <strong>interrompue<\/strong> sur cette ligne entre plusieurs stations. Et ce, <strong>jusqu\u2019au 6\u00a0juin inclus<\/strong>.<\/p>\n<p>Les horaires des derniers d\u00e9parts ont \u00e9t\u00e9 annonc\u00e9s<\/p>\n<p class=\" wall-content\">Sur son site, la CTS pr\u00e9vient que le dernier d\u00e9part de tram \u00ab<strong>\u2009depuis la station Hoenheim Gare<\/strong> aura lieu \u00e0<strong> 20h43<\/strong>.\u2009\u00bb<\/p>\n<p class=\" wall-content\">Depuis la <strong>station Lingolsheim Tiergaertel<\/strong>, le dernier d\u00e9part sera<strong> \u00e0 21h17<\/strong>.<\/p>\n<p>Des bus de remplacement mis en service<\/p>\n<p class=\" wall-content\">La compagnie de transport pr\u00e9vient \u00e9galement que des bus de remplacement sont \u00ab\u2009mis en place <strong>\u00e0 proximit\u00e9 des stations<\/strong>, entre<strong> Montagne Verte<\/strong> et <strong>Lingolsheim Tiergaertel<\/strong> et circulent <strong>toutes les 15 \u00e0 20\u00a0minutes<\/strong> pour assurer la continuit\u00e9 du service.\u2009\u00bb<\/p>\n<p>Vid\u00e9os : en ce moment sur Actu<\/p>\n<p class=\" wall-content\">Suivez toute l\u2019actualit\u00e9 de vos villes et m\u00e9dias favoris en vous inscrivant \u00e0 <a href=\"https:\/\/moncompte.actu.fr\" title=\"D\u00e9couvez Mon Actu\" rel=\"nofollow noopener\" data-trk=\"{&quot;cta&quot;:{&quot;action&quot;:&quot;https:\\\/\\\/moncompte.actu.fr&quot;,&quot;category&quot;:&quot;mon compte&quot;,&quot;from&quot;:&quot;article footer&quot;,&quot;name&quot;:&quot;Mon actu&quot;,&quot;type&quot;:&quot;cta&quot;}}\" target=\"_blank\">Mon Actu<\/a>.<\/p>\n","protected":false},"excerpt":{"rendered":"Par Margot Fournie Publi\u00e9 le 2 juin 2025 \u00e0 11h51 A partir de ce lundi, des travaux vont&hellip;\n","protected":false},"author":2,"featured_media":146158,"comment_status":"","ping_status":"","sticky":false,"template":"","format":"standard","meta":{"footnotes":""},"categories":[2820],"tags":[1111,11,3542,7344,1777,674,1011,27,775,12,25,104,640,2086],"class_list":{"0":"post-146157","1":"post","2":"type-post","3":"status-publish","4":"format-standard","5":"has-post-thumbnail","7":"category-strasbourg","8":"tag-actu","9":"tag-actualites","10":"tag-circulation","11":"tag-compagnie-des-transports-strasbourgeois-cts","12":"tag-eu","13":"tag-europe","14":"tag-fr","15":"tag-france","16":"tag-grand-est","17":"tag-news","18":"tag-republique-francaise","19":"tag-societe","20":"tag-strasbourg","21":"tag-travaux"},"share_on_mastodon":{"url":"https:\/\/pubeurope.com\/@fr\/114613306239575160","error":""},"_links":{"self":[{"href":"https:\/\/www.europesays.com\/fr\/wp-json\/wp\/v2\/posts\/146157","targetHints":{"allow":["GET"]}}],"collection":[{"href":"https:\/\/www.europesays.com\/fr\/wp-json\/wp\/v2\/posts"}],"about":[{"href":"https:\/\/www.europesays.com\/fr\/wp-json\/wp\/v2\/types\/post"}],"author":[{"embeddable":true,"href":"https:\/\/www.europesays.com\/fr\/wp-json\/wp\/v2\/users\/2"}],"replies":[{"embeddable":true,"href":"https:\/\/www.europesays.com\/fr\/wp-json\/wp\/v2\/comments?post=146157"}],"version-history":[{"count":0,"href":"https:\/\/www.europesays.com\/fr\/wp-json\/wp\/v2\/posts\/146157\/revisions"}],"wp:featuredmedia":[{"embeddable":true,"href":"https:\/\/www.europesays.com\/fr\/wp-json\/wp\/v2\/media\/146158"}],"wp:attachment":[{"href":"https:\/\/www.europesays.com\/fr\/wp-json\/wp\/v2\/media?parent=146157"}],"wp:term":[{"taxonomy":"category","embeddable":true,"href":"https:\/\/www.europesays.com\/fr\/wp-json\/wp\/v2\/categories?post=146157"},{"taxonomy":"post_tag","embeddable":true,"href":"https:\/\/www.europesays.com\/fr\/wp-json\/wp\/v2\/tags?post=146157"}],"curies":[{"name":"wp","href":"https:\/\/api.w.org\/{rel}","templated":true}]}}