{"id":146179,"date":"2025-06-02T10:40:11","date_gmt":"2025-06-02T10:40:11","guid":{"rendered":"https:\/\/www.europesays.com\/fr\/146179\/"},"modified":"2025-06-02T10:40:11","modified_gmt":"2025-06-02T10:40:11","slug":"les-etoiles-du-drag-ont-brille-intensement-a-marseille","status":"publish","type":"post","link":"https:\/\/www.europesays.com\/fr\/146179\/","title":{"rendered":"\u00ab\u00a0Les \u00e9toiles du drag\u00a0\u00bb ont brill\u00e9 intens\u00e9ment \u00e0 Marseille"},"content":{"rendered":"<p>Ce week-end, le cabaret l\u2019\u00c9toile Bleue \u00e0 Marseille a vibr\u00e9 au rythme \u00e9clatant du premier festival \u00ab Les \u00e9toiles du drag \u00bb. Ces trois jours riches en \u00e9motions, rencontres et performances ont mis \u00e0 l\u2019honneur la cr\u00e9ativit\u00e9 et la diversit\u00e9 de la sc\u00e8ne drag locale et nationale.<\/p>\n<p>L\u2019inauguration, vendredi soir, a donn\u00e9 le ton avec les discours inspirants de Manoah et Miss Martini, suivis d\u2019une b\u00e9n\u00e9diction pleine de bienveillance par les S\u0153urs de la perp\u00e9tuelle indulgence. Le show d\u2019ouverture a enflamm\u00e9 la sc\u00e8ne avec Miss Martini, Ruby on the Nail, Icee Drag On et la Maison ST, r\u00e9unissant Madame Douillette, Gaeron, Lily Secotine et Leroy Libre dans un spectacle haut en couleurs.<\/p>\n<p>Le samedi a commenc\u00e9 avec l\u2019ouverture du march\u00e9 associatif, v\u00e9ritable carrefour d\u2019\u00e9changes et de solidarit\u00e9, avant un Bingo Drag anim\u00e9 par Azur\u00e9e de La Bada$$, Madame Douillette et Madame Wasabi. L\u2019apr\u00e8s-midi a \u00e9t\u00e9 marqu\u00e9 par un atelier burlesque anim\u00e9 par Lily Secotine et Manon, offrant un moment d\u2019apprentissage et de partage.<\/p>\n<p>Dimanche, le march\u00e9 associatif et le Drag Brunch avec la Maison ST ont rassembl\u00e9 les festivaliers autour de discussions passionnantes lors des tables rondes sur les identit\u00e9s LGBTQIA+ et la construction d\u2019une soci\u00e9t\u00e9 inclusive. La soir\u00e9e a \u00e9t\u00e9 rythm\u00e9e par un Talent Show de haut vol, jug\u00e9 par un jury prestigieux compos\u00e9 d\u2019Icee Drag On, Ruby On The Nail, Rapha\u00ebl Say, Azur\u00e9e de la Bada$$, Madame Wasabi et Lisa de la Cagole Nomade. En parall\u00e8le, une masterclass makeup avec Rapha\u00ebl Say a permis aux participants de s\u2019initier aux secrets du maquillage artistique. La projection du documentaire France TV sur cette premi\u00e8re \u00e9dition a conclu ce week-end festif, c\u00e9l\u00e9brant la richesse et la diversit\u00e9 de la culture drag.<\/p>\n<p>\u00a0<\/p>\n<\/p>\n<p>Face \u00e0 ce succ\u00e8s retentissant, une seconde \u00e9dition du <a href=\"https:\/\/maritima.fr\/actualites\/culture\/marseille\/7294\/paillettes-en-provence-marseille-accueille-son-tout-premier-festival-drag\" target=\"_blank\" rel=\"noopener nofollow\">festival \u00ab Les \u00e9toiles du drag \u00bb<\/a> s\u2019impose naturellement, promettant encore plus de surprises et de moments inoubliables pour tous les amoureux de cette sc\u00e8ne flamboyante.<\/p>\n","protected":false},"excerpt":{"rendered":"Ce week-end, le cabaret l\u2019\u00c9toile Bleue \u00e0 Marseille a vibr\u00e9 au rythme \u00e9clatant du premier festival \u00ab Les&hellip;\n","protected":false},"author":2,"featured_media":146180,"comment_status":"","ping_status":"","sticky":false,"template":"","format":"standard","meta":{"footnotes":""},"categories":[2814],"tags":[1111,11,15347,1777,674,1011,27,884,12,882,25],"class_list":{"0":"post-146179","1":"post","2":"type-post","3":"status-publish","4":"format-standard","5":"has-post-thumbnail","7":"category-marseille","8":"tag-actu","9":"tag-actualites","10":"tag-drag-queen","11":"tag-eu","12":"tag-europe","13":"tag-fr","14":"tag-france","15":"tag-marseille","16":"tag-news","17":"tag-provence-alpes-cote-dazur","18":"tag-republique-francaise"},"share_on_mastodon":{"url":"https:\/\/pubeurope.com\/@fr\/114613349492707336","error":""},"_links":{"self":[{"href":"https:\/\/www.europesays.com\/fr\/wp-json\/wp\/v2\/posts\/146179","targetHints":{"allow":["GET"]}}],"collection":[{"href":"https:\/\/www.europesays.com\/fr\/wp-json\/wp\/v2\/posts"}],"about":[{"href":"https:\/\/www.europesays.com\/fr\/wp-json\/wp\/v2\/types\/post"}],"author":[{"embeddable":true,"href":"https:\/\/www.europesays.com\/fr\/wp-json\/wp\/v2\/users\/2"}],"replies":[{"embeddable":true,"href":"https:\/\/www.europesays.com\/fr\/wp-json\/wp\/v2\/comments?post=146179"}],"version-history":[{"count":0,"href":"https:\/\/www.europesays.com\/fr\/wp-json\/wp\/v2\/posts\/146179\/revisions"}],"wp:featuredmedia":[{"embeddable":true,"href":"https:\/\/www.europesays.com\/fr\/wp-json\/wp\/v2\/media\/146180"}],"wp:attachment":[{"href":"https:\/\/www.europesays.com\/fr\/wp-json\/wp\/v2\/media?parent=146179"}],"wp:term":[{"taxonomy":"category","embeddable":true,"href":"https:\/\/www.europesays.com\/fr\/wp-json\/wp\/v2\/categories?post=146179"},{"taxonomy":"post_tag","embeddable":true,"href":"https:\/\/www.europesays.com\/fr\/wp-json\/wp\/v2\/tags?post=146179"}],"curies":[{"name":"wp","href":"https:\/\/api.w.org\/{rel}","templated":true}]}}