{"id":146186,"date":"2025-06-02T10:44:08","date_gmt":"2025-06-02T10:44:08","guid":{"rendered":"https:\/\/www.europesays.com\/fr\/146186\/"},"modified":"2025-06-02T10:44:08","modified_gmt":"2025-06-02T10:44:08","slug":"interpellations-apres-la-victoire-du-psg-jeu-des-1-000-e-incendie-mortel-linfo-a-midi-en-ile-de-france","status":"publish","type":"post","link":"https:\/\/www.europesays.com\/fr\/146186\/","title":{"rendered":"Interpellations apr\u00e8s la victoire du PSG, jeu des 1 000 \u20ac, incendie mortel&#8230; L&rsquo;info \u00e0 midi en \u00cele-de-France"},"content":{"rendered":"<p>            Par<br \/>\n        <strong><br \/>\n            <a href=\"https:\/\/actu.fr\/auteur\/redaction-paris\" title=\"Consulter tous les articles de R\u00e9daction Paris\" rel=\"nofollow noopener\" target=\"_blank\">R\u00e9daction Paris<\/a><br \/>\n        <\/strong><\/p>\n<p>        Publi\u00e9 le<\/p>\n<p>            2 juin 2025 \u00e0 11h51        <\/p>\n<p>La victoire du PSG continue d\u2019occuper une partie des actualit\u00e9s de ce lundi 2 juin 2025, mais que s\u2019est-il pass\u00e9 d\u2019autres\u2009? Voici l\u2019essentiel de l\u2019information \u00e0 midi en \u00cele-de-France\u2009: le jeu des 1 000 \u20ac d\u00e9barque pour la premi\u00e8re fois dans cette commune du Val-d\u2019Oise, un incendie a fait un mort en Seine-Saint-Denis et deux \u00e9lus de Seine-et-Marne marchent pour alerter sur les d\u00e9serts m\u00e9dicaux.<\/p>\n<p>Les informations \u00e0 retenir ce lundi 2\u00a0juin 2025, \u00e0 midi, en \u00cele-de-France<\/p>\n<p class=\"expresso-item wall-content\"><strong>Seine-et-Marne.<\/strong> <a title=\"Lire l&#039;article\" href=\"https:\/\/actu.fr\/societe\/pourquoi-deux-elus-de-seine-et-marne-vont-il-entamer-un-tour-du-departement-a-pied-en-13-jours_62713791.html\" rel=\"nofollow noopener\" target=\"_blank\">Pourquoi deux \u00e9lus vont-ils entamer un tour du d\u00e9partement \u00e0 pied en 13\u00a0jours\u2009?<\/a><br \/>Parce qu\u2019ils sont persuad\u00e9s que leur id\u00e9e pourrait r\u00e9pondre la probl\u00e9matique du d\u00e9sert m\u00e9dical, deux \u00e9lus vont entamer un tour de la Seine-et-Marne en 13 \u00e9tapes. Rencontre.<\/p>\n<p class=\"expresso-item wall-content\"><strong>Val-d\u2019Oise. <\/strong><a title=\"Lire l&#039;article\" href=\"https:\/\/actu.fr\/ile-de-france\/parmain_95480\/le-jeu-des-1000-e-de-france-inter-debarque-le-4-juin-a-parmain_62706024.html\" rel=\"nofollow noopener\" target=\"_blank\">Le Jeu des 1000 \u20ac de France Inter d\u00e9barque le 4\u00a0juin \u00e0 Parmain<\/a><br \/>Pour la premi\u00e8re fois, la commune de la vall\u00e9e de l\u2019Oise accueille le c\u00e9l\u00e8bre jeu radiophonique de France Inter.<\/p>\n<p class=\"expresso-item wall-content\"><strong>Seine-Saint-Denis. <\/strong><a title=\"Lire l&#039;article\" href=\"https:\/\/actu.fr\/ile-de-france\/aubervilliers_93001\/seine-saint-denis-l-incendie-d-un-immeuble-squatte-fait-un-mort-et-plusieurs-blesses_62715203.html\" rel=\"nofollow noopener\" target=\"_blank\">L\u2019incendie d\u2019un immeuble squatt\u00e9 fait un mort et plusieurs bless\u00e9s<\/a><br \/>Un incendie s\u2019est d\u00e9clar\u00e9 dans un immeuble d\u00e9saffect\u00e9 samedi 31\u00a0mai 2025 \u00e0 Aubervilliers. Une personne est d\u00e9c\u00e9d\u00e9e et quatre autres ont \u00e9t\u00e9 intoxiqu\u00e9es par les fum\u00e9es.<\/p>\n<p class=\"expresso-item wall-content\"><strong>Val-de-Marne. <\/strong><a title=\"Lire l&#039;article\" href=\"https:\/\/actu.fr\/societe\/val-de-marne-les-navettes-fluviales-gratuites-pour-traverser-la-marne-reprennent-du-service_62708482.html\" rel=\"nofollow noopener\" target=\"_blank\">Les navettes fluviales gratuites pour traverser la Marne reprennent du service<\/a><br \/>En raison de restrictions budg\u00e9taires, le service de navettes Le passeur de rives durera moins longtemps que les ann\u00e9es pr\u00e9c\u00e9dentes en 2025.<\/p>\n<p class=\"expresso-item wall-content\"><strong>Paris. <\/strong><a title=\"Lire l&#039;article\" href=\"https:\/\/actu.fr\/ile-de-france\/paris_75056\/jets-de-barrieres-peripherique-bloque-nouvelles-interpellations-a-paris-en-marge-de-la-victoire-du-psg_62714659.html\" rel=\"nofollow noopener\" target=\"_blank\">Jets de barri\u00e8res, p\u00e9riph\u00e9rique bloqu\u00e9\u2026 Nouvelles interpellations en marge de la victoire du PSG<\/a><br \/>De nouvelles interpellations ont eu lieu dans la nuit de dimanche\u00a01er \u00e0 lundi 2\u00a0juin 2025 \u00e0 Paris, en marge de la c\u00e9l\u00e9bration des joueurs du PSG au Parc des Princes.<\/p>\n<p class=\" wall-content\"><strong>Suivez-nous pour en savoir plus\u2009!<\/strong><br \/>Vous voulez plus d\u2019infos sur l\u2019\u00cele-de-France\u2009? Vous pouvez nous retrouver sur Actu \u00cele-de-France. Pour nous suivre sur les r\u00e9seaux sociaux, dans vos d\u00e9partements\u2009:<\/p>\n<p class=\" wall-content\"><strong>Paris<\/strong>\u2009: retrouvez\u00a0actu\u00a0Paris\u00a0sur\u00a0<a href=\"https:\/\/www.facebook.com\/actufr.paris\/\" rel=\"nofollow noopener\" target=\"_blank\">Facebook<\/a>\u00a0et\u00a0<a href=\"https:\/\/twitter.com\/actufrparis\" rel=\"nofollow noopener\" target=\"_blank\">Twitter<\/a>\u2009;<br \/><strong>Seine-et-Marne<\/strong>\u2009: retrouvez\u00a0La R\u00e9publique de Seine-et-Marne\u00a0(sud) sur\u00a0<a href=\"https:\/\/www.facebook.com\/RepubliqueSeineMarne\/\" rel=\"nofollow noopener\" target=\"_blank\">Facebook<\/a>\u00a0et\u00a0<a href=\"https:\/\/twitter.com\/LaRep77\" rel=\"nofollow noopener\" target=\"_blank\">Twitter<\/a>\u2009;\u00a0La Marne\u00a0(nord) sur\u00a0<a href=\"https:\/\/www.facebook.com\/journallarmarne\/?__tn__=%2Cd%2CP-R&amp;eid=ARDLZc91LaHbXzDwChLLLQJVMBLx_ABJremTC2-RG0CYvg0f4f8CLvbV5G1Lli4g_6QoXDcKkU1_LX1W\" rel=\"nofollow noopener\" target=\"_blank\">Facebook<\/a>\u00a0et\u00a0<a href=\"https:\/\/twitter.com\/JournalLaMarne\" rel=\"nofollow noopener\" target=\"_blank\">Twitter<\/a>\u2009; et\u00a0Le Pays Briard\u00a0sur\u00a0<a href=\"https:\/\/www.facebook.com\/LePaysBriard\/?ref=bookmarks\" rel=\"nofollow noopener\" target=\"_blank\">Facebook<\/a>\u00a0et\u00a0<a href=\"https:\/\/twitter.com\/LePaysBriard\" rel=\"nofollow noopener\" target=\"_blank\">Twitter<\/a>\u2009;<br \/><strong>Yvelines\u2009:<\/strong>\u00a0retrouvez\u00a078actu\u00a0sur\u00a0<a href=\"https:\/\/www.facebook.com\/78actu\/\" rel=\"nofollow noopener\" target=\"_blank\">Facebook<\/a>\u00a0et\u00a0<a href=\"https:\/\/x.com\/78actu\" rel=\"nofollow\">Twitter<\/a>\u2009;<br \/><strong>Essonne\u2009:<\/strong>\u00a0retrouvez\u00a0actu Essonne\u00a0sur\u00a0<a href=\"https:\/\/www.facebook.com\/actuessonne\/?ref=br_rs\" rel=\"nofollow noopener\" target=\"_blank\">Facebook<\/a>\u00a0et\u00a0<a href=\"https:\/\/twitter.com\/ActuEssonne\" rel=\"nofollow noopener\" target=\"_blank\">Twitter<\/a>\u2009;<br \/><strong>Hauts-de-Seine\u2009:<\/strong>\u00a0retrouvez\u00a0actu\u00a0Hauts-de-Seine\u00a0sur\u00a0<a href=\"https:\/\/www.facebook.com\/actufr.hautsdeseine\/\" rel=\"nofollow noopener\" target=\"_blank\">Facebook<\/a>\u00a0et\u00a0<a href=\"https:\/\/twitter.com\/actufr92\" rel=\"nofollow noopener\" target=\"_blank\">Twitter<\/a>\u2009;<br \/><strong>Seine-Saint-Denis\u2009:<\/strong>\u00a0retrouvez actu Seine-Saint-Denis sur\u00a0<a href=\"https:\/\/www.facebook.com\/actufr.seinesaintdenis\/\" rel=\"nofollow noopener\" target=\"_blank\">Facebook<\/a>\u00a0et\u00a0<a href=\"https:\/\/x.com\/Actufr93\" rel=\"nofollow\">Twitter<\/a>\u2009;<br \/><strong>Val-de-Marne\u2009:<\/strong>\u00a0retrouvez actu Val-de-Marne sur\u00a0<a href=\"https:\/\/www.facebook.com\/actu94.valdemarne\/\" rel=\"nofollow noopener\" target=\"_blank\">Facebook\u00a0<\/a>et\u00a0<a href=\"https:\/\/x.com\/actufr94\" rel=\"nofollow\">Twitter\u2009<\/a>;<br \/><strong>Val-d\u2019Oise\u2009:\u00a0<\/strong>retrouvez La Gazette du Val-d\u2019Oise sur\u00a0<a href=\"https:\/\/x.com\/actufr94\" rel=\"nofollow\">Twitter<\/a><\/p>\n<p class=\" wall-content\">Suivez toute l\u2019actualit\u00e9 de vos villes et m\u00e9dias favoris en vous inscrivant \u00e0 <a href=\"https:\/\/moncompte.actu.fr\" title=\"D\u00e9couvez Mon Actu\" rel=\"nofollow noopener\" data-trk=\"{&quot;cta&quot;:{&quot;action&quot;:&quot;https:\\\/\\\/moncompte.actu.fr&quot;,&quot;category&quot;:&quot;mon compte&quot;,&quot;from&quot;:&quot;article footer&quot;,&quot;name&quot;:&quot;Mon actu&quot;,&quot;type&quot;:&quot;cta&quot;}}\" target=\"_blank\">Mon Actu<\/a>.<\/p>\n<p>                    <script async src=\"https:\/\/platform.twitter.com\/widgets.js\" charset=\"utf-8\"><\/script><\/p>\n","protected":false},"excerpt":{"rendered":"Par R\u00e9daction Paris Publi\u00e9 le 2 juin 2025 \u00e0 11h51 La victoire du PSG continue d\u2019occuper une partie&hellip;\n","protected":false},"author":2,"featured_media":146187,"comment_status":"","ping_status":"","sticky":false,"template":"","format":"standard","meta":{"footnotes":""},"categories":[1592],"tags":[1111,11,1777,674,1011,27,662,1310,12,626,2332,25,71,104],"class_list":{"0":"post-146186","1":"post","2":"type-post","3":"status-publish","4":"format-standard","5":"has-post-thumbnail","7":"category-ile-de-france","8":"tag-actu","9":"tag-actualites","10":"tag-eu","11":"tag-europe","12":"tag-fr","13":"tag-france","14":"tag-ile-de-france","15":"tag-incendie","16":"tag-news","17":"tag-paris","18":"tag-paris-saint-germain-psg","19":"tag-republique-francaise","20":"tag-sante","21":"tag-societe"},"share_on_mastodon":{"url":"https:\/\/pubeurope.com\/@fr\/114613365221446288","error":""},"_links":{"self":[{"href":"https:\/\/www.europesays.com\/fr\/wp-json\/wp\/v2\/posts\/146186","targetHints":{"allow":["GET"]}}],"collection":[{"href":"https:\/\/www.europesays.com\/fr\/wp-json\/wp\/v2\/posts"}],"about":[{"href":"https:\/\/www.europesays.com\/fr\/wp-json\/wp\/v2\/types\/post"}],"author":[{"embeddable":true,"href":"https:\/\/www.europesays.com\/fr\/wp-json\/wp\/v2\/users\/2"}],"replies":[{"embeddable":true,"href":"https:\/\/www.europesays.com\/fr\/wp-json\/wp\/v2\/comments?post=146186"}],"version-history":[{"count":0,"href":"https:\/\/www.europesays.com\/fr\/wp-json\/wp\/v2\/posts\/146186\/revisions"}],"wp:featuredmedia":[{"embeddable":true,"href":"https:\/\/www.europesays.com\/fr\/wp-json\/wp\/v2\/media\/146187"}],"wp:attachment":[{"href":"https:\/\/www.europesays.com\/fr\/wp-json\/wp\/v2\/media?parent=146186"}],"wp:term":[{"taxonomy":"category","embeddable":true,"href":"https:\/\/www.europesays.com\/fr\/wp-json\/wp\/v2\/categories?post=146186"},{"taxonomy":"post_tag","embeddable":true,"href":"https:\/\/www.europesays.com\/fr\/wp-json\/wp\/v2\/tags?post=146186"}],"curies":[{"name":"wp","href":"https:\/\/api.w.org\/{rel}","templated":true}]}}