{"id":146190,"date":"2025-06-02T10:46:08","date_gmt":"2025-06-02T10:46:08","guid":{"rendered":"https:\/\/www.europesays.com\/fr\/146190\/"},"modified":"2025-06-02T10:46:08","modified_gmt":"2025-06-02T10:46:08","slug":"commerce-a-lyon-une-nouvelle-boutique-rare-en-france-ouvre-en-presquile-tout-savoir","status":"publish","type":"post","link":"https:\/\/www.europesays.com\/fr\/146190\/","title":{"rendered":"Commerce \u00e0 Lyon. Une nouvelle boutique rare en France ouvre en Presqu&rsquo;\u00eele : tout savoir"},"content":{"rendered":"<p>            Par<br \/>\n        <strong><br \/>\n            <a href=\"https:\/\/actu.fr\/auteur\/redaction-lyon\" title=\"Consulter tous les articles de R\u00e9daction Lyon\" target=\"_blank\" rel=\"noopener\">R\u00e9daction Lyon<\/a><br \/>\n        <\/strong><\/p>\n<p>        Publi\u00e9 le<\/p>\n<p>            2 juin 2025 \u00e0 11h58<br \/>\n        ; mis \u00e0 jour le 2 juin 2025 \u00e0 11h59    <\/p>\n<p>Tokyo, <a href=\"https:\/\/actu.fr\/nouvelle-aquitaine\/bordeaux_33063\/attendu-a-bordeaux-le-voilier-qui-a-accidentellement-heurte-un-pont-a-new-york-annule-sa-venue_62657821.html\" target=\"_blank\" rel=\"noopener\">New York<\/a>, Hambourg, Shanghai, Singapour, Londres, Milan, Paris\u2026 une grande marque internationale d\u00e9barque en Presqu\u2019\u00eele de <a href=\"https:\/\/actu.fr\/lyon\/\" target=\"_blank\" rel=\"noopener\">Lyon<\/a> ce mardi 3 juin avec l\u2019ouverture d\u2019un nouveau magasin, entre <a href=\"https:\/\/actu.fr\/auvergne-rhone-alpes\/lyon_69123\/lyon-un-saccage-trop-cool-l-oeuvre-de-bellecour-regorge-de-monde-mais-divise-toujours_62706366.html\" target=\"_blank\" rel=\"noopener\">Bellecour<\/a> et les Jacobins.\u00a0<\/p>\n<p class=\" wall-content\">En effet, <strong>Casio<\/strong> poursuit sa conqu\u00eate des grandes m\u00e9tropoles du monde avec l\u2019ouverture d\u2019une deuxi\u00e8me boutique G-Shock en France. Cette fois, c\u2019est dans la capitale des Gaules que la marque japonaise pose ses valises, en partenariat avec l\u2019illustre Maison Maier.<\/p>\n<p>Des montres Casio embl\u00e9matiques et exclusives<\/p>\n<p class=\" wall-content\">Situ\u00e9e au <strong>6 rue Gasparin<\/strong>, entre Bellecour et les Jacobins, cette boutique de 35 m\u00b2 \u00ab\u00a0incarne l\u2019univers brut, technique et sans compromis de G-Shock\u00a0\u00bb. B\u00e9ton apparent, aluminium bross\u00e9, minimalisme assum\u00e9 : \u00ab\u00a0Tout y \u00e9voque la robustesse et la modernit\u00e9 de la marque, pourtant n\u00e9e en 1983\u00a0\u00bb, rel\u00e8ve le groupe japonais.<\/p>\n<p class=\" wall-content\">\u00ab\u00a0Un espace premium, \u00e0 l\u2019image d\u2019un atelier d\u2019horlogerie contemporaine, met en lumi\u00e8re le savoir-faire exceptionnel des artisans de Yamagata, berceau japonais des montres haut de gamme sign\u00e9es Casio.\u00a0\u00bb<\/p>\n<p class=\" wall-content\">Entre nouveaut\u00e9s, s\u00e9ries limit\u00e9es et montres embl\u00e9matiques G-Shock et CasioVintage, les passionn\u00e9s retrouveront \u00e0 Lyon un concentr\u00e9 de l\u2019offre horlog\u00e8re japonaise ainsi que des pi\u00e8ces exclusives. Un v\u00e9ritable rep\u00e8re pour les amateurs de belles montres, qu\u2019ils soient collectionneurs avertis ou n\u00e9ophytes curieux.<\/p>\n<blockquote class=\"ac-article-quote wall-content\">\n<p>Nous sommes fiers d&rsquo;annoncer l&rsquo;ouverture prochaine d&rsquo;un point de vente G-Shock \u00e0 Lyon, en partenariat avec l&rsquo;horloger d&rsquo;exception Maier. Lyon, avec son dynamisme et sa culture horlog\u00e8re, est un choix naturel pour Casio.<\/p>\n<p>    <strong>Xavier de la Croix<\/strong><br \/>\n        Directeur g\u00e9n\u00e9ral de Casio France    <\/p><\/blockquote>\n<p>Ouvert du lundi au samedi d\u00e8s le 3 juin : 10h30-13h \/ 14h-18h45. 04 87 38 71 80.<\/p>\n<p class=\" wall-content\">Suivez toute l\u2019actualit\u00e9 de vos villes et m\u00e9dias favoris en vous inscrivant \u00e0 <a href=\"https:\/\/moncompte.actu.fr\" title=\"D\u00e9couvez Mon Actu\" rel=\"nofollow noopener\" data-trk=\"{&quot;cta&quot;:{&quot;action&quot;:&quot;https:\\\/\\\/moncompte.actu.fr&quot;,&quot;category&quot;:&quot;mon compte&quot;,&quot;from&quot;:&quot;article footer&quot;,&quot;name&quot;:&quot;Mon actu&quot;,&quot;type&quot;:&quot;cta&quot;}}\" target=\"_blank\">Mon Actu<\/a>.<\/p>\n","protected":false},"excerpt":{"rendered":"Par R\u00e9daction Lyon Publi\u00e9 le 2 juin 2025 \u00e0 11h58 ; mis \u00e0 jour le 2 juin 2025&hellip;\n","protected":false},"author":2,"featured_media":146191,"comment_status":"","ping_status":"","sticky":false,"template":"","format":"standard","meta":{"footnotes":""},"categories":[1888],"tags":[1111,1928,11,1927,5272,215,33,1777,674,1011,27,12,1926,626,1925,2809,25],"class_list":{"0":"post-146190","1":"post","2":"type-post","3":"status-publish","4":"format-standard","5":"has-post-thumbnail","7":"category-paris","8":"tag-actu","9":"tag-actu-paris","10":"tag-actualites","11":"tag-actualites-paris","12":"tag-bellecour","13":"tag-commerce","14":"tag-economie","15":"tag-eu","16":"tag-europe","17":"tag-fr","18":"tag-france","19":"tag-news","20":"tag-news-paris","21":"tag-paris","22":"tag-paris-news","23":"tag-presquile","24":"tag-republique-francaise"},"share_on_mastodon":{"url":"https:\/\/pubeurope.com\/@fr\/114613373220194840","error":""},"_links":{"self":[{"href":"https:\/\/www.europesays.com\/fr\/wp-json\/wp\/v2\/posts\/146190","targetHints":{"allow":["GET"]}}],"collection":[{"href":"https:\/\/www.europesays.com\/fr\/wp-json\/wp\/v2\/posts"}],"about":[{"href":"https:\/\/www.europesays.com\/fr\/wp-json\/wp\/v2\/types\/post"}],"author":[{"embeddable":true,"href":"https:\/\/www.europesays.com\/fr\/wp-json\/wp\/v2\/users\/2"}],"replies":[{"embeddable":true,"href":"https:\/\/www.europesays.com\/fr\/wp-json\/wp\/v2\/comments?post=146190"}],"version-history":[{"count":0,"href":"https:\/\/www.europesays.com\/fr\/wp-json\/wp\/v2\/posts\/146190\/revisions"}],"wp:featuredmedia":[{"embeddable":true,"href":"https:\/\/www.europesays.com\/fr\/wp-json\/wp\/v2\/media\/146191"}],"wp:attachment":[{"href":"https:\/\/www.europesays.com\/fr\/wp-json\/wp\/v2\/media?parent=146190"}],"wp:term":[{"taxonomy":"category","embeddable":true,"href":"https:\/\/www.europesays.com\/fr\/wp-json\/wp\/v2\/categories?post=146190"},{"taxonomy":"post_tag","embeddable":true,"href":"https:\/\/www.europesays.com\/fr\/wp-json\/wp\/v2\/tags?post=146190"}],"curies":[{"name":"wp","href":"https:\/\/api.w.org\/{rel}","templated":true}]}}