{"id":14621,"date":"2025-04-10T09:35:10","date_gmt":"2025-04-10T09:35:10","guid":{"rendered":"https:\/\/www.europesays.com\/fr\/14621\/"},"modified":"2025-04-10T09:35:10","modified_gmt":"2025-04-10T09:35:10","slug":"empeches-aux-etats-unis-les-petits-colis-de-shein-et-temu-deferlent-toujours-sur-leurope","status":"publish","type":"post","link":"https:\/\/www.europesays.com\/fr\/14621\/","title":{"rendered":"Emp\u00each\u00e9s aux Etats-Unis, les petits colis de Shein et Temu d\u00e9ferlent toujours sur l&rsquo;Europe"},"content":{"rendered":"<p>\n                                        <b>Par<\/b><br \/>\n                                        <br \/>AFP\n                                    <\/p>\n<p>\n                                    <b>Publi\u00e9 le<\/b><br \/>\n                                    <\/p>\n<p>                                        10 avril 2025<\/p>\n<p class=\"article-content col-md-8 offset-md-1\">\n                                M\u00e9fiants mais clients, les Fran\u00e7ais ach\u00e8tent massivement sur <a class=\"fnwAddLinks\" href=\"https:\/\/fr.fashionnetwork.com\/tags-temu\" title=\"Temu\" rel=\"nofollow noopener\" target=\"_blank\">Temu<\/a> et <a class=\"fnwAddLinks\" href=\"https:\/\/fr.fashionnetwork.com\/tags-shein\" title=\"Shein\" rel=\"nofollow noopener\" target=\"_blank\">Shein<\/a>, les g\u00e9ants asiatiques de l&rsquo;e-commerce dont l&rsquo;essor fulgurant est soutenu par une mesure douani\u00e8re les favorisant, d\u00e9cri\u00e9e par les commer\u00e7ants europ\u00e9ens et \u00e0 laquelle <a class=\"fnwAddLinks\" href=\"https:\/\/fr.fashionnetwork.com\/tags-donald-trump\" title=\"Donald Trump\" rel=\"nofollow noopener\" target=\"_blank\">Donald Trump<\/a> vient de mettre un coup de rabot.<\/p>\n<p><img decoding=\"async\" class=\"news-image\" style=\"width:100%;\" src=\"https:\/\/www.europesays.com\/fr\/wp-content\/uploads\/2025\/04\/5f30.jpg\" alt=\"\" loading=\"lazy\"\/> Shutterstock<\/p>\n<p class=\"col-md-8 offset-md-1 article-content--texte\">Flavie, 34 ans, cadre dans les transports, glane sur Temu des produits qu&rsquo;elle \u00ab\u00a0ne trouve pas ailleurs\u00a0\u00bb, comme un certain type de support \u00e0 essuie-tout. Louise (pr\u00e9nom modifi\u00e9), lyc\u00e9enne parisienne de 17 ans, ach\u00e8te des jeans sur Shein \u00ab\u00a0\u00e0 (sa) taille\u00a0\u00bb. Particuli\u00e8rement grande, elle peine \u00e0 trouver son bonheur dans le commerce classique. Sa camarade Marwa y d\u00e9bourse jusqu&rsquo;\u00e0 120 euros tous les trois mois m\u00eame si elle estime que la plupart des v\u00eatements \u00ab\u00a0sont de mauvaise qualit\u00e9\u00a0\u00bb, dit-elle \u00e0 l&rsquo;AFP.<\/p>\n<p>Fabrication en Chine \u00ab\u00a0pas top pour l&rsquo;environnement\u00a0\u00bb, soup\u00e7ons de travail forc\u00e9 des Ou\u00efghours, \u00ab\u00a0manque de clart\u00e9\u00a0\u00bb sur la cha\u00eene d&rsquo;approvisionnement, marketing par le jeu rendant accro: les trois femmes critiquent ces plateformes mais y commandent tout de m\u00eame.<\/p>\n<p class=\"col-md-8 offset-md-1 article-content--texte\">Comme d&rsquo;autres, elles sont s\u00e9duites par les prix cass\u00e9s, les tr\u00e8s larges gammes de choix, la livraison rapide et souvent gratuite. Temu, arriv\u00e9 en France en 2023, et Shein, en 2015, ont convaincu au-del\u00e0 des consid\u00e9rations environnementales et sociales, pourtant bien connues des consommateurs.<\/p>\n<p class=\"col-md-10 exergue\">Mettre le hol\u00e0 <\/p>\n<p>Aujourd&rsquo;hui en France, les grandes plateformes asiatiques repr\u00e9sentent 22% des colis achemin\u00e9s par <a class=\"fnwAddLinks\" href=\"https:\/\/fr.fashionnetwork.com\/tags-la-poste\" title=\"La Poste\" rel=\"nofollow noopener\" target=\"_blank\">La Poste<\/a>, selon le patron du groupe public fran\u00e7ais, Philippe Wahl, alors qu&rsquo;elles pesaient \u00ab\u00a0moins de 5% il y a cinq ans\u00a0\u00bb.<\/p>\n<p>M\u00eame tendance exponentielle en Europe o\u00f9 en 2024, environ 4,6 milliards d&rsquo;envois de faible valeur (\u00e0 91% en provenance de Chine) sont entr\u00e9s sur le march\u00e9, un chiffre qui a doubl\u00e9 par rapport \u00e0 2023 et tripl\u00e9 par rapport \u00e0 2022, s&rsquo;affole la Commission europ\u00e9enne.<\/p>\n<p>Le nerf de la guerre r\u00e9side dans ces quelques mots: \u00ab\u00a0de faible valeur\u00a0\u00bb, soit moins de 150 euros, seuil en dessous duquel les paquets envoy\u00e9s depuis un pays tiers dans l&rsquo;Union europ\u00e9enne \u00e9chappent aux taxes douani\u00e8res.<\/p>\n<p>Une exon\u00e9ration qui date de 2010, issue d&rsquo;un texte visant la \u00ab\u00a0fluidit\u00e9 douani\u00e8re\u00a0\u00bb et introduisant la notion de \u00ab\u00a0valeur n\u00e9gligeable\u00a0\u00bb, soit 150 euros, rembobine pour l&rsquo;AFP Isabelle Feng, juriste et chercheuse \u00e0 l&rsquo;Universit\u00e9 Libre de Bruxelles et Asia Centre.<\/p>\n<p>Mais pointant notamment des risques d&rsquo;importation \u00ab\u00a0de produits dangereux\u00a0\u00bb et une empreinte environnementale non n\u00e9gligeable sur de tels volumes, la Commission europ\u00e9enne a appel\u00e9 en f\u00e9vrier \u00e0 supprimer cette franchise.<\/p>\n<p>Le commerce international n&rsquo;a effectivement \u00ab\u00a0plus le m\u00eame visage\u00a0\u00bb, abonde Mme Feng, notamment depuis que la Chine exporte ses produits \u00ab\u00a0directement chez les consommateurs\u00a0\u00bb.<\/p>\n<p>Le pr\u00e9sident am\u00e9ricain n&rsquo;a pas attendu puisqu&rsquo;il a sign\u00e9 mardi un d\u00e9cret faisant passer de 30 \u00e0 90% les droits de douane sur les petits colis envoy\u00e9s de Chine.<\/p>\n<p class=\"col-md-10 exergue\">Mesure \u00ab\u00a0anachronique\u00a0\u00bb<\/p>\n<p>Cette exon\u00e9ration de droits de douane est un avantage \u00ab\u00a0injustifi\u00e9\u00a0\u00bb et \u00ab\u00a0anachronique\u00a0\u00bb qui cr\u00e9e une \u00ab\u00a0concurrence totalement in\u00e9quitable\u00a0\u00bb, d\u00e9nonce Marc Lolivier, d\u00e9l\u00e9gu\u00e9 g\u00e9n\u00e9ral de la F\u00e9d\u00e9ration de l&rsquo;e-commerce (<a class=\"fnwAddLinks\" href=\"https:\/\/fr.fashionnetwork.com\/tags-fevad\" title=\"Fevad\" rel=\"nofollow noopener\" target=\"_blank\">Fevad<\/a>).<\/p>\n<p>\u00ab\u00a0On est surpris du peu de r\u00e9action des autorit\u00e9s fran\u00e7aises et europ\u00e9ennes. On a l&rsquo;impression que chacune se cache derri\u00e8re l&rsquo;autre. R\u00e9sultat: il ne se passe rien\u00a0\u00bb, s&rsquo;\u00e9tonne de son c\u00f4t\u00e9 Pierre Bosche, le pr\u00e9sident de la Conf\u00e9d\u00e9ration des commer\u00e7ants de France, aupr\u00e8s de l&rsquo;AFP.<\/p>\n<p>\u00ab\u00a0Si Trump peut prendre des d\u00e9cisions en trois jours, on imagine que la Commission europ\u00e9enne peut le faire en moins de trois ans\u00a0\u00bb, s&rsquo;impatiente \u00e9galement <a class=\"fnwAddLinks\" href=\"https:\/\/fr.fashionnetwork.com\/tags-pierre-francois-le-louet\" title=\"Pierre-Fran\u00e7ois Le Lou\u00ebt\" rel=\"nofollow noopener\" target=\"_blank\">Pierre-Fran\u00e7ois Le Lou\u00ebt<\/a>, copr\u00e9sident de l&rsquo;Union Fran\u00e7aise des Industries Mode-Habillement.<\/p>\n<p>L&rsquo;Europe propose bien une r\u00e9vision du code douanier mais \u00ab\u00a0\u00e7a va mettre dix ans\u00a0\u00bb, s&rsquo;agace Yves Audo, pr\u00e9sident du Conseil du Commerce de France.<\/p>\n<p>Or, la situation est d&rsquo;autant plus urgente que \u00ab\u00a0le march\u00e9 am\u00e9ricain va devenir compliqu\u00e9 pour la Chine\u00a0\u00bb, estime Yohann Petiot, directeur g\u00e9n\u00e9ral de l&rsquo;<a class=\"fnwAddLinks\" href=\"https:\/\/fr.fashionnetwork.com\/tags-alliance-du-commerce\" title=\"Alliance du Commerce\" rel=\"nofollow noopener\" target=\"_blank\">Alliance du Commerce<\/a>. Le sp\u00e9cialiste craint un report encore plus massif de colis chinois sur l&rsquo;Europe.<\/p>\n<p>Temu \u00ab\u00a0respecte strictement l&rsquo;ensemble des lois et r\u00e9glementations applicables sur les march\u00e9s o\u00f9 la plateforme est pr\u00e9sente\u00a0\u00bb, a r\u00e9agi la plateforme d&rsquo;e-commerce, sollicit\u00e9e par l&rsquo;AFP.<\/p>\n<p>Par Ornella LAMBERTI<br \/>Paris, 10 avr 2025 (AFP)\n                            <\/p>\n<p>\n                                Tous droits de reproduction et de repr\u00e9sentation r\u00e9serv\u00e9s.<br \/>\u00a9 2025 Agence France-Presse<br \/>Toutes les informations reproduites dans cette rubrique (ou sur cette page selon le cas) sont prot\u00e9g\u00e9es par des droits de propri\u00e9t\u00e9 intellectuelle d\u00e9tenus par l&rsquo;AFP. Par cons\u00e9quent, aucune de ces informations ne peut \u00eatre reproduite, modifi\u00e9e, rediffus\u00e9e, traduite, exploit\u00e9e commercialement ou r\u00e9utilis\u00e9e de quelque mani\u00e8re que ce soit sans l&rsquo;accord pr\u00e9alable \u00e9crit de l&rsquo;AFP. L&rsquo;AFP ne pourra \u00eatre tenue pour responsable des d\u00e9lais, erreurs, omissions qui ne peuvent \u00eatre exclus, ni des cons\u00e9quences des actions ou transactions effectu\u00e9es sur la base de ces informations.\n                            <\/p>\n","protected":false},"excerpt":{"rendered":"Par AFP Publi\u00e9 le 10 avril 2025 M\u00e9fiants mais clients, les Fran\u00e7ais ach\u00e8tent massivement sur Temu et Shein,&hellip;\n","protected":false},"author":2,"featured_media":14622,"comment_status":"","ping_status":"","sticky":false,"template":"","format":"standard","meta":{"footnotes":""},"categories":[1586],"tags":[11,6299,2424,537,2423,75,1777,674,6297,1011,27,3316,2425,985,12,2298,6298,2426,2427,25,2421,1104,1105,2422],"class_list":{"0":"post-14621","1":"post","2":"type-post","3":"status-publish","4":"format-standard","5":"has-post-thumbnail","7":"category-europe","8":"tag-actualites","9":"tag-alliance-du-commerce","10":"tag-beaute","11":"tag-contact","12":"tag-cosmetiques","13":"tag-donald-trump","14":"tag-eu","15":"tag-europe","16":"tag-fevad","17":"tag-fr","18":"tag-france","19":"tag-la-poste","20":"tag-luxe","21":"tag-mode","22":"tag-news","23":"tag-parfum","24":"tag-pierre-francois-le-louet","25":"tag-professionnel","26":"tag-professionnels","27":"tag-republique-francaise","28":"tag-reseau","29":"tag-shein","30":"tag-temu","31":"tag-textile"},"share_on_mastodon":{"url":"https:\/\/pubeurope.com\/@fr\/114312991591916806","error":""},"_links":{"self":[{"href":"https:\/\/www.europesays.com\/fr\/wp-json\/wp\/v2\/posts\/14621","targetHints":{"allow":["GET"]}}],"collection":[{"href":"https:\/\/www.europesays.com\/fr\/wp-json\/wp\/v2\/posts"}],"about":[{"href":"https:\/\/www.europesays.com\/fr\/wp-json\/wp\/v2\/types\/post"}],"author":[{"embeddable":true,"href":"https:\/\/www.europesays.com\/fr\/wp-json\/wp\/v2\/users\/2"}],"replies":[{"embeddable":true,"href":"https:\/\/www.europesays.com\/fr\/wp-json\/wp\/v2\/comments?post=14621"}],"version-history":[{"count":0,"href":"https:\/\/www.europesays.com\/fr\/wp-json\/wp\/v2\/posts\/14621\/revisions"}],"wp:featuredmedia":[{"embeddable":true,"href":"https:\/\/www.europesays.com\/fr\/wp-json\/wp\/v2\/media\/14622"}],"wp:attachment":[{"href":"https:\/\/www.europesays.com\/fr\/wp-json\/wp\/v2\/media?parent=14621"}],"wp:term":[{"taxonomy":"category","embeddable":true,"href":"https:\/\/www.europesays.com\/fr\/wp-json\/wp\/v2\/categories?post=14621"},{"taxonomy":"post_tag","embeddable":true,"href":"https:\/\/www.europesays.com\/fr\/wp-json\/wp\/v2\/tags?post=14621"}],"curies":[{"name":"wp","href":"https:\/\/api.w.org\/{rel}","templated":true}]}}