{"id":146214,"date":"2025-06-02T10:59:14","date_gmt":"2025-06-02T10:59:14","guid":{"rendered":"https:\/\/www.europesays.com\/fr\/146214\/"},"modified":"2025-06-02T10:59:14","modified_gmt":"2025-06-02T10:59:14","slug":"allemagne-france-en-direct-le-3-juin-sur-ffftv","status":"publish","type":"post","link":"https:\/\/www.europesays.com\/fr\/146214\/","title":{"rendered":"Allemagne-France en direct le 3 juin sur FFFtv"},"content":{"rendered":"<p>                                                              <img data-twic-src=\"https:\/\/www.europesays.com\/fr\/wp-content\/uploads\/2025\/06\/a275e45ea98ae562dce5ca33a6d19327.png\" data-credit=\"Philippe LE BRECH \/ APL \/ FFF\" title=\"Philippe LE BRECH \/ APL \/ FFF\" alt=\"France U19 f\u00e9minine 2024-2025\" class=\"block\"\/>                                        <\/p>\n<p style=\"font-weight: bold\">Le match des Bleuettes contre l\u2019Allemagne, en pr\u00e9paration \u00e0 l\u2019Euro U19 f\u00e9minin 2025, sera diffus\u00e9 en direct sur FFFtv le mardi 3 juin (12h00).<\/p>\n<p>La rencontre amicale de pr\u00e9paration au championnat d\u2019Europe U19 f\u00e9minin 2025 opposant la France \u00e0 l&rsquo;Allemagne, le mardi 3 juin au DFB Campus de Francfort-sur-le-Main, sera retransmise en direct \u00e0 partir de 12h00 par les cha\u00eenes FFFtv et YouTube FFF.\u00a0<\/p>\n<\/p>\n<p>Ce match constituera la derni\u00e8re opportunit\u00e9 des Bleuettes de r\u00e9viser leurs gammes avant l\u2019Euro, pr\u00e9vu du dimanche 15 au vendredi 27 juin 2025. Elles y seront oppos\u00e9es en <a href=\"https:\/\/www.fff.fr\/article\/14553-avec-la-pologne-la-suede-et-l-italie.html\" target=\"_blank\" rel=\"noopener nofollow\">phase de groupes<\/a> \u00e0 la Pologne (pays h\u00f4te), \u00e0 la Su\u00e8de et \u00e0 l&rsquo;Italie.<\/p>\n<p style=\"text-align: center;\"><a href=\"https:\/\/www.fff.fr\/article\/14724-vingt-joueuses-pour-defier-l-allemagne.html\" target=\"_blank\" rel=\"noopener nofollow\"><strong>La liste des joueuses contre l&rsquo;Allemagne<\/strong><\/a><\/p>\n","protected":false},"excerpt":{"rendered":"Le match des Bleuettes contre l\u2019Allemagne, en pr\u00e9paration \u00e0 l\u2019Euro U19 f\u00e9minin 2025, sera diffus\u00e9 en direct sur&hellip;\n","protected":false},"author":2,"featured_media":146215,"comment_status":"","ping_status":"","sticky":false,"template":"","format":"standard","meta":{"footnotes":""},"categories":[4],"tags":[11,85,1011,27,12,25],"class_list":{"0":"post-146214","1":"post","2":"type-post","3":"status-publish","4":"format-standard","5":"has-post-thumbnail","7":"category-france","8":"tag-actualites","9":"tag-fff","10":"tag-fr","11":"tag-france","12":"tag-news","13":"tag-republique-francaise"},"share_on_mastodon":{"url":"https:\/\/pubeurope.com\/@fr\/114613424229046154","error":""},"_links":{"self":[{"href":"https:\/\/www.europesays.com\/fr\/wp-json\/wp\/v2\/posts\/146214","targetHints":{"allow":["GET"]}}],"collection":[{"href":"https:\/\/www.europesays.com\/fr\/wp-json\/wp\/v2\/posts"}],"about":[{"href":"https:\/\/www.europesays.com\/fr\/wp-json\/wp\/v2\/types\/post"}],"author":[{"embeddable":true,"href":"https:\/\/www.europesays.com\/fr\/wp-json\/wp\/v2\/users\/2"}],"replies":[{"embeddable":true,"href":"https:\/\/www.europesays.com\/fr\/wp-json\/wp\/v2\/comments?post=146214"}],"version-history":[{"count":0,"href":"https:\/\/www.europesays.com\/fr\/wp-json\/wp\/v2\/posts\/146214\/revisions"}],"wp:featuredmedia":[{"embeddable":true,"href":"https:\/\/www.europesays.com\/fr\/wp-json\/wp\/v2\/media\/146215"}],"wp:attachment":[{"href":"https:\/\/www.europesays.com\/fr\/wp-json\/wp\/v2\/media?parent=146214"}],"wp:term":[{"taxonomy":"category","embeddable":true,"href":"https:\/\/www.europesays.com\/fr\/wp-json\/wp\/v2\/categories?post=146214"},{"taxonomy":"post_tag","embeddable":true,"href":"https:\/\/www.europesays.com\/fr\/wp-json\/wp\/v2\/tags?post=146214"}],"curies":[{"name":"wp","href":"https:\/\/api.w.org\/{rel}","templated":true}]}}