{"id":146218,"date":"2025-06-02T11:02:15","date_gmt":"2025-06-02T11:02:15","guid":{"rendered":"https:\/\/www.europesays.com\/fr\/146218\/"},"modified":"2025-06-02T11:02:15","modified_gmt":"2025-06-02T11:02:15","slug":"jj-van-der-mescht-devrait-quitter-le-stade-francais","status":"publish","type":"post","link":"https:\/\/www.europesays.com\/fr\/146218\/","title":{"rendered":"JJ Van der Mescht devrait quitter le Stade Fran\u00e7ais"},"content":{"rendered":"<p style=\"text-align: justify;\"><strong>TRANSFERTS STADE FRAN\u00c7AIS \u2013 Alors que le Stade Fran\u00e7ais lutte pour son maintien en Top 14, un homme fort du pack devrait quitter le club. JJ Van der Mescht serait proche de Northampton, r\u00e9cent finaliste de la Champions Cup.<\/strong><\/p>\n<p style=\"text-align: justify;\">Le <strong>Stade Fran\u00e7ais<\/strong> et <a href=\"https:\/\/dicodusport.fr\/blog\/transfert-stade-francais-tout-savoir-sur-jj-van-der-mescht-le-colosse-sud-africain-dans-notre-quiz-rugby\/\" rel=\"nofollow noopener\" target=\"_blank\"><strong>JJ Van der Mescht<\/strong><\/a>, c\u2019\u00e9tait parti pour durer, \u00e0 priori jusqu\u2019\u00e0 l\u2019\u00e9t\u00e9 2027. Du moins, c\u2019\u00e9tait \u00e0 cette date que son contrat devait prendre fin. Le deuxi\u00e8me-ligne sud-africain a \u00e9t\u00e9 un des hommes forts de <a href=\"https:\/\/dicodusport.fr\/blog\/transferts-stade-francais-lavenir-de-paul-gustard-se-precise\/\" rel=\"nofollow noopener\" target=\"_blank\"><strong>Paul Gustard<\/strong><\/a> cette saison, malgr\u00e9 un bilan collectif plus que moyen. En effet, \u00e0 une journ\u00e9e de la fin du championnat, le Stade Fran\u00e7ais lutte encore pour son maintien en Top 14.<\/p>\n<p>JJ Van der Mescht, une sacr\u00e9e perte pour le Stade Fran\u00e7ais<\/p>\n<p style=\"text-align: justify;\">Form\u00e9 en Afrique du Sud, r\u00e9v\u00e9l\u00e9 chez les Sharks, <strong>JJ van der Mescht<\/strong> s\u2019est impos\u00e9 comme un cadre du Stade Fran\u00e7ais depuis son arriv\u00e9e en 2021. Mais il pourrait bien traverser la Manche cet \u00e9t\u00e9. <strong>JJ Van der Mescht<\/strong> (2m, 145 kg) serait en effet en \u00ab contacts tr\u00e8s avanc\u00e9s\u00a0\u00bb avec Northampton, selon nos confr\u00e8res de The Rugby Pass. Le profil particulier du Sud-Africain aurait impressionn\u00e9 le directeur du rugby du club anglais lors du match entre les deux \u00e9quipes cette saison. Il rejoindrait donc le finaliste malheureux de la Champions Cup, <a href=\"https:\/\/dicodusport.fr\/blog\/finale-champions-cup-lubb-remporte-son-premier-titre-majeur-de-son-histoire-en-battant-northampton\/\" rel=\"nofollow noopener\" target=\"_blank\">d\u00e9fait par l\u2019Union Bordeaux-B\u00e8gles<\/a>.<\/p>\n<p style=\"text-align: justify;\">En rejoignant Northampton, <strong>JJ Van der Mescht<\/strong> prendrait num\u00e9riquement la place de <strong>Temo Mayanavanua<\/strong>. Le Fidjien devrait rejoindre les <strong>Fijian Drua<\/strong>. Une perte importante pour le Stade Fran\u00e7ais, surtout en cas de rel\u00e9gation. Plusieurs cadres de l\u2019effectif pourraient quitter la capitale en cas de descente en Pro D2. <strong>Sekou Macalou, Louis Carbonnel, L\u00e9o Barr\u00e9<\/strong> ou encore <strong>Pierre-Henri<\/strong> <strong>Azagoh<\/strong> seraient d\u00e9j\u00e0 courtis\u00e9s par d\u2019autres clubs du Top 14.<\/p>\n<p>\u00c0 ce sujet<br \/>\n<a href=\"https:\/\/dicodusport.fr\/blog\/transferts-stade-francais-2025-arrivees-departs-et-prolongations\/\" class=\"vlp-link\" title=\"Transferts Stade Fran\u00e7ais 2025 : Recrues, d\u00e9parts et prolongations\" rel=\"nofollow noopener\" target=\"_blank\"><img loading=\"lazy\" decoding=\"async\" style=\"max-width: 792px;\" width=\"792\" height=\"445\" class=\"attachment-800x445 size-800x445 perfmatters-lazy\" alt=\"\" src=\"https:\/\/www.europesays.com\/fr\/wp-content\/uploads\/2025\/05\/Transferts-Stade-Francais-2025-Arrivees-departs-et-prolongations.png\"  data-\/><\/p>\n<p>Transferts Stade Fran\u00e7ais 2025 : Recrues, d\u00e9parts et prolongations<\/p>\n<p>Arriv\u00e9es, d\u00e9parts et prolongations au Stade Fran\u00e7ais<\/p>\n<p>Lire l&rsquo;article<\/p>\n<p>dicodusport.fr<\/p>\n","protected":false},"excerpt":{"rendered":"TRANSFERTS STADE FRAN\u00c7AIS \u2013 Alors que le Stade Fran\u00e7ais lutte pour son maintien en Top 14, un homme&hellip;\n","protected":false},"author":2,"featured_media":146219,"comment_status":"","ping_status":"","sticky":false,"template":"","format":"standard","meta":{"footnotes":""},"categories":[1416],"tags":[2113,1011,27,479,1468,60,2558,477],"class_list":{"0":"post-146218","1":"post","2":"type-post","3":"status-publish","4":"format-standard","5":"has-post-thumbnail","7":"category-rugby","8":"tag-breve","9":"tag-fr","10":"tag-france","11":"tag-rugby","12":"tag-rugby-football","13":"tag-sports","14":"tag-stade-francais","15":"tag-transferts-rugby"},"share_on_mastodon":{"url":"https:\/\/pubeurope.com\/@fr\/114613436180705470","error":""},"_links":{"self":[{"href":"https:\/\/www.europesays.com\/fr\/wp-json\/wp\/v2\/posts\/146218","targetHints":{"allow":["GET"]}}],"collection":[{"href":"https:\/\/www.europesays.com\/fr\/wp-json\/wp\/v2\/posts"}],"about":[{"href":"https:\/\/www.europesays.com\/fr\/wp-json\/wp\/v2\/types\/post"}],"author":[{"embeddable":true,"href":"https:\/\/www.europesays.com\/fr\/wp-json\/wp\/v2\/users\/2"}],"replies":[{"embeddable":true,"href":"https:\/\/www.europesays.com\/fr\/wp-json\/wp\/v2\/comments?post=146218"}],"version-history":[{"count":0,"href":"https:\/\/www.europesays.com\/fr\/wp-json\/wp\/v2\/posts\/146218\/revisions"}],"wp:featuredmedia":[{"embeddable":true,"href":"https:\/\/www.europesays.com\/fr\/wp-json\/wp\/v2\/media\/146219"}],"wp:attachment":[{"href":"https:\/\/www.europesays.com\/fr\/wp-json\/wp\/v2\/media?parent=146218"}],"wp:term":[{"taxonomy":"category","embeddable":true,"href":"https:\/\/www.europesays.com\/fr\/wp-json\/wp\/v2\/categories?post=146218"},{"taxonomy":"post_tag","embeddable":true,"href":"https:\/\/www.europesays.com\/fr\/wp-json\/wp\/v2\/tags?post=146218"}],"curies":[{"name":"wp","href":"https:\/\/api.w.org\/{rel}","templated":true}]}}