{"id":146233,"date":"2025-06-02T11:11:20","date_gmt":"2025-06-02T11:11:20","guid":{"rendered":"https:\/\/www.europesays.com\/fr\/146233\/"},"modified":"2025-06-02T11:11:20","modified_gmt":"2025-06-02T11:11:20","slug":"il-aide-a-voir-la-vie-differemment-cet-ouvrage-est-le-livre-francais-le-plus-lu-au-monde","status":"publish","type":"post","link":"https:\/\/www.europesays.com\/fr\/146233\/","title":{"rendered":"\u00ab\u00a0Il aide \u00e0 voir la vie diff\u00e9remment\u00a0\u00bb, cet ouvrage est le livre Fran\u00e7ais le plus lu au monde"},"content":{"rendered":"<p>\n        Vendu \u00e0 plus de 200 millions d\u2019exemplaires dans quelques 1300 \u00e9ditions, ce livre r\u00e9dig\u00e9 par Antoine de Saint-Exup\u00e9ry est le second ouvrage le plus traduit dans le monde apr\u00e8s la Bible. Pour les sp\u00e9cialistes, son succ\u00e8s rel\u00e8ve de son message intemporel et universel.    <\/p>\n<p class=\"standard\">\u00ab On ne voit bien qu\u2019avec le coeur. L\u2019essentiel est invisible pour les yeux. \u00bb Cette citation c\u00e9l\u00e8bre r\u00e9sonnera s\u00fbrement dans le coeur de nombreux adultes qui ont lu l\u2019\u0153uvre majeure de l\u2019\u00e9crivain et po\u00e8te <strong>Antoine de Saint-Exup\u00e9ry<\/strong>. Paru quasi simultan\u00e9ment <strong>en fran\u00e7ais et en anglais aux Etats-Unis en 1943<\/strong> chez les \u00e9diteurs Reynal &amp; Hitchcock, cet ouvrage ne sera pourtant \u00e9dit\u00e9 en France qu\u2019en 1946, \u00e0 titre posthume. L\u2019auteur a disparu en mer lors d\u2019u vol d\u2019observation en juillet 1944. D\u00e8s sa sortie, le livre est un succ\u00e8s. Les 10 000 exemplaires imprim\u00e9s s\u2019\u00e9coulent tr\u00e8s vite et une nouvelle impression est lanc\u00e9e d\u00e8s l\u2019ann\u00e9e suivante. Outre-atlantique, Saint-Exup\u00e9ry est d\u00e9j\u00e0 un auteur connu qui a re\u00e7u des distinctions prestigieuses, notamment pour ses oeuvres Vol de Nuit (<a href=\"https:\/\/www.aufeminin.com\/livres-a-lire\/ce-livre-qui-a-recu-le-prix-femina-il-y-a-quelques-annees-va-etre-adapte-au-cinema-en-2025-on-a-hate-s4103260.html\" target=\"_blank\" rel=\"noopener\">Prix Femina <\/a>1931) et Terre des Hommes.<\/p>\n<p>La suite apr\u00e8s cette publicit\u00e9<\/p>\n<p class=\"standard\">Cependant, Le Petit Prince, conte pour enfants illustr\u00e9 de <a href=\"https:\/\/www.aufeminin.com\/tutos-diy-do-it-yourself\/quel-materiel-acheter-pour-debuter-l-aquarelle-s4048863.html\" target=\"_blank\" rel=\"noopener\">ses propres aquarelles<\/a>, deviendra le plus gros succ\u00e8s de la carri\u00e8re de Saint-Exup\u00e9ry. De l\u2019aram\u00e9en au latin, en passant par le quechua et le proven\u00e7al, le livre a \u00e9t\u00e9<strong> traduit en plus de 600 langues et dialectes diff\u00e9rents<\/strong>. On ne compte plus non plus les adaptations au cin\u00e9ma, au th\u00e9\u00e2tre, en bande-dessin\u00e9e ou \u00e0 la radio. En 1954, la lecture de l\u2019oeuvre par l\u2019acteur <strong>G\u00e9rard Philippe<\/strong> a d\u2019ailleurs marqu\u00e9 un tournant pour l\u2019oeuvre, qui n\u2019a cess\u00e9 d\u2019augmenter ses ventes par la suite. \u00c0 travers les mots et les tournures de phrases simples utilis\u00e9s par Saint-Exup\u00e9ry se cachent <strong>des messages philosophiques universels<\/strong> qui ont su toucher toutes les g\u00e9n\u00e9rations et tous les peuples.<\/p>\n<p>La suite apr\u00e8s cette publicit\u00e9<\/p>\n<p>Un message universel\u2026<\/p>\n<p class=\"standard\">Alors que certains consid\u00e8rent les id\u00e9es port\u00e9es par l\u2019histoire comme mi\u00e8vres et d\u00e9j\u00e0 \u00e9voqu\u00e9es par les grands philosophes antiques, d\u2019autres comme Alban Cerisier, \u00e9diteur et sp\u00e9cialiste de l\u2019oeuvre, y voit une mani\u00e8re de <strong>rendre la philosophie accessible \u00e0 tous<\/strong>. Dans un entretien accord\u00e9 \u00e0 <a href=\"https:\/\/www.20minutes.fr\/arts-stars\/livres\/4149832-20250423-journee-mondiale-livre-comment-petit-prince-reussi-devenir-livre-plus-lu-traduit-monde#:~:text=Le%20Petit%20Prince%20d&#039;Antoine,ce%20succ%C3%A8s%20de%20notre%20soci%C3%A9t%C3%A9%20?\" rel=\"noopener noreferrer nofollow\" target=\"_blank\">20 minutes<\/a>, en 2025, il estime que Saint-Exup\u00e9ry fait de la \u00ab philosophie clandestine. \u00bb Selon lui, \u00ab il fait passer des v\u00e9rit\u00e9s humaines, tr\u00e8s puissantes, tr\u00e8s d\u00e9battables, tr\u00e8s d\u00e9fendables avec une histoire, des images et des \u00e9motions. \u00bb Par ailleurs, il explique que le roman fait preuve de sinc\u00e9rit\u00e9 car l\u2019\u00e9crivain y insuffle <strong>des \u00e9l\u00e9ments de sa propre exp\u00e9rience de vie<\/strong>.<\/p>\n<p>La suite apr\u00e8s cette publicit\u00e9<\/p>\n<p class=\"standard\">Emprunt de le\u00e7ons de vie et de messages philosophiques, le r\u00e9cit porte une charge \u00e9motionnelle tr\u00e8s forte. En abordant des th\u00e8mes tels que <a href=\"https:\/\/www.aufeminin.com\/vie-de-couple\/nous-avons-18-ans-d-ecart-a-41-ans-elle-est-en-couple-avec-un-homme-de-23-ans-et-envoie-valser-les-critiques-s4113509.html\" target=\"_blank\" rel=\"noopener\">l\u2019amour<\/a>, <a href=\"https:\/\/www.aufeminin.com\/relations-aux-autres\/une-amitie-a-trois-peut-elle-reellement-fonctionner-une-experte-donne-son-avis-s4109050.html\" target=\"_blank\" rel=\"noopener\">l\u2019amiti\u00e9<\/a>, le sens de la vie, l\u2019ouvrage de Saint-Exup\u00e9ry touche autant les adultes que les enfants par<strong> sa port\u00e9e symbolique puissante<\/strong>. De nombreuses citations sont ainsi devenues c\u00e9l\u00e8bres. \u00ab C&rsquo;est le temps que tu as perdu pour ta rose qui fait ta rose si importante \u00bb apporte ainsi une d\u00e9finition de l\u2019amour, celle du don de soi. \u00ab C\u2019est tellement myst\u00e9rieux, le pays des larmes \u00bb \u00e9voque quant \u00e0 elle la tristesse et la difficult\u00e9 d\u2019en tracer les contours.<\/p>\n<p>La suite apr\u00e8s cette publicit\u00e9<\/p>\n<p>\u2026et interg\u00e9n\u00e9rationel<\/p>\n<p class=\"standard\">Les multiples adaptations \u00e0 travers les \u00e9poques sont la preuve de<strong> l\u2019intemporalit\u00e9 du conte<\/strong>. Selon Alban Cerisier, il s\u2019agit m\u00eame d\u2019un \u00ab ouvrage de transmission \u00bb. Les Hommes y trouveraient un message d\u2019espoir qu\u2019ils chercheraient \u00e0 <a href=\"https:\/\/www.aufeminin.com\/enfant\/les-10-meilleures-series-animees-pour-enfant-s2053875.html\" target=\"_blank\" rel=\"noopener\">transmettre \u00e0 leurs enfants<\/a>, faisant ainsi du livre un oeuvre interg\u00e9n\u00e9rationnelle. Certaines histoires ont <strong>le don de vous consoler<\/strong>, c\u2019est le cas du Petit Prince, qui, par sa candeur et sa douceur, panse les maux. Par ailleurs, Antoine de Saint-Exuyp\u00e9ry s\u2019est efforc\u00e9 de ne pas ancrer son histoire dans une \u00e9poque, la rendant intemporelle.<\/p>\n<p>La suite apr\u00e8s cette publicit\u00e9<\/p>\n<p class=\"standard\">Vendu \u00e0 plus de 200 millions d\u2019exemplaires dans le monde, Le Petit Prince reste l\u2019oeuvre litt\u00e9raire fran\u00e7aise la plus lue au monde. Elle est toutefois suivie de pr\u00e8s par d\u2019autres oeuvres majeures que sont <a href=\"https:\/\/www.aufeminin.com\/livres-a-lire\/ces-5-romans-sont-les-meilleurs-de-tous-les-temps-selon-chat-gpt-les-avez-vous-deja-lus-s4114239.html\" target=\"_blank\" rel=\"noopener\">Les Mis\u00e9rables<\/a> de Victor Hugo (1862), <a href=\"https:\/\/www.aufeminin.com\/livres-a-lire\/best-sellers-francais-livres-meilleures-ventes-s401496.html\" target=\"_blank\" rel=\"noopener\">L\u2019\u00c9tranger<\/a> d\u2019Albert Camus (1942), <a href=\"https:\/\/www.aufeminin.com\/livres-a-lire\/ce-livre-culte-ecrit-en-1844-a-vu-ses-ventes-exploser-ces-dernieres-semaines-la-raison-est-evidente-s4092525.html\" target=\"_blank\" rel=\"noopener\">Le Comte de Monte-Cristo<\/a> d\u2019Alexandre Dumas (1844) ou <a href=\"https:\/\/www.aufeminin.com\/sorties-cinema\/madame-bovary-critique-du-film-de-sophia-barthes-s1634061.html\" target=\"_blank\" rel=\"noopener\">Madame Bovary<\/a> de Gustave Flaubert (1857). Toutes ces \u0153uvres partagent une m\u00eame volont\u00e9 : <strong>interroger notre humanit\u00e9, nos valeurs, nos doutes<\/strong>. Comme tout grand livre, elles <strong>nous marquent profond\u00e9ment<\/strong>, bien au-del\u00e0 de la derni\u00e8re page tourn\u00e9e.<\/p>\n<p>La suite apr\u00e8s cette publicit\u00e9<\/p>\n<p>    <a href=\"https:\/\/www.aufeminin.com\/author\/28030\" target=\"_blank\" rel=\"noopener\"><br \/>\n        <img loading=\"lazy\" decoding=\"async\" src=\"https:\/\/www.europesays.com\/fr\/wp-content\/uploads\/2025\/06\/1551264717_s50.jpg\" width=\"50\" height=\"50\" alt=\"L\u00e9a Robert\"\/><br \/>\n    <\/a><\/p>\n<p>            R\u00e9dactrice\n    <\/p>\n<p>Journaliste polyvalente, L\u00e9a a collabor\u00e9 avec le magazine\u00a0Diplomatie\u00a0et l&rsquo;agence de presse Magnum Photos. En 2024, elle rejoint l&rsquo;\u00e9quipe d&rsquo;Auf\u00e9minin en tant que pigiste. Passionn\u00e9e par l&rsquo;actualit\u00e9 internationale, la politique et \u2026<\/p>\n","protected":false},"excerpt":{"rendered":"Vendu \u00e0 plus de 200 millions d\u2019exemplaires dans quelques 1300 \u00e9ditions, ce livre r\u00e9dig\u00e9 par Antoine de Saint-Exup\u00e9ry&hellip;\n","protected":false},"author":2,"featured_media":146234,"comment_status":"","ping_status":"","sticky":false,"template":"","format":"standard","meta":{"footnotes":""},"categories":[1357],"tags":[1111,19009,1379,58,27517,59,1011,27,937,27518,1380,27519,7838,4698],"class_list":{"0":"post-146233","1":"post","2":"type-post","3":"status-publish","4":"format-standard","5":"has-post-thumbnail","7":"category-livres","8":"tag-actu","9":"tag-actualitu00e9s","10":"tag-books","11":"tag-divertissement","12":"tag-emotions","13":"tag-entertainment","14":"tag-fr","15":"tag-france","16":"tag-histoire","17":"tag-livre-pour-enfant","18":"tag-livres","19":"tag-livres-pour-enfants","20":"tag-loisirs-enfants","21":"tag-thu00e9u00e2tre"},"share_on_mastodon":{"url":"https:\/\/pubeurope.com\/@fr\/114613471377436591","error":""},"_links":{"self":[{"href":"https:\/\/www.europesays.com\/fr\/wp-json\/wp\/v2\/posts\/146233","targetHints":{"allow":["GET"]}}],"collection":[{"href":"https:\/\/www.europesays.com\/fr\/wp-json\/wp\/v2\/posts"}],"about":[{"href":"https:\/\/www.europesays.com\/fr\/wp-json\/wp\/v2\/types\/post"}],"author":[{"embeddable":true,"href":"https:\/\/www.europesays.com\/fr\/wp-json\/wp\/v2\/users\/2"}],"replies":[{"embeddable":true,"href":"https:\/\/www.europesays.com\/fr\/wp-json\/wp\/v2\/comments?post=146233"}],"version-history":[{"count":0,"href":"https:\/\/www.europesays.com\/fr\/wp-json\/wp\/v2\/posts\/146233\/revisions"}],"wp:featuredmedia":[{"embeddable":true,"href":"https:\/\/www.europesays.com\/fr\/wp-json\/wp\/v2\/media\/146234"}],"wp:attachment":[{"href":"https:\/\/www.europesays.com\/fr\/wp-json\/wp\/v2\/media?parent=146233"}],"wp:term":[{"taxonomy":"category","embeddable":true,"href":"https:\/\/www.europesays.com\/fr\/wp-json\/wp\/v2\/categories?post=146233"},{"taxonomy":"post_tag","embeddable":true,"href":"https:\/\/www.europesays.com\/fr\/wp-json\/wp\/v2\/tags?post=146233"}],"curies":[{"name":"wp","href":"https:\/\/api.w.org\/{rel}","templated":true}]}}