{"id":146256,"date":"2025-06-02T11:23:15","date_gmt":"2025-06-02T11:23:15","guid":{"rendered":"https:\/\/www.europesays.com\/fr\/146256\/"},"modified":"2025-06-02T11:23:15","modified_gmt":"2025-06-02T11:23:15","slug":"un-stephanois-condamne-a-6-ans-de-prison-pour-un-go-fast-en-isere","status":"publish","type":"post","link":"https:\/\/www.europesays.com\/fr\/146256\/","title":{"rendered":"un St\u00e9phanois condamn\u00e9 \u00e0 6 ans de prison pour un \u00ab\u00a0go fast\u00a0\u00bb en Is\u00e8re"},"content":{"rendered":"<p>Le 11\u00a0octobre 2022, les policiers grenoblois interceptaient, \u00e0 l\u2019aire de repos de Portes-l\u00e8s-Valence, sur l\u2019autoroute A7, un convoi de deux voitures \u00ab ouvreuses \u00bb et une \u00ab\u00a0porteuse \u00bb.<\/p>\n<p>Dans cette derni\u00e8re, 305\u00a0kg de r\u00e9sine de cannabis. \u00c0 son volant, le St\u00e9phanois Madjid Smati. Deux ans plus tard, le tribunal de Grenoble le condamnait \u00e0 quatre ans de prison ferme.<\/p>\n<p>\u00ab\u00a0Je n\u2019\u00e9tais qu\u2019un pion\u00a0!\u00a0\u00bb, rappelle celui qui a d\u00e9sormais 38 ans. Ayant r\u00e9cemment recouvr\u00e9 la libert\u00e9, mais sous bracelet \u00e9lectronique, le trentenaire devait&#8230;<\/p>\n","protected":false},"excerpt":{"rendered":"Le 11\u00a0octobre 2022, les policiers grenoblois interceptaient, \u00e0 l\u2019aire de repos de Portes-l\u00e8s-Valence, sur l\u2019autoroute A7, un convoi&hellip;\n","protected":false},"author":2,"featured_media":146257,"comment_status":"","ping_status":"","sticky":false,"template":"","format":"standard","meta":{"footnotes":""},"categories":[9653],"tags":[1111,11,2430,7539,1777,674,274,1011,27,3367,12,25,4001,7538],"class_list":{"0":"post-146256","1":"post","2":"type-post","3":"status-publish","4":"format-standard","5":"has-post-thumbnail","7":"category-saint-etienne","8":"tag-actu","9":"tag-actualites","10":"tag-auvergne-rhone-alpes","11":"tag-edition-loire-sud","12":"tag-eu","13":"tag-europe","14":"tag-faits-divers-justice","15":"tag-fr","16":"tag-france","17":"tag-loire","18":"tag-news","19":"tag-republique-francaise","20":"tag-saint-etienne","21":"tag-saint-etienne-ville"},"share_on_mastodon":{"url":"https:\/\/pubeurope.com\/@fr\/114613518634023470","error":""},"_links":{"self":[{"href":"https:\/\/www.europesays.com\/fr\/wp-json\/wp\/v2\/posts\/146256","targetHints":{"allow":["GET"]}}],"collection":[{"href":"https:\/\/www.europesays.com\/fr\/wp-json\/wp\/v2\/posts"}],"about":[{"href":"https:\/\/www.europesays.com\/fr\/wp-json\/wp\/v2\/types\/post"}],"author":[{"embeddable":true,"href":"https:\/\/www.europesays.com\/fr\/wp-json\/wp\/v2\/users\/2"}],"replies":[{"embeddable":true,"href":"https:\/\/www.europesays.com\/fr\/wp-json\/wp\/v2\/comments?post=146256"}],"version-history":[{"count":0,"href":"https:\/\/www.europesays.com\/fr\/wp-json\/wp\/v2\/posts\/146256\/revisions"}],"wp:featuredmedia":[{"embeddable":true,"href":"https:\/\/www.europesays.com\/fr\/wp-json\/wp\/v2\/media\/146257"}],"wp:attachment":[{"href":"https:\/\/www.europesays.com\/fr\/wp-json\/wp\/v2\/media?parent=146256"}],"wp:term":[{"taxonomy":"category","embeddable":true,"href":"https:\/\/www.europesays.com\/fr\/wp-json\/wp\/v2\/categories?post=146256"},{"taxonomy":"post_tag","embeddable":true,"href":"https:\/\/www.europesays.com\/fr\/wp-json\/wp\/v2\/tags?post=146256"}],"curies":[{"name":"wp","href":"https:\/\/api.w.org\/{rel}","templated":true}]}}