{"id":146268,"date":"2025-06-02T11:29:09","date_gmt":"2025-06-02T11:29:09","guid":{"rendered":"https:\/\/www.europesays.com\/fr\/146268\/"},"modified":"2025-06-02T11:29:09","modified_gmt":"2025-06-02T11:29:09","slug":"garofalo-et-j-martin-pour-le-1er-souvenir-guy-chaptal-a-vendargues-as","status":"publish","type":"post","link":"https:\/\/www.europesays.com\/fr\/146268\/","title":{"rendered":"Garofalo et J. Martin pour le 1er Souvenir Guy-Chaptal \u00e0 Vendargues (AS)"},"content":{"rendered":"<p><strong>Entr\u00e9e\u00a0: le plein. Organisation\u00a0: C.T. La Muleta. Pr\u00e9sident\u00a0: Aur\u00e9lien Laget. Raseteurs droitiers\u00a0: Katif, Laurier, F.\u00a0Martin (sort au 6e, ennuis musculaires). Raseteurs gauchers\u00a0: K.\u00a0Boualam, M\u00e9ric, J.\u00a0Martin, Assenat. Tourneurs\u00a0: Gleize, Est\u00e8ve, Cartalade, Santelli.<\/strong><\/p>\n<p>\u00ab\u00a0Que ce soit \u00e0 table, aux ar\u00e8nes ou \u00e0 cheval, il faut de la tenue\u00a0\u00bb se souvient Serge Hermet du C.T. La Muleta en \u00e9voquant les dires de Guy Chaptal en ouverture du 1er Souvenir d\u00e9di\u00e9 \u00e0 l&rsquo;\u00e9minent Vendarguois, occasion \u00e9galement de f\u00eater les 25\u00a0ans des ar\u00e8nes. Et de la tenue, il y en eut. Tant chez les cocardiers que chez les raseteurs par le travail r\u00e9gulier et investi de tous. Sont distingu\u00e9s \u00e0 juste titre Garofalo et J\u00e9r\u00f4me Martin.<\/p>\n<p><strong>SANTORIN (Saumade, N.432).-<\/strong> Un sacr\u00e9 client, m\u00e9chant et brutal, capable de se retenir mais aussi, \u00e0 tous moments, de s&rsquo;envoyer dangereusement pour plusieurs tampons. Rentre ses ficelles avec caract\u00e8re. 2 Carmen et retour.<\/p>\n<p><strong>RACKAM (Blati\u00e8re-Bessac, remplace Boh\u00e9mien, N.327).-<\/strong> Attaqu\u00e9 plein pot, les rubans volent vite. Offensif et volontaire, il se soul\u00e8ve, passe le poitrail (2 Carmen). Mais \u00e0 mi-temps, ralentit ses charges et devient quelconque. Garde une ficelle.<\/p>\n<p><strong>NERON (Cuill\u00e9, N.427).-<\/strong> Assailli sans demi-mesure, il navigue, se d\u00e9cale, encha\u00eene avec beaucoup de d\u00e9chets. Sous le travail, ses qualit\u00e9s ressortent avec quelques belles arriv\u00e9es aux planches et de bonnes s\u00e9ries. Les ficelles \u00e0 600\u00a0\u20ac rentrent mais ce n&rsquo;est pas faute d&rsquo;avoir essay\u00e9. 4 Carmen et retour.<\/p>\n<p><strong>QUIETO (Le Ch\u00eane blanc, N.381).-<\/strong> Il faut qu&rsquo;il soit bien plac\u00e9 aux planches pour que ses poursuites prennent de l&rsquo;ampleur, apr\u00e8s qu&rsquo;il ait fait le pas, ses enferm\u00e9es font vibrer le public. Notamment apr\u00e8s J. Martin 3, Boualam, Katif ou F. Martin 3, mis plus ou moins en danger. Ficelles en place, 6 Carmen et retour.<\/p>\n<p><strong>FARFADET (Nicollin, N.504).- <\/strong>Volontaire, encha\u00eene avec vigueur et pousse jusqu&rsquo;au ras. Gauche &#8211; droite, tout va bien, sans refus et avec vaillance. Des rasets en continue jusqu&rsquo;\u00e0 se cabrer et rentrer courageusement une ficelle. 5 Carmen et retour.<\/p>\n<p><strong>GAROFALO (Occitane, N.415).-<\/strong> Puissant, brutal, la m\u00e9chancet\u00e9 \u00e0 fleur de peau. Une s\u00e9rie le calme un peu mais il cherche le combat et reste tr\u00e8s r\u00e9actif. Eclate les planches apr\u00e8s Boualam et M\u00e9ric, frappe apr\u00e8s Katif, J.\u00a0Martin. \u00c0 Katif les glands et les ficelles. Garofalo envoie du lourd en 13&rsquo;30, retour en musique (+\u00a05).<\/p>\n<p><strong>QUINSON (Lagarde, N.403, HP).- <\/strong>Fantasque, il se joue des barri\u00e8res et affiche son agressivit\u00e9. Impr\u00e9visible, il peut fuser, sauter, se centrer ou s&rsquo;envoyer haut et fort. Katif et J. Martin insistent et ont \u00e0 c\u0153ur d&rsquo;assurer un final p\u00e9tillant. \u00c0 force de taper, Quinsoun se blesse et r\u00e9int\u00e8gre (12e) avec ses ficelles et la musique (+\u00a06).<\/p>\n<p>Troph\u00e9e des As : Katif (20), J. Martin (11), F. Martin (9), Boualam et M\u00e9ric (6), Laurier et Assenat (2).<\/p>\n","protected":false},"excerpt":{"rendered":"Entr\u00e9e\u00a0: le plein. Organisation\u00a0: C.T. La Muleta. Pr\u00e9sident\u00a0: Aur\u00e9lien Laget. Raseteurs droitiers\u00a0: Katif, Laurier, F.\u00a0Martin (sort au 6e,&hellip;\n","protected":false},"author":2,"featured_media":146269,"comment_status":"","ping_status":"","sticky":false,"template":"","format":"standard","meta":{"footnotes":""},"categories":[9599],"tags":[15467,17,1111,11,13912,6466,1777,674,1011,27,27520,2831,4268,2208,12,2680,471,25,20823],"class_list":{"0":"post-146268","1":"post","2":"type-post","3":"status-publish","4":"format-standard","5":"has-post-thumbnail","7":"category-montpellier","8":"tag-1er","9":"tag-17","10":"tag-actu","11":"tag-actualites","12":"tag-camarguaise","13":"tag-course","14":"tag-eu","15":"tag-europe","16":"tag-fr","17":"tag-france","18":"tag-garofalo","19":"tag-loisirs-traditions","20":"tag-martin","21":"tag-montpellier","22":"tag-news","23":"tag-occitanie","24":"tag-pour","25":"tag-republique-francaise","26":"tag-souvenir"},"share_on_mastodon":{"url":"https:\/\/pubeurope.com\/@fr\/114613542153695095","error":""},"_links":{"self":[{"href":"https:\/\/www.europesays.com\/fr\/wp-json\/wp\/v2\/posts\/146268","targetHints":{"allow":["GET"]}}],"collection":[{"href":"https:\/\/www.europesays.com\/fr\/wp-json\/wp\/v2\/posts"}],"about":[{"href":"https:\/\/www.europesays.com\/fr\/wp-json\/wp\/v2\/types\/post"}],"author":[{"embeddable":true,"href":"https:\/\/www.europesays.com\/fr\/wp-json\/wp\/v2\/users\/2"}],"replies":[{"embeddable":true,"href":"https:\/\/www.europesays.com\/fr\/wp-json\/wp\/v2\/comments?post=146268"}],"version-history":[{"count":0,"href":"https:\/\/www.europesays.com\/fr\/wp-json\/wp\/v2\/posts\/146268\/revisions"}],"wp:featuredmedia":[{"embeddable":true,"href":"https:\/\/www.europesays.com\/fr\/wp-json\/wp\/v2\/media\/146269"}],"wp:attachment":[{"href":"https:\/\/www.europesays.com\/fr\/wp-json\/wp\/v2\/media?parent=146268"}],"wp:term":[{"taxonomy":"category","embeddable":true,"href":"https:\/\/www.europesays.com\/fr\/wp-json\/wp\/v2\/categories?post=146268"},{"taxonomy":"post_tag","embeddable":true,"href":"https:\/\/www.europesays.com\/fr\/wp-json\/wp\/v2\/tags?post=146268"}],"curies":[{"name":"wp","href":"https:\/\/api.w.org\/{rel}","templated":true}]}}