{"id":146270,"date":"2025-06-02T11:30:21","date_gmt":"2025-06-02T11:30:21","guid":{"rendered":"https:\/\/www.europesays.com\/fr\/146270\/"},"modified":"2025-06-02T11:30:21","modified_gmt":"2025-06-02T11:30:21","slug":"un-agent-de-securite-menace-de-se-faire-planter-par-un-ado-de-16-ans","status":"publish","type":"post","link":"https:\/\/www.europesays.com\/fr\/146270\/","title":{"rendered":"un agent de s\u00e9curit\u00e9 menac\u00e9 de \u00ab\u00a0se faire planter\u00a0\u00bb par un ado de 16 ans"},"content":{"rendered":"<p>            Par<br \/>\n        <strong><br \/>\n            <a href=\"https:\/\/actu.fr\/auteur\/lea-pippinato\" title=\"Consulter tous les articles de L\u00e9a Pippinato\" rel=\"nofollow noopener\" target=\"_blank\">L\u00e9a Pippinato<\/a><br \/>\n        <\/strong><\/p>\n<p>        Publi\u00e9 le<\/p>\n<p>            2 juin 2025 \u00e0 12h22        <\/p>\n<p>Il est 9h30, <strong>ce lundi 2 juin 2025<\/strong>, quand la gare Saint-Roch de Montpellier conna\u00eet un moment de tension. Un adolescent de 16 ans se montre agressif envers un agent de s\u00e9curit\u00e9. La tension monte, et il prof\u00e8re une menace directe : \u00ab\u00a0Je vais sortir un couteau et te planter.\u00a0\u00bb Face \u00e0 cette d\u00e9claration, le professionnel garde son sang-froid mais reste en alerte. Le mineur glisse la main dans sa sacoche. Le geste est jug\u00e9 suffisamment dangereux pour d\u00e9clencher une intervention.<\/p>\n<p>    <a href=\"https:\/\/www.google.com\/maps\/embed?pb=!1m18!1m12!1m3!1d2889.106573201435!2d3.8775728264596587!3d43.60432257110444!2m3!1f0!2f0!3f0!3m2!1i1024!2i768!4f13.1!3m3!1m2!1s0x12b6af13238205a5%3A0x301f765957551104!2sMontpellier%20Saint-Roch!5e0!3m2!1sen!2sfr!4v1748858831738!5m2!1sen!2sfr\" title=\"Ouvrie le lien\" rel=\"nofollow noopener\" target=\"_blank\">Cliquez ici pour visualiser le contenu<\/a><\/p>\n<p class=\" wall-content\">L\u2019agent neutralise le jeune homme, dans l\u2019attente des policiers nationaux. Aucune lame n\u2019est retrouv\u00e9e apr\u00e8s fouille, ni dans la sacoche ni sur l\u2019adolescent. L\u2019alerte, bien que s\u00e9rieuse, ne d\u00e9bouche pas sur une saisie d\u2019arme.<\/p>\n<p>Une m\u00e8re t\u00e9moin de la sc\u00e8ne<\/p>\n<p class=\" wall-content\">Fait inhabituel : la m\u00e8re de l\u2019agresseur se trouve sur les lieux au moment des faits. Les agents d\u00e9cident de ne pas placer le jeune en garde \u00e0 vue. Il est remis \u00e0 sa m\u00e8re sur place. L\u2019absence de couteau ne suffit pas \u00e0 d\u00e9samorcer les suites judiciaires. L\u2019agent de s\u00e9curit\u00e9 d\u00e9cide tout de m\u00eame de d\u00e9poser plainte.<\/p>\n<p class=\" wall-content\">Suivez toute l\u2019actualit\u00e9 de vos villes et m\u00e9dias favoris en vous inscrivant \u00e0 <a href=\"https:\/\/moncompte.actu.fr\" title=\"D\u00e9couvez Mon Actu\" rel=\"nofollow noopener\" data-trk=\"{&quot;cta&quot;:{&quot;action&quot;:&quot;https:\\\/\\\/moncompte.actu.fr&quot;,&quot;category&quot;:&quot;mon compte&quot;,&quot;from&quot;:&quot;article footer&quot;,&quot;name&quot;:&quot;Mon actu&quot;,&quot;type&quot;:&quot;cta&quot;}}\" target=\"_blank\">Mon Actu<\/a>.<\/p>\n","protected":false},"excerpt":{"rendered":"Par L\u00e9a Pippinato Publi\u00e9 le 2 juin 2025 \u00e0 12h22 Il est 9h30, ce lundi 2 juin 2025,&hellip;\n","protected":false},"author":2,"featured_media":146271,"comment_status":"","ping_status":"","sticky":false,"template":"","format":"standard","meta":{"footnotes":""},"categories":[9599],"tags":[1111,11,1777,674,118,1011,27,2208,12,2680,1072,25,2215],"class_list":{"0":"post-146270","1":"post","2":"type-post","3":"status-publish","4":"format-standard","5":"has-post-thumbnail","7":"category-montpellier","8":"tag-actu","9":"tag-actualites","10":"tag-eu","11":"tag-europe","12":"tag-faits-divers","13":"tag-fr","14":"tag-france","15":"tag-montpellier","16":"tag-news","17":"tag-occitanie","18":"tag-police","19":"tag-republique-francaise","20":"tag-sncf"},"share_on_mastodon":{"url":"https:\/\/pubeurope.com\/@fr\/114613546372843422","error":""},"_links":{"self":[{"href":"https:\/\/www.europesays.com\/fr\/wp-json\/wp\/v2\/posts\/146270","targetHints":{"allow":["GET"]}}],"collection":[{"href":"https:\/\/www.europesays.com\/fr\/wp-json\/wp\/v2\/posts"}],"about":[{"href":"https:\/\/www.europesays.com\/fr\/wp-json\/wp\/v2\/types\/post"}],"author":[{"embeddable":true,"href":"https:\/\/www.europesays.com\/fr\/wp-json\/wp\/v2\/users\/2"}],"replies":[{"embeddable":true,"href":"https:\/\/www.europesays.com\/fr\/wp-json\/wp\/v2\/comments?post=146270"}],"version-history":[{"count":0,"href":"https:\/\/www.europesays.com\/fr\/wp-json\/wp\/v2\/posts\/146270\/revisions"}],"wp:featuredmedia":[{"embeddable":true,"href":"https:\/\/www.europesays.com\/fr\/wp-json\/wp\/v2\/media\/146271"}],"wp:attachment":[{"href":"https:\/\/www.europesays.com\/fr\/wp-json\/wp\/v2\/media?parent=146270"}],"wp:term":[{"taxonomy":"category","embeddable":true,"href":"https:\/\/www.europesays.com\/fr\/wp-json\/wp\/v2\/categories?post=146270"},{"taxonomy":"post_tag","embeddable":true,"href":"https:\/\/www.europesays.com\/fr\/wp-json\/wp\/v2\/tags?post=146270"}],"curies":[{"name":"wp","href":"https:\/\/api.w.org\/{rel}","templated":true}]}}