{"id":146272,"date":"2025-06-02T11:36:15","date_gmt":"2025-06-02T11:36:15","guid":{"rendered":"https:\/\/www.europesays.com\/fr\/146272\/"},"modified":"2025-06-02T11:36:15","modified_gmt":"2025-06-02T11:36:15","slug":"meteo-des-orages-vont-frapper-grenoble-et-lisere-ce-lundi-voici-les-secteurs-concernes","status":"publish","type":"post","link":"https:\/\/www.europesays.com\/fr\/146272\/","title":{"rendered":"M\u00e9t\u00e9o. Des orages vont frapper Grenoble et l&rsquo;Is\u00e8re ce lundi : voici les secteurs concern\u00e9s"},"content":{"rendered":"<p>            Par<br \/>\n        <strong><br \/>\n            <a href=\"https:\/\/actu.fr\/auteur\/redaction-grenoble\" title=\"Consulter tous les articles de R\u00e9daction Grenoble\" target=\"_blank\" rel=\"noopener\">R\u00e9daction Grenoble<\/a><br \/>\n        <\/strong><\/p>\n<p>        Publi\u00e9 le<\/p>\n<p>            2 juin 2025 \u00e0 10h56        <\/p>\n<p>Plus de peur que de mal en <a href=\"https:\/\/actu.fr\/auvergne-rhone-alpes\/isere_38\" target=\"_blank\" rel=\"noopener\">Is\u00e8re<\/a>. Dimanche 1er juin, le d\u00e9partement \u00e9tait plac\u00e9 en <a href=\"https:\/\/actu.fr\/societe\/foudre-intense-eclairs-en-cascade-gros-grelons-des-orages-s-abattent-sur-des-communes-du-rhone_62714250.html\" target=\"_blank\" rel=\"noopener\">alerte orange<\/a> par M\u00e9t\u00e9o France pour orages et vents violents. Un risque de gr\u00eale \u00e9tait annonc\u00e9 sur la fin de journ\u00e9e et en soir\u00e9e. Il y a bien eu quelques \u00e9clairs, <strong>mais sans d\u00e9g\u00e2ts<\/strong>, confirment les sapeurs-pompiers : les orages ont finalement diminu\u00e9 en intensit\u00e9 dimanche soir.<\/p>\n<p>    <a href=\"https:\/\/www.facebook.com\/plugins\/post.php?href=https%3A%2F%2Fwww.facebook.com%2Fmeteocentreisere%2Fposts%2Fpfbid02k2hG54zD4fdzSYRbHJHix9kz4YDPUgXsstYWnUQZpJ7VHwUbncE1f5a8mGzhZz6Vl&amp;show_text=true&amp;width=350\" title=\"Ouvrie le lien\" target=\"_blank\" rel=\"noopener\">Cliquez ici pour visualiser le contenu<\/a><\/p>\n<p class=\" wall-content\">La <strong>vigilance reste de mise<\/strong> lundi 2 juin, puisque M\u00e9t\u00e9o France maintient une vigilance jaune orages et pluie-inondation sur l\u2019Is\u00e8re.<\/p>\n<p>Grenoble touch\u00e9e dans la journ\u00e9e<\/p>\n<p class=\" wall-content\">Selon les pr\u00e9visions de M\u00e9t\u00e9o France, les orages concerneront <strong>une large partie du nord du d\u00e9partement<\/strong> lundi matin \u2013 <a href=\"https:\/\/actu.fr\/auvergne-rhone-alpes\/villefontaine_38553\" target=\"_blank\" rel=\"noopener\">Villefontaine<\/a>, La C\u00f4te-Saint-Andr\u00e9, Roussillon -, avant de se d\u00e9caler vers l\u2019agglom\u00e9ration de <a href=\"https:\/\/actu.fr\/auvergne-rhone-alpes\/grenoble_38185\" target=\"_blank\" rel=\"noopener\">Grenoble<\/a> et les Alpes dans la journ\u00e9e.\u00a0<\/p>\n<p class=\" wall-content\">Des perturbations qui devraient faire baisser une partie du mercure apr\u00e8s <a href=\"https:\/\/actu.fr\/auvergne-rhone-alpes\/grenoble_38185\/meteo-a-grenoble-premier-coup-de-chaud-attendu-avant-une-mauvaise-surprise-samedi_62700718.html\" target=\"_blank\" rel=\"noopener\">un week-end o\u00f9 les 30\u00b0C<\/a> ont \u00e9t\u00e9 facilement atteints : <strong>24\u00b0C<\/strong> sont annonc\u00e9s \u00e0 Grenoble ce lundi, <strong>20\u00b0C<\/strong> \u00e0 Vienne ou <strong>21\u00b0C<\/strong> \u00e0 Saint-Marcellin.<\/p>\n<p>Vid\u00e9os : en ce moment sur ActuVigilance maintenue mardi<\/p>\n<p class=\" wall-content\">Les pr\u00e9cipitations devraient se calmer dans la nuit, avant de repartir localement mardi 3 juin en plaine et dans la vall\u00e9e du <a href=\"https:\/\/actu.fr\/auvergne-rhone-alpes\/rhone_69\" target=\"_blank\" rel=\"noopener\">Rh\u00f4ne<\/a>. M\u00e9t\u00e9o France maintient donc, pour le moment, sa <strong>vigilance jaune pour mardi 3 juin<\/strong>, uniquement en journ\u00e9e, de 10 heures \u00e0 22 heures.<\/p>\n<p class=\" wall-content\">Selon les pr\u00e9visions m\u00e9t\u00e9orologiques, le ciel devrait rester tr\u00e8s couvert au moins jusqu\u2019\u00e0 mercredi 4 juin, avec toujours des pluies et orages localis\u00e9s. Une petite accalmie est esp\u00e9r\u00e9e pour jeudi 5 juin.<\/p>\n<p class=\" wall-content\">Suivez toute l\u2019actualit\u00e9 de vos villes et m\u00e9dias favoris en vous inscrivant \u00e0 <a href=\"https:\/\/moncompte.actu.fr\" title=\"D\u00e9couvez Mon Actu\" rel=\"nofollow noopener\" data-trk=\"{&quot;cta&quot;:{&quot;action&quot;:&quot;https:\\\/\\\/moncompte.actu.fr&quot;,&quot;category&quot;:&quot;mon compte&quot;,&quot;from&quot;:&quot;article footer&quot;,&quot;name&quot;:&quot;Mon actu&quot;,&quot;type&quot;:&quot;cta&quot;}}\" target=\"_blank\">Mon Actu<\/a>.<\/p>\n","protected":false},"excerpt":{"rendered":"Par R\u00e9daction Grenoble Publi\u00e9 le 2 juin 2025 \u00e0 10h56 Plus de peur que de mal en Is\u00e8re.&hellip;\n","protected":false},"author":2,"featured_media":146273,"comment_status":"","ping_status":"","sticky":false,"template":"","format":"standard","meta":{"footnotes":""},"categories":[9566],"tags":[1111,11,2430,1777,674,1011,27,2731,2357,12,4594,25,104],"class_list":{"0":"post-146272","1":"post","2":"type-post","3":"status-publish","4":"format-standard","5":"has-post-thumbnail","7":"category-grenoble","8":"tag-actu","9":"tag-actualites","10":"tag-auvergne-rhone-alpes","11":"tag-eu","12":"tag-europe","13":"tag-fr","14":"tag-france","15":"tag-grenoble","16":"tag-meteo-france","17":"tag-news","18":"tag-orages","19":"tag-republique-francaise","20":"tag-societe"},"share_on_mastodon":{"url":"https:\/\/pubeurope.com\/@fr\/114613569955436962","error":""},"_links":{"self":[{"href":"https:\/\/www.europesays.com\/fr\/wp-json\/wp\/v2\/posts\/146272","targetHints":{"allow":["GET"]}}],"collection":[{"href":"https:\/\/www.europesays.com\/fr\/wp-json\/wp\/v2\/posts"}],"about":[{"href":"https:\/\/www.europesays.com\/fr\/wp-json\/wp\/v2\/types\/post"}],"author":[{"embeddable":true,"href":"https:\/\/www.europesays.com\/fr\/wp-json\/wp\/v2\/users\/2"}],"replies":[{"embeddable":true,"href":"https:\/\/www.europesays.com\/fr\/wp-json\/wp\/v2\/comments?post=146272"}],"version-history":[{"count":0,"href":"https:\/\/www.europesays.com\/fr\/wp-json\/wp\/v2\/posts\/146272\/revisions"}],"wp:featuredmedia":[{"embeddable":true,"href":"https:\/\/www.europesays.com\/fr\/wp-json\/wp\/v2\/media\/146273"}],"wp:attachment":[{"href":"https:\/\/www.europesays.com\/fr\/wp-json\/wp\/v2\/media?parent=146272"}],"wp:term":[{"taxonomy":"category","embeddable":true,"href":"https:\/\/www.europesays.com\/fr\/wp-json\/wp\/v2\/categories?post=146272"},{"taxonomy":"post_tag","embeddable":true,"href":"https:\/\/www.europesays.com\/fr\/wp-json\/wp\/v2\/tags?post=146272"}],"curies":[{"name":"wp","href":"https:\/\/api.w.org\/{rel}","templated":true}]}}