{"id":146283,"date":"2025-06-02T11:43:17","date_gmt":"2025-06-02T11:43:17","guid":{"rendered":"https:\/\/www.europesays.com\/fr\/146283\/"},"modified":"2025-06-02T11:43:17","modified_gmt":"2025-06-02T11:43:17","slug":"un-concert-spectacle-gratuit-apres-la-presentation-de-la-nouvelle-saison-culturelle-de-lagglo-de-clisson","status":"publish","type":"post","link":"https:\/\/www.europesays.com\/fr\/146283\/","title":{"rendered":"Un concert-spectacle gratuit apr\u00e8s la pr\u00e9sentation de la nouvelle saison culturelle de l&rsquo;agglo de Clisson"},"content":{"rendered":"<p>            Par<br \/>\n        <strong><br \/>\n            <a href=\"https:\/\/actu.fr\/auteur\/coralie-ganivet\" title=\"Consulter tous les articles de Coralie Ganivet\" target=\"_blank\" rel=\"noopener\">Coralie Ganivet<\/a><br \/>\n        <\/strong><\/p>\n<p>        Publi\u00e9 le<\/p>\n<p>            2 juin 2025 \u00e0 8h58        <\/p>\n<p>C\u2019est l\u2019occasion de faire d\u2019une pierre deux coups. Le service culturel de l\u2019agglo de Clisson donne rendez-vous aux habitants du territoire mardi 3 juin \u00e0 19 h au Quatrain, \u00e0 <a href=\"https:\/\/actu.fr\/pays-de-la-loire\/haute-goulaine_44071\" target=\"_blank\" rel=\"noopener\">Haute-Goulaine<\/a>, pour <b>d\u00e9couvrir en avant-premi\u00e8re la nouvelle programmation 2025-2026 de Bravoh<\/b>.<\/p>\n<p class=\" wall-content\">En bonus, les participants pourront ensuite <b>assister gratuitement, \u00e0 20 h 30, \u00e0 la repr\u00e9sentation du concert-spectacle<\/b> \u00ab Rendre \u00e0 C\u00e9sar \u00bb de la Cie Destroy of Destruction.<\/p>\n<p>Un spectacle dr\u00f4le et original apr\u00e8s<\/p>\n<p class=\" wall-content\">Destroy of Destruction est un duo pop rock. Sur sc\u00e8ne : deux voix, deux ukul\u00e9l\u00e9s, des percussions et \u00ab des effets \u00e0 faire trembler le colis\u00e9e \u00bb, pr\u00e9sentent-ils.<\/p>\n<p class=\" wall-content\">Leurs chansons parlent de la m\u00e9moire qui est pr\u00e9cieuse et fragile, de l\u2019art et de la philosophie qui aident \u00e0 se faire des abdos pour mieux affronter nos passions, et du quotidien qui nous fait naviguer entre l\u2019infini et la lessive\u2026<\/p>\n<p class=\" wall-content\">\u00ab Rendre \u00e0 C\u00e9sar \u00bb est donc avant tout un concert. Mais l\u2019exp\u00e9rience de com\u00e9dien des deux artistes en fait <b>un spectacle dr\u00f4le et original <\/b>dans lequel le public trouvera ses rep\u00e8res avec leurs reprises de\u00a0David Bowie, The Cure, Massive Attack ou encore Serge Gainsbourg. Des chanteurs et des groupes qui les ont marqu\u00e9s, construits, inspir\u00e9s\u2026 Car c\u2019est souvent en imitant les autres devant un miroir que l\u2019on devient soi-m\u00eame.<\/p>\n<p>Vid\u00e9os : en ce moment sur Actu<\/p>\n<p class=\" wall-content\">Aussi, ils prennent un malin plaisir \u00e0 susurrer des histoires, \u00e0 se raconter, \u00e0 improviser et partager avec le public leur passion pour la musique, la litt\u00e9rature, la sc\u00e8ne et le rire.<\/p>\n<p class=\" wall-content\">\u00c0 noter \u00e9galement qu\u2019<b>un verre de l\u2019amiti\u00e9 sera offert <\/b>apr\u00e8s le spectacle pour cl\u00f4turer cette soir\u00e9e sp\u00e9ciale.<\/p>\n<p>Mardi 3\u00a0juin au Quatrain, rue de la Basse Lande \u00e0 Haute-Goulaine. Pr\u00e9sentation de la saison \u00e0 19 h. Spectacle \u00e0 20 h 30 d\u2019une dur\u00e9e de 1 h 15 (\u00e0 partir de 11\u00a0ans). Soir\u00e9e gratuite sur r\u00e9servation sur <a href=\"https:\/\/bravoh.fr\/spectacles\/presentation-saison-25-26\/\" target=\"_blank\" rel=\"noopener\">bravoh.fr<\/a> ou par t\u00e9l\u00e9phone au 02 40 80 25 50.<\/p>\n<p class=\" wall-content\">Suivez toute l\u2019actualit\u00e9 de vos villes et m\u00e9dias favoris en vous inscrivant \u00e0 <a href=\"https:\/\/moncompte.actu.fr\" title=\"D\u00e9couvez Mon Actu\" rel=\"nofollow noopener\" data-trk=\"{&quot;cta&quot;:{&quot;action&quot;:&quot;https:\\\/\\\/moncompte.actu.fr&quot;,&quot;category&quot;:&quot;mon compte&quot;,&quot;from&quot;:&quot;article footer&quot;,&quot;name&quot;:&quot;Mon actu&quot;,&quot;type&quot;:&quot;cta&quot;}}\" target=\"_blank\">Mon Actu<\/a>.<\/p>\n","protected":false},"excerpt":{"rendered":"Par Coralie Ganivet Publi\u00e9 le 2 juin 2025 \u00e0 8h58 C\u2019est l\u2019occasion de faire d\u2019une pierre deux coups.&hellip;\n","protected":false},"author":2,"featured_media":146284,"comment_status":"","ping_status":"","sticky":false,"template":"","format":"standard","meta":{"footnotes":""},"categories":[2818],"tags":[1111,11,1777,674,1011,27,1652,766,12,2636,25,2900],"class_list":{"0":"post-146283","1":"post","2":"type-post","3":"status-publish","4":"format-standard","5":"has-post-thumbnail","7":"category-nantes","8":"tag-actu","9":"tag-actualites","10":"tag-eu","11":"tag-europe","12":"tag-fr","13":"tag-france","14":"tag-loisirs-culture","15":"tag-nantes","16":"tag-news","17":"tag-pays-de-la-loire","18":"tag-republique-francaise","19":"tag-vignoble-nantais"},"share_on_mastodon":{"url":"https:\/\/pubeurope.com\/@fr\/114613597198904887","error":""},"_links":{"self":[{"href":"https:\/\/www.europesays.com\/fr\/wp-json\/wp\/v2\/posts\/146283","targetHints":{"allow":["GET"]}}],"collection":[{"href":"https:\/\/www.europesays.com\/fr\/wp-json\/wp\/v2\/posts"}],"about":[{"href":"https:\/\/www.europesays.com\/fr\/wp-json\/wp\/v2\/types\/post"}],"author":[{"embeddable":true,"href":"https:\/\/www.europesays.com\/fr\/wp-json\/wp\/v2\/users\/2"}],"replies":[{"embeddable":true,"href":"https:\/\/www.europesays.com\/fr\/wp-json\/wp\/v2\/comments?post=146283"}],"version-history":[{"count":0,"href":"https:\/\/www.europesays.com\/fr\/wp-json\/wp\/v2\/posts\/146283\/revisions"}],"wp:featuredmedia":[{"embeddable":true,"href":"https:\/\/www.europesays.com\/fr\/wp-json\/wp\/v2\/media\/146284"}],"wp:attachment":[{"href":"https:\/\/www.europesays.com\/fr\/wp-json\/wp\/v2\/media?parent=146283"}],"wp:term":[{"taxonomy":"category","embeddable":true,"href":"https:\/\/www.europesays.com\/fr\/wp-json\/wp\/v2\/categories?post=146283"},{"taxonomy":"post_tag","embeddable":true,"href":"https:\/\/www.europesays.com\/fr\/wp-json\/wp\/v2\/tags?post=146283"}],"curies":[{"name":"wp","href":"https:\/\/api.w.org\/{rel}","templated":true}]}}