{"id":146295,"date":"2025-06-02T11:49:09","date_gmt":"2025-06-02T11:49:09","guid":{"rendered":"https:\/\/www.europesays.com\/fr\/146295\/"},"modified":"2025-06-02T11:49:09","modified_gmt":"2025-06-02T11:49:09","slug":"a-30-minutes-de-lille-cette-fete-medievale-gratuite-va-vous-enchanter-ce-samedi","status":"publish","type":"post","link":"https:\/\/www.europesays.com\/fr\/146295\/","title":{"rendered":"A 30 minutes de Lille, cette f\u00eate m\u00e9di\u00e9vale gratuite va vous enchanter ce samedi\u00a0!"},"content":{"rendered":"<p>            Par<br \/>\n        <strong><br \/>\n            <a href=\"https:\/\/actu.fr\/auteur\/nicolas-demollien\" title=\"Consulter tous les articles de Nicolas Demollien\" target=\"_blank\" rel=\"noopener\">Nicolas Demollien<\/a><br \/>\n        <\/strong><\/p>\n<p>        Publi\u00e9 le<\/p>\n<p>            2 juin 2025 \u00e0 12h52        <\/p>\n<p>Voil\u00e0 le genre d\u2019\u00e9v\u00e9nement que l\u2019on adore ! Ce samedi 7 juin 2025, \u00e0 30 minutes de <a href=\"https:\/\/actu.fr\/hauts-de-france\/lille_59350\" target=\"_blank\" rel=\"noopener\">Lille<\/a> (Nord), le petit village de <a href=\"https:\/\/actu.fr\/hauts-de-france\/hantay_59281\" target=\"_blank\" rel=\"noopener\">Hantay<\/a> se met \u00e0 l\u2019heure du <b>m\u00e9di\u00e9val<\/b> et du <b>fantastique<\/b> avec une <b>f\u00eate pleine de surprises<\/b>. Ce sera une premi\u00e8re et l\u2019<b>entr\u00e9e est gratuite<\/b> !<\/p>\n<p>Une f\u00eate m\u00e9di\u00e9vale gratuite \u00e0 30 minutes de Lille<\/p>\n<p class=\" wall-content\">L\u2019\u00e9v\u00e9nement d\u00e9marrera \u00e0 partir de 12h et se tiendra autour de la salle La Gallicante (44, rue Mend\u00e8s-France). Jusqu\u2019\u00e0 22h, vous pourrez profiter des <b>nombreuses animations<\/b> mises en place par les organisateurs.<\/p>\n<p class=\" wall-content\">Vous y trouverez bien \u00e9videmment un <b>march\u00e9 artisanal<\/b> avec de nombreux objets et de d\u00e9licieux produits. Au menu \u00e9galement : \u00ab\u00a0spectacontes\u00a0\u00bb, maquillage professionnel et pr\u00e9sence d\u2019un amuseur public. Des d\u00e9ambulations seront mises en place, ainsi que divers ateliers.\u00a0<\/p>\n<p class=\" wall-content\">Bref, tout ce qu\u2019il faut pour passer un excellent moment dans une ambiance des plus d\u00e9paysantes.<\/p>\n<p>    <a href=\"https:\/\/www.facebook.com\/plugins\/video.php?height=476&amp;href=https%3A%2F%2Fwww.facebook.com%2Freel%2F1291462125823745%2F&amp;show_text=false&amp;width=350&amp;t=0\" title=\"Ouvrie le lien\" target=\"_blank\" rel=\"noopener\">Cliquez ici pour visualiser le contenu<\/a><\/p>\n<p>Vid\u00e9os : en ce moment sur Actu<\/p>\n<p class=\" wall-content\">De 12h \u00e0 22h. L\u2019\u00e9v\u00e9nement pourra se d\u00e9rouler en int\u00e9rieur en cas de mauvais temps. Possibilit\u00e9 de se restaurer sur place.\u00a0<\/p>\n<p class=\" wall-content\">Suivez toute l\u2019actualit\u00e9 de vos villes et m\u00e9dias favoris en vous inscrivant \u00e0 <a href=\"https:\/\/moncompte.actu.fr\" title=\"D\u00e9couvez Mon Actu\" rel=\"nofollow noopener\" data-trk=\"{&quot;cta&quot;:{&quot;action&quot;:&quot;https:\\\/\\\/moncompte.actu.fr&quot;,&quot;category&quot;:&quot;mon compte&quot;,&quot;from&quot;:&quot;article footer&quot;,&quot;name&quot;:&quot;Mon actu&quot;,&quot;type&quot;:&quot;cta&quot;}}\" target=\"_blank\">Mon Actu<\/a>.<\/p>\n","protected":false},"excerpt":{"rendered":"Par Nicolas Demollien Publi\u00e9 le 2 juin 2025 \u00e0 12h52 Voil\u00e0 le genre d\u2019\u00e9v\u00e9nement que l\u2019on adore !&hellip;\n","protected":false},"author":2,"featured_media":146296,"comment_status":"","ping_status":"","sticky":false,"template":"","format":"standard","meta":{"footnotes":""},"categories":[2815],"tags":[1111,11,6557,1777,674,1011,27,811,1307,1652,12,25],"class_list":{"0":"post-146295","1":"post","2":"type-post","3":"status-publish","4":"format-standard","5":"has-post-thumbnail","7":"category-lille","8":"tag-actu","9":"tag-actualites","10":"tag-bon-plan-a-lille","11":"tag-eu","12":"tag-europe","13":"tag-fr","14":"tag-france","15":"tag-hauts-de-france","16":"tag-lille","17":"tag-loisirs-culture","18":"tag-news","19":"tag-republique-francaise"},"share_on_mastodon":{"url":"https:\/\/pubeurope.com\/@fr\/114613620808345017","error":""},"_links":{"self":[{"href":"https:\/\/www.europesays.com\/fr\/wp-json\/wp\/v2\/posts\/146295","targetHints":{"allow":["GET"]}}],"collection":[{"href":"https:\/\/www.europesays.com\/fr\/wp-json\/wp\/v2\/posts"}],"about":[{"href":"https:\/\/www.europesays.com\/fr\/wp-json\/wp\/v2\/types\/post"}],"author":[{"embeddable":true,"href":"https:\/\/www.europesays.com\/fr\/wp-json\/wp\/v2\/users\/2"}],"replies":[{"embeddable":true,"href":"https:\/\/www.europesays.com\/fr\/wp-json\/wp\/v2\/comments?post=146295"}],"version-history":[{"count":0,"href":"https:\/\/www.europesays.com\/fr\/wp-json\/wp\/v2\/posts\/146295\/revisions"}],"wp:featuredmedia":[{"embeddable":true,"href":"https:\/\/www.europesays.com\/fr\/wp-json\/wp\/v2\/media\/146296"}],"wp:attachment":[{"href":"https:\/\/www.europesays.com\/fr\/wp-json\/wp\/v2\/media?parent=146295"}],"wp:term":[{"taxonomy":"category","embeddable":true,"href":"https:\/\/www.europesays.com\/fr\/wp-json\/wp\/v2\/categories?post=146295"},{"taxonomy":"post_tag","embeddable":true,"href":"https:\/\/www.europesays.com\/fr\/wp-json\/wp\/v2\/tags?post=146295"}],"curies":[{"name":"wp","href":"https:\/\/api.w.org\/{rel}","templated":true}]}}