{"id":146301,"date":"2025-06-02T11:52:10","date_gmt":"2025-06-02T11:52:10","guid":{"rendered":"https:\/\/www.europesays.com\/fr\/146301\/"},"modified":"2025-06-02T11:52:10","modified_gmt":"2025-06-02T11:52:10","slug":"le-rock-celebre-un-reve-damerique-juste-et-ouverte","status":"publish","type":"post","link":"https:\/\/www.europesays.com\/fr\/146301\/","title":{"rendered":"le rock c\u00e9l\u00e8bre un r\u00eave d\u2019Am\u00e9rique juste et ouverte"},"content":{"rendered":"<p><strong>NOUS Y \u00c9TIONS \u2013 <\/strong>Samedi soir, les fans du Boss investissaient le stade V\u00e9lodrome, pour un concert entre ferveur musicale et pr\u00eaches politiques, tandis que la cit\u00e9 phoc\u00e9enne ruminait la possible victoire du PSG.<\/p>\n<p class=\"fig-paragraph\">La journ\u00e9e a \u00e9t\u00e9 lente et nerveuse, comme d\u2019habitude \u00e0 Marseille. La cit\u00e9 sent le sel, parfois les \u00e9gouts au coin d\u2019une rue, comme toujours. Mais ce soir il y a un peu moins de clameur sur les places. Les bars \u00e0 n\u00e9ons bleu clair tournent au ralenti, les rues h\u00e9sitent, presque mornes. Un comble. Ce soir le PSG risque de devenir champion d\u2019Europe et personne n\u2019a tr\u00e8s envie d\u2019en parler.<\/p>\n<p class=\"fig-paragraph\">Au V\u00e9lodrome, 60\u00a0000 spectateurs s\u2019appliquent \u00e0 ne pas y penser\u00a0: on attend Bruce Springsteen. Les gradins se remplissent, la rumeur monte. Allez, il est l\u2019heure de faire un peu de bruit pour oublier les mauvaises nouvelles. D\u00e8s l\u2019entr\u00e9e dans l\u2019enceinte, le son est brutal, trop aigu, lourd. La signature du lieu, para\u00eet-il. Sous les projecteurs, un public sage, aux cheveux majoritairement grisonnants, en tee-shirts promotionnels, pr\u00eat \u00e0 communier. Le chanteur appara\u00eet, souriant, engage la discussion. Le vieux roi du rock s\u2019est fait conna\u00eetre r\u00e9cemment pour ses discours de plus en plus \u00ab\u00a0engag\u00e9s\u00a0\u00bb.<\/p>\n<p class=\"fig-body-link\">\n            \u00c0 lire aussi<br \/>\n        <a class=\"fig-body-link__link\" href=\"http:\/\/www.lefigaro.fr\/musique\/bruce-springsteen-vent-debout-contre-trump-sur-son-nouvel-ep-20250522\" target=\"_blank\" data-fig-type=\"Article\" rel=\"noopener\" data-gtm-custom-categorie=\"navigation\" data-gtm-custom-action=\"crossclick\" data-gtm-custom-label=\"Contextuel\" data-gtm-event=\"customEventSPE\" data-fig-domain=\"LEFIGARO\">Bruce Springsteen vent debout contre Trump sur son nouvel EP<br \/>\n    <\/a>\n<\/p>\n<p>L\u2019amour de la musique<\/p>\n<p class=\"fig-paragraph\">Mais\u2026<\/p>\n<p class=\"fig-premium-paywall__infos\">\n        Cet article est r\u00e9serv\u00e9 aux abonn\u00e9s.        Il vous reste 77% \u00e0 d\u00e9couvrir.\n    <\/p>\n<p>                <img  data- alt=\"Le Figaro\" class=\"fig-img--complete fig-img\"\/><\/p>\n<p class=\"fig-premium-paywall__title\">Vente Flash<\/p>\n<p class=\"fig-premium-paywall__subtitle\">4,99\u20ac par mois pendant 12 mois. Sans engagement.<\/p>\n<p class=\"fig-premium-paywall__connect\">\n                D\u00e9j\u00e0 abonn\u00e9\u00a0?                <a class=\"fig-premium-paywall__connect-link\" href=\"https:\/\/connect.lefigaro.fr\/login?client=horizon_web&amp;type=main&amp;redirect_uri=https%3A%2F%2Fwww.lefigaro.fr%2Fmusique%2Fbruce-springsteen-a-marseille-le-rock-celebre-un-reve-d-amerique-juste-et-ouverte-20250602\" data-js-gtm=\"{&quot;customCategorie&quot;: &quot;conversion&quot;, &quot;customAction&quot;: &quot;before_Landing_Connexion_paywall_auto&quot;, &quot;customLabel&quot;: &quot;bGVmaWdhcm8uZnJfXzFmMDNmOWI3LWEzMTItNjNkYy05NTkwLWYxODZmMzE3YTExZl9fQXJ0aWNsZQ==_Bruce Springsteen \u00e0 Marseille\u00a0: le rock c\u00e9l\u00e8bre un r\u00eave d\u2019Am\u00e9rique juste et ouverte_1&quot;, &quot;customIDSPE&quot;: &quot;bGVmaWdhcm8uZnJfXzFmMDNmOWI3LWEzMTItNjNkYy05NTkwLWYxODZmMzE3YTExZl9fQXJ0aWNsZQ==&quot;, &quot;event&quot;: &quot;customEventSPE&quot;}\" target=\"_blank\" rel=\"noopener\"><br \/>\n                    Connectez-vous<br \/>\n                <\/a>\n            <\/p>\n","protected":false},"excerpt":{"rendered":"NOUS Y \u00c9TIONS \u2013 Samedi soir, les fans du Boss investissaient le stade V\u00e9lodrome, pour un concert entre&hellip;\n","protected":false},"author":2,"featured_media":146302,"comment_status":"","ping_status":"","sticky":false,"template":"","format":"standard","meta":{"footnotes":""},"categories":[2814],"tags":[1111,11,2937,23078,2932,2935,1696,2934,75,2933,1777,674,1011,27,884,873,2936,1698,12,882,25],"class_list":{"0":"post-146301","1":"post","2":"type-post","3":"status-publish","4":"format-standard","5":"has-post-thumbnail","7":"category-marseille","8":"tag-actu","9":"tag-actualites","10":"tag-artistes","11":"tag-bruce-springsteen","12":"tag-cd","13":"tag-chansons","14":"tag-chanteur","15":"tag-chason","16":"tag-donald-trump","17":"tag-dvd","18":"tag-eu","19":"tag-europe","20":"tag-fr","21":"tag-france","22":"tag-marseille","23":"tag-musique","24":"tag-musique-classique","25":"tag-musiques","26":"tag-news","27":"tag-provence-alpes-cote-dazur","28":"tag-republique-francaise"},"share_on_mastodon":{"url":"https:\/\/pubeurope.com\/@fr\/114613632629558787","error":""},"_links":{"self":[{"href":"https:\/\/www.europesays.com\/fr\/wp-json\/wp\/v2\/posts\/146301","targetHints":{"allow":["GET"]}}],"collection":[{"href":"https:\/\/www.europesays.com\/fr\/wp-json\/wp\/v2\/posts"}],"about":[{"href":"https:\/\/www.europesays.com\/fr\/wp-json\/wp\/v2\/types\/post"}],"author":[{"embeddable":true,"href":"https:\/\/www.europesays.com\/fr\/wp-json\/wp\/v2\/users\/2"}],"replies":[{"embeddable":true,"href":"https:\/\/www.europesays.com\/fr\/wp-json\/wp\/v2\/comments?post=146301"}],"version-history":[{"count":0,"href":"https:\/\/www.europesays.com\/fr\/wp-json\/wp\/v2\/posts\/146301\/revisions"}],"wp:featuredmedia":[{"embeddable":true,"href":"https:\/\/www.europesays.com\/fr\/wp-json\/wp\/v2\/media\/146302"}],"wp:attachment":[{"href":"https:\/\/www.europesays.com\/fr\/wp-json\/wp\/v2\/media?parent=146301"}],"wp:term":[{"taxonomy":"category","embeddable":true,"href":"https:\/\/www.europesays.com\/fr\/wp-json\/wp\/v2\/categories?post=146301"},{"taxonomy":"post_tag","embeddable":true,"href":"https:\/\/www.europesays.com\/fr\/wp-json\/wp\/v2\/tags?post=146301"}],"curies":[{"name":"wp","href":"https:\/\/api.w.org\/{rel}","templated":true}]}}