{"id":146303,"date":"2025-06-02T11:53:08","date_gmt":"2025-06-02T11:53:08","guid":{"rendered":"https:\/\/www.europesays.com\/fr\/146303\/"},"modified":"2025-06-02T11:53:08","modified_gmt":"2025-06-02T11:53:08","slug":"lyon-bientot-une-olympia-a-la-lyonnaise-les-travaux-enfin-relances","status":"publish","type":"post","link":"https:\/\/www.europesays.com\/fr\/146303\/","title":{"rendered":"Lyon. Bient\u00f4t \u00ab\u00a0une Olympia \u00e0 la lyonnaise\u00a0\u00bb : les travaux enfin relanc\u00e9s"},"content":{"rendered":"<p>            Par<br \/>\n        <strong><br \/>\n            <a href=\"https:\/\/actu.fr\/auteur\/theo-zuili\" title=\"Consulter tous les articles de Th\u00e9o Zuili\" target=\"_blank\" rel=\"noopener\">Th\u00e9o Zuili<\/a><br \/>\n        <\/strong><\/p>\n<p>        Publi\u00e9 le<\/p>\n<p>            2 juin 2025 \u00e0 13h20        <\/p>\n<p>C\u2019est reparti : le chantier de <strong>la salle Rameau<\/strong>, embl\u00e8me culturel de la Presqu\u2019\u00eele et <a href=\"https:\/\/actu.fr\/auvergne-rhone-alpes\/lyon_69123\/lyon-ce-lieu-emblematique-va-devenir-une-olympia-a-la-lyonnaise-les-travaux-attendus_62661670.html\" target=\"_blank\" rel=\"noopener\">pens\u00e9e comme une \u00ab\u00a0Olympia \u00e0 la lyonnaise\u00a0\u00bb<\/a>, a enfin repris fin mai 2025. Des travaux tr\u00e8s attendus s\u2019entament dans le b\u00e2timent du 1er arrondissement de <a href=\"https:\/\/actu.fr\/auvergne-rhone-alpes\/lyon_69123\" target=\"_blank\" rel=\"noopener\">Lyon<\/a>, ferm\u00e9 depuis 2016. Une profonde transformation port\u00e9e par la Compagnie de Phalsbourg : ce qu\u2019il faut savoir.<\/p>\n<p>Une renaissance ambitieuse<\/p>\n<p class=\" wall-content\">Inaugur\u00e9e en 1908, la salle Rameau a longtemps accueilli concerts et spectacles. Mais en 2016, les probl\u00e8mes d\u2019accessibilit\u00e9 et d\u2019acoustique ont eu raison de son activit\u00e9. Depuis, le magnifique b\u00e2timent art nouveau \u00e9tait rest\u00e9 \u00e0 l\u2019abandon.<\/p>\n<p class=\" wall-content\">Laur\u00e9ate de l\u2019appel \u00e0 projets lanc\u00e9 par la Ville de Lyon en 2017, la Compagnie de Phalsbourg (connue dans la r\u00e9gion pour <a href=\"https:\/\/actu.fr\/auvergne-rhone-alpes\/villefontaine_38553\" target=\"_blank\" rel=\"noopener\">The Village<\/a>) est officiellement titulaire d\u2019un bail emphyt\u00e9otique depuis 2022. Elle porte aujourd\u2019hui une<strong> r\u00e9habilitation compl\u00e8te<\/strong> du site, avec le concours des architectes Perrot &amp; Richard (ACMH).<\/p>\n<p class=\" wall-content\">Parmi les nouveaut\u00e9s : une salle de spectacle enti\u00e8rement modernis\u00e9e, la cr\u00e9ation d\u2019un d\u00f4me de verre imagin\u00e9 d\u00e8s 1907 mais jamais construit (avec bar et vue panoramique), et un espace d\u00e9di\u00e9 \u00e0 la culture et \u00e0 la convivialit\u00e9.<\/p>\n<p>Un chantier tr\u00e8s attendu<\/p>\n<p class=\" wall-content\">Le projet a connu retards, silences et remaniements depuis plusieurs ann\u00e9es, entre crise sanitaire, hausse des co\u00fbts de construction, changement de majorit\u00e9 municipale et r\u00e9orientation du rez-de-chauss\u00e9e vers un \u00ab\u00a0tiers-lieu culturel\u00a0\u00bb.<\/p>\n<p class=\" wall-content\">La salle Rameau a sembl\u00e9 un temps condamn\u00e9e \u00e0 l\u2019oubli, mais cette fois, <strong>le calendrier est lanc\u00e9<\/strong> apr\u00e8s \u00ab\u00a0l\u2019aboutissement d\u2019un long travail pr\u00e9paratoire\u00a0\u00bb et \u00ab\u00a0l\u2019obtention des autorisations de voirie n\u00e9cessaires\u00a0\u00bb, selon le promoteur.<\/p>\n<p class=\" wall-content\">Le chantier de curage et de pr\u00e9paration va se poursuivre jusqu\u2019\u00e0 l\u2019automne 2025. L\u2019objectif affich\u00e9 est de <strong>rouvrir \u00ab\u00a0fin 2026\u00a0\u00bb<\/strong> pour proposer une salle modulable de 430 \u00e0 900 places pouvant accueillir\u00a0plus\u00a0de 130 \u00e9v\u00e9nements par an\u00a0entre concerts, spectacle vivant, conf\u00e9rences, d\u00e9bats et privatisations.<\/p>\n<p class=\" wall-content\">\u00ab\u00a0Ce projet illustre notre engagement commun \u00e0<strong> faire revivre un lieu charg\u00e9 d\u2019histoire<\/strong>, en l\u2019inscrivant pleinement dans les enjeux d\u2019une ville qui se r\u00e9invente\u00a0\u00bb, affirme Philippe Journo, pr\u00e9sident de la Compagnie de Phalsbourg, sans toutefois pr\u00e9ciser le montant investi pour cette importante r\u00e9novation.<\/p>\n<p class=\" wall-content\">Suivez toute l\u2019actualit\u00e9 de vos villes et m\u00e9dias favoris en vous inscrivant \u00e0 <a href=\"https:\/\/moncompte.actu.fr\" title=\"D\u00e9couvez Mon Actu\" rel=\"nofollow noopener\" data-trk=\"{&quot;cta&quot;:{&quot;action&quot;:&quot;https:\\\/\\\/moncompte.actu.fr&quot;,&quot;category&quot;:&quot;mon compte&quot;,&quot;from&quot;:&quot;article footer&quot;,&quot;name&quot;:&quot;Mon actu&quot;,&quot;type&quot;:&quot;cta&quot;}}\" target=\"_blank\">Mon Actu<\/a>.<\/p>\n","protected":false},"excerpt":{"rendered":"Par Th\u00e9o Zuili Publi\u00e9 le 2 juin 2025 \u00e0 13h20 C\u2019est reparti : le chantier de la salle&hellip;\n","protected":false},"author":2,"featured_media":146304,"comment_status":"","ping_status":"","sticky":false,"template":"","format":"standard","meta":{"footnotes":""},"categories":[1889],"tags":[1111,11,2430,1777,674,1011,27,2428,12,15955,2809,25,104,2086],"class_list":{"0":"post-146303","1":"post","2":"type-post","3":"status-publish","4":"format-standard","5":"has-post-thumbnail","7":"category-lyon","8":"tag-actu","9":"tag-actualites","10":"tag-auvergne-rhone-alpes","11":"tag-eu","12":"tag-europe","13":"tag-fr","14":"tag-france","15":"tag-lyon","16":"tag-news","17":"tag-olympia","18":"tag-presquile","19":"tag-republique-francaise","20":"tag-societe","21":"tag-travaux"},"share_on_mastodon":{"url":"https:\/\/pubeurope.com\/@fr\/114613636586046333","error":""},"_links":{"self":[{"href":"https:\/\/www.europesays.com\/fr\/wp-json\/wp\/v2\/posts\/146303","targetHints":{"allow":["GET"]}}],"collection":[{"href":"https:\/\/www.europesays.com\/fr\/wp-json\/wp\/v2\/posts"}],"about":[{"href":"https:\/\/www.europesays.com\/fr\/wp-json\/wp\/v2\/types\/post"}],"author":[{"embeddable":true,"href":"https:\/\/www.europesays.com\/fr\/wp-json\/wp\/v2\/users\/2"}],"replies":[{"embeddable":true,"href":"https:\/\/www.europesays.com\/fr\/wp-json\/wp\/v2\/comments?post=146303"}],"version-history":[{"count":0,"href":"https:\/\/www.europesays.com\/fr\/wp-json\/wp\/v2\/posts\/146303\/revisions"}],"wp:featuredmedia":[{"embeddable":true,"href":"https:\/\/www.europesays.com\/fr\/wp-json\/wp\/v2\/media\/146304"}],"wp:attachment":[{"href":"https:\/\/www.europesays.com\/fr\/wp-json\/wp\/v2\/media?parent=146303"}],"wp:term":[{"taxonomy":"category","embeddable":true,"href":"https:\/\/www.europesays.com\/fr\/wp-json\/wp\/v2\/categories?post=146303"},{"taxonomy":"post_tag","embeddable":true,"href":"https:\/\/www.europesays.com\/fr\/wp-json\/wp\/v2\/tags?post=146303"}],"curies":[{"name":"wp","href":"https:\/\/api.w.org\/{rel}","templated":true}]}}