{"id":146305,"date":"2025-06-02T11:54:14","date_gmt":"2025-06-02T11:54:14","guid":{"rendered":"https:\/\/www.europesays.com\/fr\/146305\/"},"modified":"2025-06-02T11:54:14","modified_gmt":"2025-06-02T11:54:14","slug":"les-infos-de-12h-lyon-une-ecole-primaire-incendiee-des-croix-gammees-et-des-etoiles-de-david-taguees","status":"publish","type":"post","link":"https:\/\/www.europesays.com\/fr\/146305\/","title":{"rendered":"Les infos de 12h &#8211; Lyon : une \u00e9cole primaire incendi\u00e9e, des croix gamm\u00e9es et des \u00e9toiles de David tagu\u00e9es"},"content":{"rendered":"<p class=\"article-p mdl\">Tags antis\u00e9mites et pro-palestiniens, croix gamm\u00e9es&#8230; Une \u00e9cole primaire lyonnaise a \u00e9t\u00e9 prise pour cible \u00e0 Lyon, samedi 31 mai.\u00a0<strong>L&rsquo;\u00e9tablissement Nov\u00e9 Josserand a vu plusieurs de ses salles de classes vandalis\u00e9es<\/strong> et un d\u00e9but d&rsquo;incendie a aussi \u00e9t\u00e9 constat\u00e9 dans les toilettes. Ces infractions n&rsquo;ont pas emp\u00each\u00e9 les enfants de retrouver le chemin de l&rsquo;\u00e9cole, lundi 2 juin, mais de nombreux parents se disent constern\u00e9s.<\/p>\n<p class=\"article-p mdl\">Devant cette petite \u00e9cole publique du 3e arrondissement de Lyon, qui compte 300 \u00e9l\u00e8ves, <strong>personne ne comprend ces d\u00e9gradations insens\u00e9es<\/strong>.\u00a0Maman d&rsquo;une \u00e9l\u00e8ve de CM1, Sophie se dit choqu\u00e9e par tant de b\u00eatises : \u00ab\u00a0C&rsquo;est une grosse connerie, comme tous les tags antis\u00e9mites ou choses \u00e0 but raciste. <strong>C&rsquo;est path\u00e9tique et d\u00e9bile<\/strong>. \u00c7a n&rsquo;a aucun sens d&rsquo;autant plus qu&rsquo;on est dans un quartier o\u00f9 il y a pas mal de mixit\u00e9 (&#8230;) et<strong> \u00e7a enrichit les enfants plus que \u00e7a ne devrait donner lieu \u00e0 ce genre de choses<\/strong>\u00ab\u00a0.\u00a0<\/p>\n<p class=\"article-p mdl\">Du c\u00f4t\u00e9 de la mairie de Lyon, la pr\u00e9fecture ou de l&rsquo;\u00c9ducation nationale, les condamnations sont unanimes. <strong>Le parquet de Lyon a ouvert une enqu\u00eate.<\/strong><\/p>\n<p>            \u00c0 \u00e9couter \u00e9galement dans ce journal<\/p>\n<p class=\"article-p mdl\"><strong>Victoire du PSG en Ligue des champions &#8211;<\/strong> Nouvelle nuit de violences \u00e0 Paris apr\u00e8s la victoire du PSG en finale de la Ligue des champions face \u00e0 l&rsquo;Inter Milan (5-0). Dans la nuit du dimanche 1er au lundi 2 juin, <strong>les forces de l&rsquo;ordre ont r\u00e9alis\u00e9 79 nouvelles interpellations<\/strong> \u00ab\u00a0pour mettre un terme \u00e0 ces d\u00e9gradations\u00a0\u00bb,\u00a0<a class=\"link\" href=\"https:\/\/www.rtl.fr\/actu\/justice-faits-divers\/le-psg-champion-d-europe-323-gardes-a-vue-en-marge-des-festivites-ce-week-end-annonce-laurent-nu-ez-sur-rtl-7900511078\" target=\"_blank\" rel=\"noopener\">a r\u00e9v\u00e9l\u00e9 Laurent Nu\u00f1ez sur RTL<\/a>.<\/p>\n<p class=\"article-p mdl\"><strong>Pologne &#8211; <\/strong>Le candidat nationaliste <strong>Karol Nawrocki a remport\u00e9 l&rsquo;\u00e9lection pr\u00e9sidentielle<\/strong> en Pologne avec 50,89% des voix, selon les r\u00e9sultats officiels communiqu\u00e9s lundi 2 juin. Il s&rsquo;agit d&rsquo;un revers majeur pour\u00a0<a class=\"link\" href=\"https:\/\/www.rtl.fr\/actu\/international\/relation-franco-polonaise-qu-est-ce-que-ce-traite-de-nancy-signe-vendredi-par-les-deux-pays-7900502692\" target=\"_blank\" rel=\"noopener\">le gouvernement pro-UE<\/a>\u00a0du pays, au terme d&rsquo;un scrutin ind\u00e9cis.\u00a0<\/p>\n<p class=\"article-p mdl\"><strong>Services publics &#8211;<\/strong> Selon le \u00ab\u00a0Barom\u00e8tre 2025 des services publics\u00a0\u00bb r\u00e9alis\u00e9 par Harris Interactive &#8211; Toluna pour le gouvernement,\u00a0<a class=\"link\" href=\"https:\/\/www.rtl.fr\/actu\/debats-societe\/info-rtl-7-francais-sur-10-se-disent-satisfaits-par-les-services-publics-selon-un-sondage-7900511039\" target=\"_blank\" rel=\"noopener\">69% des Fran\u00e7ais se d\u00e9clarent satisfaits de leurs services publics<\/a>. Cependant, <strong>des disparit\u00e9s notables subsistent<\/strong> selon les secteurs et les profils des usagers.<\/p>\n<p>    La r\u00e9daction vous recommande<\/p>\n<p class=\"s-newsletter__title\">\n                L\u2019actualit\u00e9 par la r\u00e9daction de RTL dans votre bo\u00eete mail.\n            <\/p>\n<p class=\"s-newsletter__subtitle\">\n                Gr\u00e2ce \u00e0 votre compte RTL abonnez-vous \u00e0 la newsletter RTL info pour suivre toute l&rsquo;actualit\u00e9 au quotidien\n            <\/p>\n<p>\n                                    Lire la suite\n                                <\/p>\n","protected":false},"excerpt":{"rendered":"Tags antis\u00e9mites et pro-palestiniens, croix gamm\u00e9es&#8230; Une \u00e9cole primaire lyonnaise a \u00e9t\u00e9 prise pour cible \u00e0 Lyon, samedi&hellip;\n","protected":false},"author":2,"featured_media":146306,"comment_status":"","ping_status":"","sticky":false,"template":"","format":"standard","meta":{"footnotes":""},"categories":[1889],"tags":[1111,11,6155,2430,1122,1067,1777,674,107,1011,27,1310,6224,2428,12,362,360,25],"class_list":{"0":"post-146305","1":"post","2":"type-post","3":"status-publish","4":"format-standard","5":"has-post-thumbnail","7":"category-lyon","8":"tag-actu","9":"tag-actualites","10":"tag-antisemitisme","11":"tag-auvergne-rhone-alpes","12":"tag-ecole","13":"tag-enquete","14":"tag-eu","15":"tag-europe","16":"tag-fil-info","17":"tag-fr","18":"tag-france","19":"tag-incendie","20":"tag-integral","21":"tag-lyon","22":"tag-news","23":"tag-replay","24":"tag-replay-integral","25":"tag-republique-francaise"},"share_on_mastodon":{"url":"https:\/\/pubeurope.com\/@fr\/114613640546303307","error":""},"_links":{"self":[{"href":"https:\/\/www.europesays.com\/fr\/wp-json\/wp\/v2\/posts\/146305","targetHints":{"allow":["GET"]}}],"collection":[{"href":"https:\/\/www.europesays.com\/fr\/wp-json\/wp\/v2\/posts"}],"about":[{"href":"https:\/\/www.europesays.com\/fr\/wp-json\/wp\/v2\/types\/post"}],"author":[{"embeddable":true,"href":"https:\/\/www.europesays.com\/fr\/wp-json\/wp\/v2\/users\/2"}],"replies":[{"embeddable":true,"href":"https:\/\/www.europesays.com\/fr\/wp-json\/wp\/v2\/comments?post=146305"}],"version-history":[{"count":0,"href":"https:\/\/www.europesays.com\/fr\/wp-json\/wp\/v2\/posts\/146305\/revisions"}],"wp:featuredmedia":[{"embeddable":true,"href":"https:\/\/www.europesays.com\/fr\/wp-json\/wp\/v2\/media\/146306"}],"wp:attachment":[{"href":"https:\/\/www.europesays.com\/fr\/wp-json\/wp\/v2\/media?parent=146305"}],"wp:term":[{"taxonomy":"category","embeddable":true,"href":"https:\/\/www.europesays.com\/fr\/wp-json\/wp\/v2\/categories?post=146305"},{"taxonomy":"post_tag","embeddable":true,"href":"https:\/\/www.europesays.com\/fr\/wp-json\/wp\/v2\/tags?post=146305"}],"curies":[{"name":"wp","href":"https:\/\/api.w.org\/{rel}","templated":true}]}}