{"id":146307,"date":"2025-06-02T11:55:10","date_gmt":"2025-06-02T11:55:10","guid":{"rendered":"https:\/\/www.europesays.com\/fr\/146307\/"},"modified":"2025-06-02T11:55:10","modified_gmt":"2025-06-02T11:55:10","slug":"suppression-de-la-zfe-comment-ont-vote-les-deputes-dile-de-france","status":"publish","type":"post","link":"https:\/\/www.europesays.com\/fr\/146307\/","title":{"rendered":"Suppression de la ZFE\u00a0: comment ont vot\u00e9 les d\u00e9put\u00e9s d&rsquo;Ile-de-France"},"content":{"rendered":"\n<p>Fin 2018, la M\u00e9tropole du Grand Paris, grande intercommunalit\u00e9 cr\u00e9\u00e9e en 2016 pour tenter notamment de donner de la coh\u00e9rence aux politiques urbaines de Paris et les d\u00e9partements de petite couronne, <a href=\"https:\/\/94.citoyens.com\/2018\/la-metropole-du-grand-paris-veut-interdire-les-vehicules-tres-polluants-des-cet-ete,11-11-2018.html\" target=\"_blank\" rel=\"noreferrer noopener\">avait vot\u00e9 une zone \u00e0 faible \u00e9mission (ZFE), au terme de longs d\u00e9bats. <\/a>Son p\u00e9rim\u00e8tre concernait l\u2019int\u00e9rieur de l\u2019A86 (A86 exclue). La ZFE du Grand Paris pr\u00e9voyait, progressivement, d\u2019interdire aux v\u00e9hicules les plus polluants de circuler dans ce p\u00e9rim\u00e8tre. En parall\u00e8le, \u00e9taient pr\u00e9vues des aides pour pouvoir changer de v\u00e9hicule.  Objectif : lutter contre la pollution qui continue de provoquer plus de 6 000 d\u00e9c\u00e8s pr\u00e9matur\u00e9s chaque ann\u00e9e dans la r\u00e9gion.<\/p>\n<p>Concr\u00e8tement, la ZFE du Grand Paris visait d\u2019abord \u00e0 interdire les plus polluants (Crit\u2019Air 4 et 5), puis les Crit\u2019Air 3. Cette cat\u00e9gorie correspond globalement aux\u00a0v\u00e9hicules diesel immatricul\u00e9s entre 2006 et fin 2010 et aux voitures \u00e0 essence immatricul\u00e9es entre 1997 et fin 2005. Cette cat\u00e9gorie concerne beaucoup s de v\u00e9hicules. Leur nombre \u00e9tait ainsi estim\u00e9 \u00e0 420 000 fin 2024. Pour accompagner les automobilistes, des aides ont \u00e9t\u00e9 instaur\u00e9es, \u00e0 la fois des aides de l\u2019Etat et des aides de la M\u00e9tropole du Grand Paris, sous conditions de ressources Les aides de l\u2019Etat ont toutefois \u00e9t\u00e9 divis\u00e9es par deux fin 2024, tandis que le dispositif de leasing social de voiture \u00e9lectrique \u00e0 100 euros par mois, <a href=\"https:\/\/94.citoyens.com\/2024\/a-joinville-le-pont-rim-premiere-beneficiaire-de-la-voiture-electrique-a-100-euros-par-mois,22-01-2024.html\" target=\"_blank\" rel=\"noreferrer noopener\">lanc\u00e9 en grande pompe en janvier 2024,<\/a> a \u00e9t\u00e9 suspendu quelques semaines plus tard, victime de son succ\u00e8s. Une seconde \u00e9dition de 50 000 b\u00e9n\u00e9ficiaires devrait recommencer en septembre.<\/p>\n<p>Dans ce contexte, la M\u00e9tropole de Paris <a href=\"https:\/\/94.citoyens.com\/2023\/la-metropole-du-grand-paris-reporte-la-zone-a-faibles-emissions-a-2025,13-07-2023.html\" target=\"_blank\" rel=\"noreferrer noopener\">a plusieurs fois report\u00e9 l\u2019interdiction <\/a>aux Crit\u2019Air 3, <a href=\"https:\/\/94.citoyens.com\/2024\/pollution-automobile-en-ile-de-france-la-zone-a-faibles-emissions-zfe-instauree-a-reculons,17-12-2024.html\" target=\"_blank\" rel=\"noreferrer noopener\">puis l\u2019a assouplie d\u2019exceptions, \u00e0 la veille de sa mise en \u0153uvre.<\/a> Elle est toutefois op\u00e9rationnelle depuis le 1er janvier 2025, m\u00eame si aucun contr\u00f4le n\u2019est pr\u00e9vu pour sanctionner les contrevenants, durant toute cette ann\u00e9e.<\/p>\n<p>Malgr\u00e9 ces am\u00e9nagements importants, rendant la ZFE moins contraignante le temps de poursuivre l\u2019accompagnement, son concept m\u00eame a <a href=\"https:\/\/94.citoyens.com\/2025\/pollution-en-ile-de-france-les-motards-ont-manifeste-contre-la-zfe,19-05-2025.html\" target=\"_blank\" rel=\"noreferrer noopener\">cristallis\u00e9 la col\u00e8re de certains usagers, donnant lieu \u00e0 des manifestations<\/a>.<\/p>\n<p>A l\u2019occasion projet de loi de \u201csimplification\u201d, la suppression des ZFE a \u00e9t\u00e9 propos\u00e9e sous forme d\u2019amendement, par les groupes LR et RN. Mercredi 28 mai, la suppression a \u00e9t\u00e9 adopt\u00e9e par les d\u00e9put\u00e9s par 98 voix contre 51, avec les voix essentiellement des LR, RN, RN-UDR et LFI. Ecologistes et socialistes ont vot\u00e9 contre. Aucun membre du groupe communiste n\u2019\u00e9tait pr\u00e9sent. C\u00f4t\u00e9 mouvements pr\u00e9sidentiels, Ensemble a majoritairement vot\u00e9 contre, Modem et Horizons \u00e9taient peu repr\u00e9sent\u00e9s et ont vot\u00e9 dans diff\u00e9rentes directions. Il ne s\u2019agit pas du vote g\u00e9n\u00e9ral de la loi mais d\u2019un amendement, ce qui explique le faible nombre de votants, 155, par rapport a nombre de d\u00e9put\u00e9s, 577.<\/p>\n<p>Les 22 votes en Ile-de-France<\/p>\n<p>En Ile-de-France, 22 d\u00e9put\u00e9s ont pris part au vote, dont 11 pour et 11 contre.<\/p>\n<tr>\n<td><strong>Nom<\/strong><\/td>\n<td><strong>Groupe<\/strong><\/td>\n<td><strong>D\u00e9partement<\/strong><\/td>\n<td><strong>Vote<\/strong><\/td>\n<\/tr>\n<tr>\n<td>Anne Sicard<\/td>\n<td>Rassemblement National<\/td>\n<td>Val-d\u2019Oise<\/td>\n<td>Pour<\/td>\n<\/tr>\n<tr>\n<td>Anne-Sophie Ronceret<\/td>\n<td>Ensemble pour la R\u00e9publique<\/td>\n<td>Yvelines<\/td>\n<td>Pour<\/td>\n<\/tr>\n<tr>\n<td>Aymeric Caron<\/td>\n<td>La France Insoumise<\/td>\n<td>Paris<\/td>\n<td>Pour<\/td>\n<\/tr>\n<tr>\n<td>Bastien Lachaud<\/td>\n<td>La France Insoumise<\/td>\n<td>Seine-Saint-Denis<\/td>\n<td>Pour<\/td>\n<\/tr>\n<tr>\n<td>B\u00e9atrice Roullaud<\/td>\n<td>Rassemblement National<\/td>\n<td>Seine-et-Marne<\/td>\n<td>Pour<\/td>\n<\/tr>\n<tr>\n<td>B\u00e9renger Cernon<\/td>\n<td>La France Insoumise<\/td>\n<td>Essonne<\/td>\n<td>Pour<\/td>\n<\/tr>\n<tr>\n<td>Claire Lejeune<\/td>\n<td>La France Insoumise<\/td>\n<td>Essonne<\/td>\n<td>Pour<\/td>\n<\/tr>\n<tr>\n<td>Cl\u00e9mence Guett\u00e9<\/td>\n<td>La France Insoumise<\/td>\n<td>Val-de-Marne<\/td>\n<td>Pour<\/td>\n<\/tr>\n<tr>\n<td>Gabrielle Cathala<\/td>\n<td>La France Insoumise<\/td>\n<td>Val-d\u2019Oise<\/td>\n<td>Pour<\/td>\n<\/tr>\n<tr>\n<td>Louis Boyard<\/td>\n<td>La France Insoumise<\/td>\n<td>Val-de-Marne<\/td>\n<td>Pour<\/td>\n<\/tr>\n<tr>\n<td>Mathilde Panot<\/td>\n<td>La France Insoumise<\/td>\n<td>Val-de-Marne<\/td>\n<td>Pour<\/td>\n<\/tr>\n<tr>\n<td>Aur\u00e9lien Rousseau<\/td>\n<td>Socialistes et apparent\u00e9s<\/td>\n<td>Yvelines<\/td>\n<td>Contre<\/td>\n<\/tr>\n<tr>\n<td>B\u00e9atrice Piron<\/td>\n<td>Horizons et Ind\u00e9pendants<\/td>\n<td>Yvelines<\/td>\n<td>Contre<\/td>\n<\/tr>\n<tr>\n<td>Constance Le Grip<\/td>\n<td>Ensemble pour la R\u00e9publique<\/td>\n<td>Hauts-de-Seine<\/td>\n<td>Contre<\/td>\n<\/tr>\n<tr>\n<td>David Amiel<\/td>\n<td>Ensemble pour la R\u00e9publique<\/td>\n<td>Paris<\/td>\n<td>Contre<\/td>\n<\/tr>\n<tr>\n<td>Eva Sas<\/td>\n<td>Ecologiste et Social<\/td>\n<td>Paris<\/td>\n<td>Contre<\/td>\n<\/tr>\n<tr>\n<td>Guillaume Gouffier Valente<\/td>\n<td>Ensemble pour la R\u00e9publique<\/td>\n<td>Val-de-Marne<\/td>\n<td>Contre<\/td>\n<\/tr>\n<tr>\n<td>Isabelle Santiago<\/td>\n<td>Socialistes et apparent\u00e9s<\/td>\n<td>Val-de-Marne<\/td>\n<td>Contre<\/td>\n<\/tr>\n<tr>\n<td>Mathieu Lef\u00e8vre<\/td>\n<td>Ensemble pour la R\u00e9publique<\/td>\n<td>Val-de-Marne<\/td>\n<td>Contre<\/td>\n<\/tr>\n<tr>\n<td>Pouria Amirshahi<\/td>\n<td>Ecologiste et Social<\/td>\n<td>Paris<\/td>\n<td>Contre<\/td>\n<\/tr>\n<tr>\n<td>Sabrina Sebaihi<\/td>\n<td>Ecologiste et Social<\/td>\n<td>Hauts-de-Seine<\/td>\n<td>Contre<\/td>\n<\/tr>\n<tr>\n<td>Sylvain Maillard<\/td>\n<td>Ensemble pour la R\u00e9publique<\/td>\n<td>Paris<\/td>\n<td>Contre<\/td>\n<\/tr>\n<p>Source : tableau des scrutins de l\u2019Assembl\u00e9e nationale<\/p>\n<p>Le vote solennel du projet de loi, dans l\u2019int\u00e9gralit\u00e9 de son texte, reste n\u00e9anmoins \u00e0 venir. D\u2019ici l\u00e0, plusieurs centaines d\u2019amendements sont encore \u00e0 \u00e9tudier, qui pourraient faire de nouveau \u00e9voluer la loi.<\/p>\n<p>Lire aussi :<\/p><\/p>\n","protected":false},"excerpt":{"rendered":"Fin 2018, la M\u00e9tropole du Grand Paris, grande intercommunalit\u00e9 cr\u00e9\u00e9e en 2016 pour tenter notamment de donner de&hellip;\n","protected":false},"author":2,"featured_media":146308,"comment_status":"","ping_status":"","sticky":false,"template":"","format":"standard","meta":{"footnotes":""},"categories":[1592],"tags":[27521,1111,11,27522,27523,416,27524,646,15738,27525,27526,27527,27528,27529,7739,27530,27531,27532,3983,423,2339,1936,1777,674,27533,1011,27,27534,6306,27535,3314,3540,662,27536,27537,2338,780,27538,27539,14552,27540,27541,2759,3914,12,626,23090,316,1800,27542,1078,25,27543,1945,21710,27544,27545,1125,4752,321,5995,1938],"class_list":{"0":"post-146307","1":"post","2":"type-post","3":"status-publish","4":"format-standard","5":"has-post-thumbnail","7":"category-ile-de-france","8":"tag-a86","9":"tag-actu","10":"tag-actualites","11":"tag-anne-sicard","12":"tag-anne-sophie-ronceret","13":"tag-assemblee-nationale","14":"tag-aurelien-rousseau","15":"tag-automobile","16":"tag-automobiliste","17":"tag-aymeric-caron","18":"tag-bastien-lachaud","19":"tag-beatrice-piron","20":"tag-beatrice-roullaud","21":"tag-beranger-cernon","22":"tag-clemence-guette","23":"tag-communiste","24":"tag-constance-le-grip","25":"tag-david-amiel","26":"tag-deces","27":"tag-deputes","28":"tag-ecologistes","29":"tag-essonne","30":"tag-eu","31":"tag-europe","32":"tag-eva-sas","33":"tag-fr","34":"tag-france","35":"tag-gabrielle-cathala","36":"tag-grand-paris","37":"tag-guillaume-gouffier-cha","38":"tag-hauts-de-seine","39":"tag-horizons","40":"tag-ile-de-france","41":"tag-intercommunalite","42":"tag-isabelle-santiago","43":"tag-la-france-insoumise","44":"tag-lfi","45":"tag-louis-boyard","46":"tag-mathieu-lefevre","47":"tag-mathilde-panot","48":"tag-metropole-de-paris","49":"tag-metropole-du-grand-paris","50":"tag-modem","51":"tag-motard","52":"tag-news","53":"tag-paris","54":"tag-petite-couronne","55":"tag-politique","56":"tag-pollution","57":"tag-pouria-amirshahi","58":"tag-rassemblement-national","59":"tag-republique-francaise","60":"tag-sabrina-sebaihi","61":"tag-seine-saint-denis","62":"tag-socialistes","63":"tag-sylvain-maillard","64":"tag-udi","65":"tag-val-de-marne","66":"tag-voiture","67":"tag-voiture-electrique","68":"tag-vote","69":"tag-yvelines"},"share_on_mastodon":{"url":"","error":"Validation failed: Text character limit of 500 exceeded"},"_links":{"self":[{"href":"https:\/\/www.europesays.com\/fr\/wp-json\/wp\/v2\/posts\/146307","targetHints":{"allow":["GET"]}}],"collection":[{"href":"https:\/\/www.europesays.com\/fr\/wp-json\/wp\/v2\/posts"}],"about":[{"href":"https:\/\/www.europesays.com\/fr\/wp-json\/wp\/v2\/types\/post"}],"author":[{"embeddable":true,"href":"https:\/\/www.europesays.com\/fr\/wp-json\/wp\/v2\/users\/2"}],"replies":[{"embeddable":true,"href":"https:\/\/www.europesays.com\/fr\/wp-json\/wp\/v2\/comments?post=146307"}],"version-history":[{"count":0,"href":"https:\/\/www.europesays.com\/fr\/wp-json\/wp\/v2\/posts\/146307\/revisions"}],"wp:featuredmedia":[{"embeddable":true,"href":"https:\/\/www.europesays.com\/fr\/wp-json\/wp\/v2\/media\/146308"}],"wp:attachment":[{"href":"https:\/\/www.europesays.com\/fr\/wp-json\/wp\/v2\/media?parent=146307"}],"wp:term":[{"taxonomy":"category","embeddable":true,"href":"https:\/\/www.europesays.com\/fr\/wp-json\/wp\/v2\/categories?post=146307"},{"taxonomy":"post_tag","embeddable":true,"href":"https:\/\/www.europesays.com\/fr\/wp-json\/wp\/v2\/tags?post=146307"}],"curies":[{"name":"wp","href":"https:\/\/api.w.org\/{rel}","templated":true}]}}