{"id":146334,"date":"2025-06-02T12:09:11","date_gmt":"2025-06-02T12:09:11","guid":{"rendered":"https:\/\/www.europesays.com\/fr\/146334\/"},"modified":"2025-06-02T12:09:11","modified_gmt":"2025-06-02T12:09:11","slug":"presidentielle-en-pologne-guerre-en-ukraine-premiers-resultats-sur-parcoursup-les-3-infos-a-retenir-a-la-mi-journee","status":"publish","type":"post","link":"https:\/\/www.europesays.com\/fr\/146334\/","title":{"rendered":"Pr\u00e9sidentielle en Pologne, guerre en Ukraine, premiers r\u00e9sultats sur Parcoursup&#8230; Les 3 infos \u00e0 retenir \u00e0 la mi-journ\u00e9e"},"content":{"rendered":"<p><strong>LE POINT DE MIDI &#8211;<\/strong> Retrouvez l\u2019essentiel de l\u2019actualit\u00e9 parue ce lundi 2 juin au matin sur notre site.<\/p>\n<p>Pluie de r\u00e9actions apr\u00e8s l\u2019\u00e9lection de Karol Nawrocki \u00e0 la t\u00eate de la Pologne<\/p>\n<p>    Karol Nawrocki, ici \u00e0 Varsovie le dimanche 1er juin 2025.<br \/>\n                WOJTEK RADWANSKI \/ AFP<\/p>\n<p class=\"fig-paragraph\">L\u2019historien nationaliste Karol Nawrocki a remport\u00e9 l\u2019\u00e9lection pr\u00e9sidentielle en Pologne. Sa victoire, confirm\u00e9e t\u00f4t ce lundi,\u00a0<a href=\"http:\/\/www.lefigaro.fr\/international\/presidentielle-en-pologne-la-victoire-du-nationaliste-est-une-bonne-nouvelle-pour-marine-le-pen-20250602\" target=\"_blank\" data-fig-type=\"NewsFlash\" rel=\"noopener\" data-gtm-custom-categorie=\"navigation\" data-gtm-custom-action=\"crossclick\" data-gtm-custom-label=\"Contextuel\" data-gtm-event=\"customEventSPE\" data-fig-domain=\"LEFIGARO\">a \u00e9t\u00e9 salu\u00e9e par de nombreux responsables politiques<\/a>. Ursula von\u00a0der\u00a0Leyen se dit \u00abconfiante\u00bb dans la poursuite d\u2019une \u00abtr\u00e8s bonne coop\u00e9ration\u00bb entre Varsovie et Bruxelles, tandis que le pr\u00e9sident allemand appelle \u00e0 coop\u00e9rer \u00absur la base de l\u2019\u00c9tat de droit\u00bb. Dans le camp conservateur et nationaliste, Viktor Orb\u00e1n loue une \u00abfantastique victoire\u00bb tandis que Marine Le\u00a0Pen voit dans son \u00e9lection une \u00abbonne nouvelle\u00bb.<\/p>\n<p>Nouveaux pourparlers directs \u00e0 Istanbul entre Russes et Ukrainiens<\/p>\n<p>    Un membre des forces sp\u00e9ciales de la police turque se tient en garde devant le palais de Ciragan le jour de la deuxi\u00e8me ronde de pourparlers de paix entre la Russie et l\u2019Ukraine, \u00e0 Istanbul, en Turquie, le 2 juin 2025.<br \/>\n                Murad Sezer \/ REUTERS<\/p>\n<p class=\"fig-paragraph\">Des d\u00e9l\u00e9gations russe et ukrainienne se retrouvent \u00e0 Istanbul pour de nouveaux pourparlers directs, au lendemain de l\u2019attaque de drones lanc\u00e9e par Kiev contre des a\u00e9rodromes militaires en Russie, la plus importante depuis le d\u00e9but du conflit. Moscou et Kiev avaient d\u00e9j\u00e0 engag\u00e9 de premi\u00e8res discussions directes le 16 mai dans la m\u00e9tropole turque, mais le rendez-vous avait \u00e9t\u00e9 peu fructueux, les deux pays ne s\u2019engageant que sur un \u00e9change de prisonniers \u00e0 grande \u00e9chelle.<\/p>\n<p class=\"fig-paragraph\"><a href=\"https:\/\/www.lefigaro.fr\/international\/en-direct-guerre-en-ukraine-nouveaux-pourparlers-directs-attendus-a-istanbul-entre-kiev-et-moscou-au-lendemain-d-une-operation-d-ampleur-ukrainienne-sur-le-sol-russe-20250602\" target=\"_blank\" data-fig-type=\"Live\" rel=\"noopener\" data-gtm-custom-categorie=\"navigation\" data-gtm-custom-action=\"crossclick\" data-gtm-custom-label=\"Contextuel\" data-gtm-event=\"customEventSPE\" data-fig-domain=\"LEFIGARO\">Suivez en direct l\u2019avanc\u00e9e des n\u00e9gociations entre la Russie et l\u2019Ukraine sur lefigaro.fr<\/a><\/p>\n<p>Parcoursup: l\u2019heure du verdict approche pour les lyc\u00e9ens de terminale<\/p>\n<p>    D\u00e8s 19 heures ce lundi, les 980 000 candidats inscrits sur Parcoursup vont conna\u00eetre leurs premiers r\u00e9sultats.<br \/>\n                maurice norbert \/ stock.adobe.com<\/p>\n<p class=\"fig-paragraph\">Ce lundi \u00e0 partir de 19 heures, 980.000 candidats inscrits sur Parcoursup vont d\u00e9couvrir les premi\u00e8res r\u00e9ponses des formations \u00e0 leurs v\u0153ux d\u2019orientation dans l\u2019enseignement sup\u00e9rieur. Cette \u00e9tape marque le d\u00e9but de la phase d\u2019admission principale,\u00a0<a href=\"http:\/\/etudiant.lefigaro.fr\/article\/lycee\/parcoursup-2025-que-va-t-il-se-passer-le-2-juin-20250524\/\" target=\"_blank\" data-fig-type=\"Article\" rel=\"noopener\" data-gtm-custom-categorie=\"navigation\" data-gtm-custom-action=\"crossclick\" data-gtm-custom-label=\"Contextuel\" data-gtm-event=\"customEventSPE\" data-fig-domain=\"ETUDIANT\">une p\u00e9riode cruciale qui s\u2019\u00e9tendra jusqu\u2019au 10 juillet<\/a>. Les premi\u00e8res propositions d\u2019admission pourront \u00eatre accept\u00e9es ou refus\u00e9es d\u00e8s ce soir.<\/p>\n<p>Le chiffre du jour\u00a0: 73.093<\/p>\n<p class=\"fig-paragraph\">C\u2019est l\u2019indice UEFA de la France, au lendemain de la victoire du PSG en Ligue des champions. Le sacre des Parisiens face \u00e0 l\u2019Inter Milan maintient \u00e0 distance les Pays-Bas et le Portugal\u00a0<a href=\"http:\/\/www.lefigaro.fr\/sports\/football\/ligue-des-champions\/psg-champion-d-europe-la-bonne-nouvelle-pour-l-indice-uefa-francais-20250602\" target=\"_blank\" data-fig-type=\"NewsFlash\" rel=\"noopener\" data-gtm-custom-categorie=\"navigation\" data-gtm-custom-action=\"crossclick\" data-gtm-custom-label=\"Contextuel\" data-gtm-event=\"customEventSPE\" data-fig-domain=\"LEFIGARO\">et permet \u00e0 l\u2019Hexagone de conforter sa cinqui\u00e8me place<\/a>, pas loin derri\u00e8re l\u2019Allemagne.<\/p>\n<p>Nos conseils<\/p>\n<p>Ces coups de pouce familiaux qui permettent aux jeunes d\u2019acheter leur premier logement<\/p>\n<p class=\"fig-paragraph\">Division de terrain pour transmettre une parcelle, don manuel, pr\u00eat familial sans int\u00e9r\u00eat\u2026 Plus que jamais, l\u2019aide de la famille peut \u00eatre d\u00e9terminante pour concr\u00e9tiser un premier achat.<\/p>\n<p class=\"fig-body-cta-link\" data-module=\"fig-cta-link\" data-context=\"was @visible\">\n    <a class=\"fig-body-cta-link__link\" href=\"https:\/\/www.lefigaro.fr\/finances-perso\/immobilier-des-astuces-familiales-pour-mettre-le-pied-a-l-etrier-aux-jeunes-acheteurs-20250601\" target=\"_blank\" rel=\"follow noopener\" data-js-gtm=\"{&quot;event&quot;:&quot;customEventGA4&quot;,&quot;eventName&quot;:&quot;click_navigation&quot;,&quot;button_action&quot;:&quot;crossclick&quot;,&quot;feature&quot;:&quot;Contextuel_bouton&quot;,&quot;feature_details&quot;:&quot;NOTRE ARTICLE&quot;,&quot;link_url&quot;:&quot;https:\\\/\\\/www.lefigaro.fr\\\/finances-perso\\\/immobilier-des-astuces-familiales-pour-mettre-le-pied-a-l-etrier-aux-jeunes-acheteurs-20250601&quot;}\"><br \/>\n                NOTRE ARTICLE<br \/>\n    <\/a>\n<\/p>\n<p>La photo \u00e0 retenir<\/p>\n<p>    Une rue inond\u00e9e apr\u00e8s les pluies diluviennes qui se sont abattues sur Mumbai, la capitale financi\u00e8re de l\u2019Inde. La mousson annuelle est arriv\u00e9e environ deux semaines plus t\u00f4t que d\u2019habitude.<br \/>\n                PUNIT PARANJPE \/ AFP<\/p>\n<p>La vid\u00e9o du jour<\/p>\n","protected":false},"excerpt":{"rendered":"LE POINT DE MIDI &#8211; Retrouvez l\u2019essentiel de l\u2019actualit\u00e9 parue ce lundi 2 juin au matin sur notre&hellip;\n","protected":false},"author":2,"featured_media":146335,"comment_status":"","ping_status":"","sticky":false,"template":"","format":"standard","meta":{"footnotes":""},"categories":[2],"tags":[1111,47,11,1109,1112,118,1108,107,1106,1107,1011,27,131,1110,1114,14,12,1113,6015,316,2437,25],"class_list":{"0":"post-146334","1":"post","2":"type-post","3":"status-publish","4":"format-standard","5":"has-post-thumbnail","7":"category-actualites","8":"tag-actu","9":"tag-actualite","10":"tag-actualites","11":"tag-breves","12":"tag-depeches","13":"tag-faits-divers","14":"tag-fil","15":"tag-fil-info","16":"tag-flash","17":"tag-flash-actu","18":"tag-fr","19":"tag-france","20":"tag-guerre-en-ukraine","21":"tag-informations","22":"tag-infos","23":"tag-international","24":"tag-news","25":"tag-nouvelles","26":"tag-parcoursup","27":"tag-politique","28":"tag-pologne","29":"tag-republique-francaise"},"share_on_mastodon":{"url":"https:\/\/pubeurope.com\/@fr\/114613699576797658","error":""},"_links":{"self":[{"href":"https:\/\/www.europesays.com\/fr\/wp-json\/wp\/v2\/posts\/146334","targetHints":{"allow":["GET"]}}],"collection":[{"href":"https:\/\/www.europesays.com\/fr\/wp-json\/wp\/v2\/posts"}],"about":[{"href":"https:\/\/www.europesays.com\/fr\/wp-json\/wp\/v2\/types\/post"}],"author":[{"embeddable":true,"href":"https:\/\/www.europesays.com\/fr\/wp-json\/wp\/v2\/users\/2"}],"replies":[{"embeddable":true,"href":"https:\/\/www.europesays.com\/fr\/wp-json\/wp\/v2\/comments?post=146334"}],"version-history":[{"count":0,"href":"https:\/\/www.europesays.com\/fr\/wp-json\/wp\/v2\/posts\/146334\/revisions"}],"wp:featuredmedia":[{"embeddable":true,"href":"https:\/\/www.europesays.com\/fr\/wp-json\/wp\/v2\/media\/146335"}],"wp:attachment":[{"href":"https:\/\/www.europesays.com\/fr\/wp-json\/wp\/v2\/media?parent=146334"}],"wp:term":[{"taxonomy":"category","embeddable":true,"href":"https:\/\/www.europesays.com\/fr\/wp-json\/wp\/v2\/categories?post=146334"},{"taxonomy":"post_tag","embeddable":true,"href":"https:\/\/www.europesays.com\/fr\/wp-json\/wp\/v2\/tags?post=146334"}],"curies":[{"name":"wp","href":"https:\/\/api.w.org\/{rel}","templated":true}]}}