{"id":146340,"date":"2025-06-02T12:14:08","date_gmt":"2025-06-02T12:14:08","guid":{"rendered":"https:\/\/www.europesays.com\/fr\/146340\/"},"modified":"2025-06-02T12:14:08","modified_gmt":"2025-06-02T12:14:08","slug":"roland-garros-djokovic-dont-lancien-coach-rejoint-tsitsipas-nous-savons-tous-quel-est-le-point-faible-de-stefanos","status":"publish","type":"post","link":"https:\/\/www.europesays.com\/fr\/146340\/","title":{"rendered":"Roland Garros > Djokovic (dont l&rsquo;ancien coach rejoint Tsitsipas) : \u00ab\u00a0Nous savons tous quel est le point faible de Stefanos\u00a0\u00bb"},"content":{"rendered":"<p>Interrog\u00e9 par la presse serbe sur <a href=\"http:\/\/welovetennis.fr\/atp\/goran-ivanisevic-au-secours-de-stefanos-tsitsipas\" data-wpel-link=\"internal\" target=\"_blank\" rel=\"noopener\">le d\u00e9but immi\u00adnent de la colla\u00adbo\u00adra\u00adtion entre Stefanos Tsitsipas et son ancien entra\u00ee\u00adneur, Goran Ivanisevic<\/a> (entre 2019 et 2024), Novak Djokovic s\u2019est montr\u00e9 tr\u00e8s positif.\u00a0<\/p>\n<blockquote class=\"twitter-tweet\">\n<p lang=\"en\" dir=\"ltr\"><a href=\"https:\/\/twitter.com\/hashtag\/Djokovic?src=hash&amp;ref_src=twsrc%5Etfw\" data-wpel-link=\"external\" target=\"_blank\" rel=\"nofollow external noopener\">#Djokovic<\/a> on Ivanisevic working with Tsitsipas\u00a0: It\u2019s visible that Stefanos doubts his game now, Goran can help \ud83d\udc47 <a href=\"https:\/\/t.co\/bjomHNWQfW\" data-wpel-link=\"external\" target=\"_blank\" rel=\"nofollow external noopener\">pic.twitter.com\/bjomHNWQfW<\/a><\/p>\n<p>\u2014 Sa\u0161a Ozmo (@ozmo_sasa) <a href=\"https:\/\/twitter.com\/ozmo_sasa\/status\/1929103229960229050?ref_src=twsrc%5Etfw\" data-wpel-link=\"external\" target=\"_blank\" rel=\"nofollow external noopener\">June 1,\u00a02025<\/a><\/p><\/blockquote>\n<p><strong>\u00ab\u202fJe suis s\u00fbr qu\u2019il peut aider n\u2019im\u00adporte quel joueur de tennis, et surtout Stefanos, menta\u00adle\u00adment. Je vois que Stefanos a de plus grandes fluc\u00adtua\u00adtions \u00e0 ce niveau\u2010l\u00e0 main\u00adte\u00adnant\u202f; il doute de son jeu, c\u2019est visible\u2026 Je pense que Goran peut le guider un peu et attirer son atten\u00adtion sur les bons points. Quand on parle de Goran Ivanisevic, le service est primor\u00addial. Stefanos a un bon service, mais il y a toujours un \u00e9l\u00e9ment \u00e0 am\u00e9liorer. Et le revers, nous savons tous que c\u2019est proba\u00adble\u00adment son point faible.\u00a0M\u00eame si Goran jouait avec un revers \u00e0 deux mains, je suis s\u00fbr qu\u2019il a une vision claire de ce qu\u2019il veut faire avec lui. Il sera int\u00e9\u00adres\u00adsant de voir comment leur coop\u00e9\u00adra\u00adtion \u00e9voluera.\u202f\u00bb<\/strong><\/p>\n<p class=\"post-published-date\" style=\"color: silver; font-size: 75%; text-align: left;\">Publi\u00e9 le lundi 2 juin 2025 \u00e0 11:36<\/p>\n<p><script async src=\"https:\/\/platform.twitter.com\/widgets.js\" charset=\"utf-8\"><\/script><\/p>\n","protected":false},"excerpt":{"rendered":"Interrog\u00e9 par la presse serbe sur le d\u00e9but immi\u00adnent de la colla\u00adbo\u00adra\u00adtion entre Stefanos Tsitsipas et son ancien&hellip;\n","protected":false},"author":2,"featured_media":146341,"comment_status":"","ping_status":"","sticky":false,"template":"","format":"standard","meta":{"footnotes":""},"categories":[1415],"tags":[105,1011,27,60,1467,5443],"class_list":{"0":"post-146340","1":"post","2":"type-post","3":"status-publish","4":"format-standard","5":"has-post-thumbnail","7":"category-tennis","8":"tag-djokovic","9":"tag-fr","10":"tag-france","11":"tag-sports","12":"tag-tennis","13":"tag-tsitsipas"},"share_on_mastodon":{"url":"https:\/\/pubeurope.com\/@fr\/114613719062344019","error":""},"_links":{"self":[{"href":"https:\/\/www.europesays.com\/fr\/wp-json\/wp\/v2\/posts\/146340","targetHints":{"allow":["GET"]}}],"collection":[{"href":"https:\/\/www.europesays.com\/fr\/wp-json\/wp\/v2\/posts"}],"about":[{"href":"https:\/\/www.europesays.com\/fr\/wp-json\/wp\/v2\/types\/post"}],"author":[{"embeddable":true,"href":"https:\/\/www.europesays.com\/fr\/wp-json\/wp\/v2\/users\/2"}],"replies":[{"embeddable":true,"href":"https:\/\/www.europesays.com\/fr\/wp-json\/wp\/v2\/comments?post=146340"}],"version-history":[{"count":0,"href":"https:\/\/www.europesays.com\/fr\/wp-json\/wp\/v2\/posts\/146340\/revisions"}],"wp:featuredmedia":[{"embeddable":true,"href":"https:\/\/www.europesays.com\/fr\/wp-json\/wp\/v2\/media\/146341"}],"wp:attachment":[{"href":"https:\/\/www.europesays.com\/fr\/wp-json\/wp\/v2\/media?parent=146340"}],"wp:term":[{"taxonomy":"category","embeddable":true,"href":"https:\/\/www.europesays.com\/fr\/wp-json\/wp\/v2\/categories?post=146340"},{"taxonomy":"post_tag","embeddable":true,"href":"https:\/\/www.europesays.com\/fr\/wp-json\/wp\/v2\/tags?post=146340"}],"curies":[{"name":"wp","href":"https:\/\/api.w.org\/{rel}","templated":true}]}}