{"id":146358,"date":"2025-06-02T12:24:09","date_gmt":"2025-06-02T12:24:09","guid":{"rendered":"https:\/\/www.europesays.com\/fr\/146358\/"},"modified":"2025-06-02T12:24:09","modified_gmt":"2025-06-02T12:24:09","slug":"claude-francois-rival-avec-joe-dassin-ils-ont-surtout-son-fils-balance","status":"publish","type":"post","link":"https:\/\/www.europesays.com\/fr\/146358\/","title":{"rendered":"Claude Fran\u00e7ois rival avec Joe Dassin ? \u201cIls ont surtout\u2026\u201d, son fils balance"},"content":{"rendered":"<p>D\u2019un c\u00f4t\u00e9, <strong>Claude Fran\u00e7ois<\/strong>, chanteur \u00e0 succ\u00e8s,<br \/>\naccompagn\u00e9 de ses Claudettes, d\u00e9cha\u00eenant les passions de ses fans.<br \/>\nDe l\u2019autre, <strong>Joe Dassin<\/strong>, interpr\u00e8te populaire, seul<br \/>\nsur sc\u00e8ne, artiste \u00e0 la voix chantante. <strong>Deux destins, deux<br \/>\ncarri\u00e8res, deux morts tragiques.<\/strong> Dans une interview<br \/>\ncrois\u00e9e, leurs fils respectifs, <strong>Claude Fran\u00e7ois<br \/>\nJr.<\/strong> et <strong>Jonathan Dassin<\/strong>, reviennent sur<br \/>\nles rapports singuliers entre leurs stars de p\u00e8res. Confessions<br \/>\nsans concession.<\/p>\n<p>Claude Fran\u00e7ois : idole des jeunes et control<br \/>\nfreak<\/p>\n<p>Mort en 1978, dans des circonstances accidentelles, Claude<br \/>\nFran\u00e7ois a r\u00e9gn\u00e9 en ma\u00eetre sur la chanson fran\u00e7aise durant les<br \/>\nsixties-seventies. Il devient la nouvelle<br \/>\n<strong>idole des jeunes<\/strong>, renvoie au placard les vieux<br \/>\nchansonniers avec des hits comme Alexandrie Alexandra.<br \/>\n<strong>Et gr\u00e2ce \u00e0 son \u00e9nergie contagieuse sur sc\u00e8ne, ses pas de<br \/>\ndanse et ses Claudettes.<\/strong><\/p>\n<p>Claude Fran\u00e7ois avait toutefois une part sombre. <strong>Entre<br \/>\nson exigence maniaque, ses coups de sang et son app\u00e9tence pour les<br \/>\njeunes filles -euph\u00e9misme-, Cloclo n\u2019\u00e9tait pas un tendre.<\/strong><br \/>\n<a href=\"https:\/\/www.melty.fr\/people\/50-ans-apres-la-mort-de-claude-francois-une-claudette-denonce-son-comportement-fou-furieux-2232721.html\" target=\"_blank\" rel=\"noopener\"><br \/>\nUne Claudette t\u00e9moigne sur son travail<\/a> aux c\u00f4t\u00e9s de<br \/>\nl\u2019interpr\u00e8te de Belles, belles, belles. Il meurt<br \/>\n\u00e9lectrocut\u00e9 dans sa salle de bain dans son appartement.<\/p>\n<p>Joe Dassin : mort de l\u2019interpr\u00e8te de<br \/>\nChamps-Elys\u00e9es<\/p>\n<p>Joe Dassin, n\u00e9 Joseph, est un chanteur d\u2019une autre trempe.<br \/>\n<strong>Fortement influenc\u00e9 par la chanson am\u00e9ricaine, forc\u00e9ment,<br \/>\nil est n\u00e9 \u00e0 Brooklyn (!), il opte pour un style plus<br \/>\ncrooner.<\/strong> L\u2019artiste fait ses d\u00e9buts durant la premi\u00e8re<br \/>\nmoiti\u00e9 des ann\u00e9es soixante. Il devient notamment le premier<br \/>\nchanteur fran\u00e7ais sign\u00e9 sur un label U.S.,<br \/>\n<strong>CBS<\/strong>.<\/p>\n<p>Une poign\u00e9e d\u2019ann\u00e9es plus tard, Joe Dassin rencontre un succ\u00e8s<br \/>\nd\u2019estime avec Bip, bip. Titre aujourd\u2019hui culte.<br \/>\n<strong>Mais c\u2019est surtout avec Les Champs-Elys\u00e9es, en<br \/>\n1969, qu\u2019il conna\u00eet enfin reconnaissance et c\u00e9l\u00e9brit\u00e9.<\/strong> Le<br \/>\nchanteur des Dalton meurt onze ans plus tard d\u2019une crise<br \/>\ncardiaque foudroyante \u00e0 l\u2019\u00e2ge de 41 ans seulement. Deux ans apr\u00e8s<br \/>\nCloclo\u2026<\/p>\n<p>Les fils de deux chanteurs balancent<br \/>\nsur leurs p\u00e8res<\/p>\n<p>2025, dans les colonnes de <strong>La Provence<\/strong>, les<br \/>\nfils respectifs de Claude Fran\u00e7ois et Joe Dassin livrent des<br \/>\nsecrets sur la relation entre leurs p\u00e8res. <strong>On a souvent<br \/>\npr\u00e9sent\u00e9 les deux artistes comme des rivaux, leurs succ\u00e8s<br \/>\npopulaires \u00e9tant relativement parall\u00e8les.<\/strong> Toutes,<br \/>\nl\u2019histoire semble plus complexe si l\u2019on en croit leurs deux<br \/>\nrejetons. <strong>Alors, Cloclo et Joe Dalton \u00e9taient-il en froid,<br \/>\nrivaux ou se regardaient-ils en chien de fa\u00efence ?<\/strong><\/p>\n<p>Ainsi selon les propos de La Provence, <a href=\"https:\/\/www.closermag.fr\/people\/pas-poto-avec-claude-francois-le-fils-de-joe-dassin-balance-3550588\" target=\"_blank\" rel=\"noopener\"><br \/>\nrapport\u00e9s par nos confr\u00e8res de <strong>Closer<\/strong><\/a>, Claude<br \/>\nFran\u00e7ois et Joe Dassin avaient des rapports pour le moins<br \/>\nsinguliers. <strong>Mais les deux monstres de la chanson n\u2019\u00e9tait<br \/>\npas forc\u00e9ment rivaux.<\/strong> \u201cNon, pas vraiment.\u201d,<br \/>\nd\u00e9taille Cloclo Jr. \u201c[Il n\u2019y a, NDLR] pas de photos [d\u2019eux<br \/>\nensemble], juste une \u00e9mission o\u00f9 mon p\u00e8re pr\u00e9sente Joe \u00e0 la<br \/>\nt\u00e9l\u00e9 anglaise. Ce n\u2019\u00e9taient ni des grands potos, ni des rivaux.<br \/>\n<strong>Ils ont surtout en commun d\u2019\u00eatre devenus des ic\u00f4nes de la<br \/>\nculture populaire.<\/strong>\u201d En effet, encore aujourd\u2019hui, que<br \/>\ncela soit Claude Fran\u00e7ois ou Joe Dassin, les deux ont toujours des<br \/>\nbases de fans tr\u00e8s solides. <strong>Certain(e)s collectionnent les<br \/>\ndisques de leur chouchou mais \u00e9galement de nombreux produits<br \/>\nd\u00e9riv\u00e9s plus ou moins rares.<\/strong><\/p>\n","protected":false},"excerpt":{"rendered":"D\u2019un c\u00f4t\u00e9, Claude Fran\u00e7ois, chanteur \u00e0 succ\u00e8s, accompagn\u00e9 de ses Claudettes, d\u00e9cha\u00eenant les passions de ses fans. De&hellip;\n","protected":false},"author":2,"featured_media":146359,"comment_status":"","ping_status":"","sticky":false,"template":"","format":"standard","meta":{"footnotes":""},"categories":[1355],"tags":[905,58,59,1011,27,1361,873],"class_list":{"0":"post-146358","1":"post","2":"type-post","3":"status-publish","4":"format-standard","5":"has-post-thumbnail","7":"category-musique","8":"tag-a-la-une-melty","9":"tag-divertissement","10":"tag-entertainment","11":"tag-fr","12":"tag-france","13":"tag-music","14":"tag-musique"},"share_on_mastodon":{"url":"https:\/\/pubeurope.com\/@fr\/114613758335274137","error":""},"_links":{"self":[{"href":"https:\/\/www.europesays.com\/fr\/wp-json\/wp\/v2\/posts\/146358","targetHints":{"allow":["GET"]}}],"collection":[{"href":"https:\/\/www.europesays.com\/fr\/wp-json\/wp\/v2\/posts"}],"about":[{"href":"https:\/\/www.europesays.com\/fr\/wp-json\/wp\/v2\/types\/post"}],"author":[{"embeddable":true,"href":"https:\/\/www.europesays.com\/fr\/wp-json\/wp\/v2\/users\/2"}],"replies":[{"embeddable":true,"href":"https:\/\/www.europesays.com\/fr\/wp-json\/wp\/v2\/comments?post=146358"}],"version-history":[{"count":0,"href":"https:\/\/www.europesays.com\/fr\/wp-json\/wp\/v2\/posts\/146358\/revisions"}],"wp:featuredmedia":[{"embeddable":true,"href":"https:\/\/www.europesays.com\/fr\/wp-json\/wp\/v2\/media\/146359"}],"wp:attachment":[{"href":"https:\/\/www.europesays.com\/fr\/wp-json\/wp\/v2\/media?parent=146358"}],"wp:term":[{"taxonomy":"category","embeddable":true,"href":"https:\/\/www.europesays.com\/fr\/wp-json\/wp\/v2\/categories?post=146358"},{"taxonomy":"post_tag","embeddable":true,"href":"https:\/\/www.europesays.com\/fr\/wp-json\/wp\/v2\/tags?post=146358"}],"curies":[{"name":"wp","href":"https:\/\/api.w.org\/{rel}","templated":true}]}}