{"id":146374,"date":"2025-06-02T12:32:10","date_gmt":"2025-06-02T12:32:10","guid":{"rendered":"https:\/\/www.europesays.com\/fr\/146374\/"},"modified":"2025-06-02T12:32:10","modified_gmt":"2025-06-02T12:32:10","slug":"un-lourd-bilan-avec-un-deces-et-plusieurs-hospitalisations","status":"publish","type":"post","link":"https:\/\/www.europesays.com\/fr\/146374\/","title":{"rendered":"un lourd bilan avec un d\u00e9c\u00e8s et plusieurs hospitalisations"},"content":{"rendered":"<p>L\u2019\u00e9v\u00e9nement, non autoris\u00e9, qui s\u2019est tenu ce week-end dans le Bugey sous de fortes chaleurs a mobilis\u00e9 secours et gendarmes pendant plusieurs jours.<\/p>\n<p class=\"fig-paragraph\">Le rassemblement ill\u00e9gal a \u00e9t\u00e9 endeuill\u00e9 par le d\u00e9c\u00e8s d\u2019une participante. Une N\u00e9erlandaise de 34 ans est\u00a0<a href=\"http:\/\/www.lefigaro.fr\/faits-divers\/rave-party-une-neerlandaise-decede-dans-l-ain-20250531\" data-fig-type=\"NewsFlash\" data-gtm-custom-categorie=\"navigation\" data-gtm-custom-action=\"crossclick\" data-gtm-custom-label=\"Contextuel\" data-gtm-event=\"customEventSPE\" data-fig-domain=\"LEFIGARO\" rel=\"nofollow noopener\" target=\"_blank\">morte ce week-end<\/a>\u00a0lors d\u2019une rave-party qui a rassembl\u00e9 5000 \u00e0 7000 personnes dans le d\u00e9partement de l\u2019<a href=\"http:\/\/www.lefigaro.fr\/flash-actu\/ain-la-fille-et-l-epouse-d-un-convoyeur-de-fonds-brievement-enlevees-pas-de-butin-20250418\" data-fig-type=\"NewsFlash\" data-gtm-custom-categorie=\"navigation\" data-gtm-custom-action=\"crossclick\" data-gtm-custom-label=\"Contextuel\" data-gtm-event=\"customEventSPE\" data-fig-domain=\"LEFIGARO\" rel=\"nofollow noopener\" target=\"_blank\">Ain<\/a>, a indiqu\u00e9 la pr\u00e9fecture. Au total, ce sont 125 teufeurs qui ont d\u00fb \u00eatre pris en charge par les secours au cours de ce week-end marqu\u00e9 par de fortes chaleurs.<\/p>\n<p class=\"fig-paragraph\">\u00abCe rassemblement s\u2019est organis\u00e9 sans concertation avec les pouvoirs publics, au m\u00e9pris des r\u00e8gles \u00e9l\u00e9mentaires de s\u00e9curit\u00e9 sur un site qui n\u2019est pas pr\u00e9vu \u00e0 cet effet\u00bb, a d\u00e9nonc\u00e9 la pr\u00e9f\u00e8te de l\u2019Ain, Chantal Mauchet, condamnant \u00abfermement cette installation illicite\u00bb. La rave-party avait commenc\u00e9 dans la nuit de jeudi \u00e0 vendredi sur des terrains des communes d\u2019Innimond et de Lompnas, dans le\u00a0<a href=\"http:\/\/www.lefigaro.fr\/lyon\/ils-l-ont-entendu-hurler-tres-souvent-ces-dernieres-nuits-un-loup-abattu-apres-des-attaques-de-troupeaux-en-serie-dans-l-ain-20240502\" data-fig-type=\"NewsFlash\" data-gtm-custom-categorie=\"navigation\" data-gtm-custom-action=\"crossclick\" data-gtm-custom-label=\"Contextuel\" data-gtm-event=\"customEventSPE\" data-fig-domain=\"LEFIGARO\" rel=\"nofollow noopener\" target=\"_blank\">Bugey<\/a>. Un arr\u00eat\u00e9 pr\u00e9fectoral d\u2019interdiction avait d\u2019ailleurs \u00e9t\u00e9 pris contre ce type de rassemblement depuis le milieu du mois de mai. Dimanche soir, les autorit\u00e9s s\u2019inqui\u00e9taient de l\u2019arriv\u00e9e des orages sur le secteur.<\/p>\n<p>Cinq teufeurs \u00e0 l\u2019h\u00f4pital<\/p>\n<p class=\"fig-paragraph\">Les gendarmes ont \u00e9t\u00e9 mobilis\u00e9s tout le week-end, notamment pour assurer la circulation dans ce territoire rural peupl\u00e9 de quelques centaines d\u2019habitants seulement. Alors que les premiers participants quittaient les lieux dimanche midi, ils avaient d\u00e9j\u00e0 relev\u00e9 plus de 200 infractions, \u00abnotamment des infractions routi\u00e8res et des infractions li\u00e9es aux stup\u00e9fiants\u00bb. Des v\u00e9hicules ont \u00e9t\u00e9 mis en fourri\u00e8re et des stup\u00e9fiants saisis, pr\u00e9cise la pr\u00e9fecture.<\/p>\n<p class=\"fig-body-link\">\n            \u00c0 lire aussi<br \/>\n        <a class=\"fig-body-link__link\" href=\"http:\/\/www.lefigaro.fr\/lyon\/dans-l-ain-le-lyceen-auteur-des-deepfakes-denudes-de-ses-camarades-a-ete-renvoye-de-son-etablissement-20250509\" data-fig-type=\"NewsFlash\" data-gtm-custom-categorie=\"navigation\" data-gtm-custom-action=\"crossclick\" data-gtm-custom-label=\"Contextuel\" data-gtm-event=\"customEventSPE\" data-fig-domain=\"LEFIGARO\" rel=\"nofollow noopener\" target=\"_blank\">Dans l\u2019Ain, le lyc\u00e9en auteur des \u00abdeepfakes\u00bb d\u00e9nud\u00e9s de ses camarades a \u00e9t\u00e9 renvoy\u00e9 de son \u00e9tablissement<br \/>\n    <\/a>\n<\/p>\n<p class=\"fig-paragraph\">Des secouristes d\u2019associations agr\u00e9\u00e9es de s\u00e9curit\u00e9 civile ont \u00e9galement \u00e9t\u00e9 mobilis\u00e9s sur place, en plus des pompiers, et \u00e0 la demande de la pr\u00e9f\u00e8te. Sur les 125 personnes prises en charge, cinq ont d\u00fb \u00eatre transport\u00e9es en urgence relative vers un centre hospitalier. Des secours qui n\u2019avaient pu ranimer la jeune N\u00e9erlandaise d\u00e9c\u00e9d\u00e9e samedi, malgr\u00e9 leur intervention. Une enqu\u00eate est en cours pour faire la lumi\u00e8re sur les circonstances de son d\u00e9c\u00e8s.<\/p>\n","protected":false},"excerpt":{"rendered":"L\u2019\u00e9v\u00e9nement, non autoris\u00e9, qui s\u2019est tenu ce week-end dans le Bugey sous de fortes chaleurs a mobilis\u00e9 secours&hellip;\n","protected":false},"author":2,"featured_media":146375,"comment_status":"","ping_status":"","sticky":false,"template":"","format":"standard","meta":{"footnotes":""},"categories":[4],"tags":[11,5273,2430,5299,5272,5312,5296,5285,5293,1011,27,5303,5311,5301,5279,5275,5313,5276,5300,5302,5280,5298,5281,5306,5305,5308,5309,5284,5294,5297,5269,5271,5268,5270,5267,2428,5295,5307,5277,5304,5283,12,978,5274,7746,25,2431,5314,5288,5292,5289,5291,5290,5315,5282,5286,5310,5287,5278],"class_list":{"0":"post-146374","1":"post","2":"type-post","3":"status-publish","4":"format-standard","5":"has-post-thumbnail","7":"category-france","8":"tag-actualites","9":"tag-ainay","10":"tag-auvergne-rhone-alpes","11":"tag-bellecombe","12":"tag-bellecour","13":"tag-champvert-nord","14":"tag-champvert-sud","15":"tag-clos-jouve","16":"tag-fourviere","17":"tag-fr","18":"tag-france","19":"tag-gerland","20":"tag-gorge-de-loup","21":"tag-jean-mace","22":"tag-la-buire","23":"tag-la-confluence","24":"tag-la-duchere","25":"tag-la-guillotiere-nord-prefecture","26":"tag-la-guillotiere-sud","27":"tag-la-mouche","28":"tag-la-part-dieu","29":"tag-la-tete-dor","30":"tag-la-villette","31":"tag-laennec","32":"tag-le-bachut","33":"tag-le-grand-trou","34":"tag-le-moulin-a-vent","35":"tag-le-plateau-de-la-croix-rousse","36":"tag-le-point-du-jour","37":"tag-les-brotteaux","38":"tag-les-chartreux","39":"tag-les-cordeliers","40":"tag-les-pentes-de-la-croix-rousse","41":"tag-les-terreaux","42":"tag-les-traboules","43":"tag-lyon","44":"tag-menival","45":"tag-mermoz","46":"tag-moncey","47":"tag-monplaisir","48":"tag-montchat","49":"tag-news","50":"tag-olympique-lyonnais","51":"tag-perrache","52":"tag-rave-party","53":"tag-republique-francaise","54":"tag-rhone-alpes","55":"tag-rochecardon-industrie","56":"tag-saint-georges","57":"tag-saint-irenee","58":"tag-saint-jean","59":"tag-saint-just","60":"tag-saint-paul","61":"tag-saint-rambert-lile-barbe","62":"tag-sans-souci-dauphine","63":"tag-serin-saint-charles","64":"tag-vaise","65":"tag-vieux-lyon","66":"tag-voltaire"},"share_on_mastodon":{"url":"","error":"Validation failed: Text character limit of 500 exceeded"},"_links":{"self":[{"href":"https:\/\/www.europesays.com\/fr\/wp-json\/wp\/v2\/posts\/146374","targetHints":{"allow":["GET"]}}],"collection":[{"href":"https:\/\/www.europesays.com\/fr\/wp-json\/wp\/v2\/posts"}],"about":[{"href":"https:\/\/www.europesays.com\/fr\/wp-json\/wp\/v2\/types\/post"}],"author":[{"embeddable":true,"href":"https:\/\/www.europesays.com\/fr\/wp-json\/wp\/v2\/users\/2"}],"replies":[{"embeddable":true,"href":"https:\/\/www.europesays.com\/fr\/wp-json\/wp\/v2\/comments?post=146374"}],"version-history":[{"count":0,"href":"https:\/\/www.europesays.com\/fr\/wp-json\/wp\/v2\/posts\/146374\/revisions"}],"wp:featuredmedia":[{"embeddable":true,"href":"https:\/\/www.europesays.com\/fr\/wp-json\/wp\/v2\/media\/146375"}],"wp:attachment":[{"href":"https:\/\/www.europesays.com\/fr\/wp-json\/wp\/v2\/media?parent=146374"}],"wp:term":[{"taxonomy":"category","embeddable":true,"href":"https:\/\/www.europesays.com\/fr\/wp-json\/wp\/v2\/categories?post=146374"},{"taxonomy":"post_tag","embeddable":true,"href":"https:\/\/www.europesays.com\/fr\/wp-json\/wp\/v2\/tags?post=146374"}],"curies":[{"name":"wp","href":"https:\/\/api.w.org\/{rel}","templated":true}]}}