{"id":146380,"date":"2025-06-02T12:35:12","date_gmt":"2025-06-02T12:35:12","guid":{"rendered":"https:\/\/www.europesays.com\/fr\/146380\/"},"modified":"2025-06-02T12:35:12","modified_gmt":"2025-06-02T12:35:12","slug":"saint-etienne-la-ville-a-nouveau-proprietaire-du-marche-de-gros-la-societe-qui-gere-rungis-interessee","status":"publish","type":"post","link":"https:\/\/www.europesays.com\/fr\/146380\/","title":{"rendered":"Saint-\u00c9tienne . La Ville \u00e0 nouveau propri\u00e9taire du march\u00e9 de gros, la soci\u00e9t\u00e9 qui g\u00e8re Rungis int\u00e9ress\u00e9e"},"content":{"rendered":"<p>Lors du point presse d&rsquo;avant conseil municipal, ce lundi 2 juin, Jean-Pierre Berger, adjoint \u00e0 l&rsquo;urbanisme, a annonc\u00e9 que la Ville de Saint-\u00c9tienne est redevenue propri\u00e9taire du march\u00e9 de gros.<\/p>\n<p>Le site de 5 hectares, rue Necker, avait \u00e9t\u00e9 rachet\u00e9 en 2020, pour un montant de 3,2 millions d&rsquo;euros, par le groupe Atrium. Il avait promis \u00e0 l&rsquo;\u00e9poque de transformer compl\u00e8tement le march\u00e9 de gros en investissant quelque 24 millions d&rsquo;euros.<\/p>\n<p>Cinq ans sans que rien ne bouge<\/p>\n<p>Mais les ann\u00e9es ont pass\u00e9 et les travaux n&rsquo;ont jamais d\u00e9marr\u00e9. La Ville n&rsquo;a m\u00eame jamais per\u00e7u la totalit\u00e9 du montant de la vente du site.<\/p>\n<p>\u00ab\u00a0Entre le Covid et la flamb\u00e9e des prix des mat\u00e9riaux, le contexte n&rsquo;\u00e9tait plus le m\u00eame. Nous avions donc accord\u00e9 un d\u00e9lai \u00e0 Atrium\u00a0\u00bb, a d\u00e9velopp\u00e9 Jean-Pierre Berger.<\/p>\n<p>\u00ab\u00a0En juin 2023, le groupe a l\u00e2ch\u00e9 le projet et souhaitait que la Ville modifie son PLU pour que le site ne soit plus uniquement en zone agro-alimentaire. Ce que nous avons refus\u00e9.\u00a0\u00bb<\/p>\n<p>  \u00ab Revenir au projet initial\u00a0\u00bb<\/p>\n<p>Il y a un an, la Ville de Saint-Etienne a donc assign\u00e9 Atrium en justice pour non-respect de ses engagements et a repris, en avril, possession du t\u00e8nement, contre le versement de la somme de 487 800 euros, a annonc\u00e9 le premier adjoint.<\/p>\n<p>La bonne nouvelle, c&rsquo;est que Semmaris, qui g\u00e8re le march\u00e9 de Rungis et plusieurs march\u00e9s de gros de la r\u00e9gion parisienne, a fait savoir qu&rsquo;elle \u00e9tait int\u00e9ress\u00e9e par le site st\u00e9phanois. \u00ab\u00a0Des \u00e9tudes de faisabilit\u00e9 vont \u00eatre lanc\u00e9es\u00a0\u00bb, a indiqu\u00e9 le maire, Ga\u00ebl Perdriau. \u00ab\u00a0Maintenant que nous sommes \u00e0 nouveau propri\u00e9taires, nous voulons revenir au projet initial. Faire un march\u00e9 de gros d&rsquo;envergure r\u00e9gional\u00a0\u00bb, a-t-il r\u00e9affirm\u00e9.<\/p>\n","protected":false},"excerpt":{"rendered":"Lors du point presse d&rsquo;avant conseil municipal, ce lundi 2 juin, Jean-Pierre Berger, adjoint \u00e0 l&rsquo;urbanisme, a annonc\u00e9&hellip;\n","protected":false},"author":2,"featured_media":146381,"comment_status":"","ping_status":"","sticky":false,"template":"","format":"standard","meta":{"footnotes":""},"categories":[9653],"tags":[1111,11,327,2430,4749,4406,7539,1777,674,1011,27,3367,12,25,4001,7538],"class_list":{"0":"post-146380","1":"post","2":"type-post","3":"status-publish","4":"format-standard","5":"has-post-thumbnail","7":"category-saint-etienne","8":"tag-actu","9":"tag-actualites","10":"tag-agriculture","11":"tag-auvergne-rhone-alpes","12":"tag-btp-et-chantiers","13":"tag-commerce-et-services","14":"tag-edition-loire-sud","15":"tag-eu","16":"tag-europe","17":"tag-fr","18":"tag-france","19":"tag-loire","20":"tag-news","21":"tag-republique-francaise","22":"tag-saint-etienne","23":"tag-saint-etienne-ville"},"share_on_mastodon":{"url":"https:\/\/pubeurope.com\/@fr\/114613801949536354","error":""},"_links":{"self":[{"href":"https:\/\/www.europesays.com\/fr\/wp-json\/wp\/v2\/posts\/146380","targetHints":{"allow":["GET"]}}],"collection":[{"href":"https:\/\/www.europesays.com\/fr\/wp-json\/wp\/v2\/posts"}],"about":[{"href":"https:\/\/www.europesays.com\/fr\/wp-json\/wp\/v2\/types\/post"}],"author":[{"embeddable":true,"href":"https:\/\/www.europesays.com\/fr\/wp-json\/wp\/v2\/users\/2"}],"replies":[{"embeddable":true,"href":"https:\/\/www.europesays.com\/fr\/wp-json\/wp\/v2\/comments?post=146380"}],"version-history":[{"count":0,"href":"https:\/\/www.europesays.com\/fr\/wp-json\/wp\/v2\/posts\/146380\/revisions"}],"wp:featuredmedia":[{"embeddable":true,"href":"https:\/\/www.europesays.com\/fr\/wp-json\/wp\/v2\/media\/146381"}],"wp:attachment":[{"href":"https:\/\/www.europesays.com\/fr\/wp-json\/wp\/v2\/media?parent=146380"}],"wp:term":[{"taxonomy":"category","embeddable":true,"href":"https:\/\/www.europesays.com\/fr\/wp-json\/wp\/v2\/categories?post=146380"},{"taxonomy":"post_tag","embeddable":true,"href":"https:\/\/www.europesays.com\/fr\/wp-json\/wp\/v2\/tags?post=146380"}],"curies":[{"name":"wp","href":"https:\/\/api.w.org\/{rel}","templated":true}]}}