{"id":146385,"date":"2025-06-02T12:38:09","date_gmt":"2025-06-02T12:38:09","guid":{"rendered":"https:\/\/www.europesays.com\/fr\/146385\/"},"modified":"2025-06-02T12:38:09","modified_gmt":"2025-06-02T12:38:09","slug":"a-la-valette-des-collegiens-ont-devoile-leur-travaux-artistiques-et-litteraires-autour-de-leau","status":"publish","type":"post","link":"https:\/\/www.europesays.com\/fr\/146385\/","title":{"rendered":"\u00c0 La Valette, des coll\u00e9giens ont d\u00e9voil\u00e9 leur travaux artistiques et litt\u00e9raires autour de l&rsquo;eau"},"content":{"rendered":"<p>En cette fin de mai, les parents \u00e9taient nombreux \u00e0 r\u00e9pondre \u00e0 l\u2019invitation du <strong>coll\u00e8ge Alphonse-Daudet pour d\u00e9couvrir le fruit d\u2019un projet p\u00e9dagogique<\/strong> hors normes, men\u00e9 de concert avec <strong>le Jardin de Baudouvin<\/strong>. Le vernissage, qui s\u2019est tenu mardi dernier, marquait l\u2019aboutissement de plusieurs semaines de travail autour d\u2019un fil conducteur aussi po\u00e9tique que fondamental: le voyage de l\u2019eau.<\/p>\n<p>Ce projet culturel, intitul\u00e9 \u00ab\u00a0Du jardin de papier au jardin Baudouvin: le voyage de l\u2019eau\u00a0\u00bb, a mobilis\u00e9 une classe de 6e dans un parcours m\u00ealant lectures, cr\u00e9ations plastiques, d\u00e9couvertes scientifiques et ateliers d\u2019\u00e9criture. Il s\u2019inscrit dans le dispositif national \u00ab\u00a0Par nature\u00a0\u00bb, initi\u00e9 par la Maison des \u00e9crivains \u00e0 Paris, qui met en lien 100 auteurs et 100 classes autour des enjeux environnementaux contemporains. Le th\u00e8me retenu cette ann\u00e9e: les oc\u00e9ans.<\/p>\n<p>Etude des relations entre l\u2019art et la nature <\/p>\n<p>Au coll\u00e8ge, les visiteurs \u00e9taient accueillis dans l\u2019Espace d\u2019arts pour une exposition inaugurale, avec en toile de fond les \u0153uvres de l\u2019illustrateur Vincent Grav\u00e9, qui accompagne les textes de Gilles Cl\u00e9ment. Cette entr\u00e9e en mati\u00e8re posait le cadre d\u2019une r\u00e9flexion plus large sur les relations entre art et nature. L\u2019autrice Lucile Bordes, invit\u00e9e dans le cadre du dispositif, a ensuite men\u00e9 une s\u00e9rie d\u2019ateliers d\u2019\u00e9criture avec les \u00e9l\u00e8ves, en immersion au jardin Baudouvin, transform\u00e9 pour l\u2019occasion en laboratoire sensoriel.<\/p>\n<p>Les \u00e9l\u00e8ves ont quitt\u00e9 la salle de classe pour explorer autrement, dans des lieux aussi vari\u00e9s que le CDI, l\u2019Espace d\u2019arts ou les all\u00e9es du parc. L\u00e0, carnet \u00e0 la main, ils ont observ\u00e9, \u00e9cout\u00e9, senti. L\u2019eau, \u00e9l\u00e9ment central, devenait fil rouge de leur cr\u00e9ation : source d\u2019inspiration, pr\u00e9texte \u00e0 l\u2019imaginaire, mais aussi sujet d\u2019\u00e9tude.<\/p>\n<p>Le parcours propos\u00e9 aux parents d\u00e9butait par la pr\u00e9sentation des travaux plastiques et litt\u00e9raires r\u00e9alis\u00e9s au coll\u00e8ge, avant de se prolonger au jardin, avec la lecture \u00e0 voix haute des textes produits, la diffusion d\u2019un diaporama et l\u2019exposition d\u2019un carnet de voyage collectif, v\u00e9ritable condens\u00e9 des \u00e9motions et d\u00e9couvertes v\u00e9cues par les \u00e9l\u00e8ves.<\/p>\n<p>Cette aventure a \u00e9t\u00e9 rendue possible gr\u00e2ce \u00e0 l\u2019implication d\u2019une \u00e9quipe soud\u00e9e et engag\u00e9e : Mme Goret (arts plastiques), Mme B\u00e8gue (fran\u00e7ais), Mme Deltorre (documentaliste), Mme Perelli (anglais), \u00e0 qui l\u2019on doit le montage vid\u00e9o, et bien s\u00fbr les \u00e9l\u00e8ves de 6e AL2, qui ont su donner vie \u00e0 un projet sensible, intelligent et profond\u00e9ment ancr\u00e9 dans le vivant.<\/p>\n","protected":false},"excerpt":{"rendered":"En cette fin de mai, les parents \u00e9taient nombreux \u00e0 r\u00e9pondre \u00e0 l\u2019invitation du coll\u00e8ge Alphonse-Daudet pour d\u00e9couvrir&hellip;\n","protected":false},"author":2,"featured_media":146386,"comment_status":"","ping_status":"","sticky":false,"template":"","format":"standard","meta":{"footnotes":""},"categories":[9619],"tags":[1111,11,1057,1777,674,332,1011,27,12,882,25,2310],"class_list":{"0":"post-146385","1":"post","2":"type-post","3":"status-publish","4":"format-standard","5":"has-post-thumbnail","7":"category-toulon","8":"tag-actu","9":"tag-actualites","10":"tag-education","11":"tag-eu","12":"tag-europe","13":"tag-faits-de-societe","14":"tag-fr","15":"tag-france","16":"tag-news","17":"tag-provence-alpes-cote-dazur","18":"tag-republique-francaise","19":"tag-toulon"},"share_on_mastodon":{"url":"https:\/\/pubeurope.com\/@fr\/114613813506635104","error":""},"_links":{"self":[{"href":"https:\/\/www.europesays.com\/fr\/wp-json\/wp\/v2\/posts\/146385","targetHints":{"allow":["GET"]}}],"collection":[{"href":"https:\/\/www.europesays.com\/fr\/wp-json\/wp\/v2\/posts"}],"about":[{"href":"https:\/\/www.europesays.com\/fr\/wp-json\/wp\/v2\/types\/post"}],"author":[{"embeddable":true,"href":"https:\/\/www.europesays.com\/fr\/wp-json\/wp\/v2\/users\/2"}],"replies":[{"embeddable":true,"href":"https:\/\/www.europesays.com\/fr\/wp-json\/wp\/v2\/comments?post=146385"}],"version-history":[{"count":0,"href":"https:\/\/www.europesays.com\/fr\/wp-json\/wp\/v2\/posts\/146385\/revisions"}],"wp:featuredmedia":[{"embeddable":true,"href":"https:\/\/www.europesays.com\/fr\/wp-json\/wp\/v2\/media\/146386"}],"wp:attachment":[{"href":"https:\/\/www.europesays.com\/fr\/wp-json\/wp\/v2\/media?parent=146385"}],"wp:term":[{"taxonomy":"category","embeddable":true,"href":"https:\/\/www.europesays.com\/fr\/wp-json\/wp\/v2\/categories?post=146385"},{"taxonomy":"post_tag","embeddable":true,"href":"https:\/\/www.europesays.com\/fr\/wp-json\/wp\/v2\/tags?post=146385"}],"curies":[{"name":"wp","href":"https:\/\/api.w.org\/{rel}","templated":true}]}}