{"id":146389,"date":"2025-06-02T12:40:09","date_gmt":"2025-06-02T12:40:09","guid":{"rendered":"https:\/\/www.europesays.com\/fr\/146389\/"},"modified":"2025-06-02T12:40:09","modified_gmt":"2025-06-02T12:40:09","slug":"trois-agressions-violentes-en-quelques-minutes-au-coeur-de-lecusson","status":"publish","type":"post","link":"https:\/\/www.europesays.com\/fr\/146389\/","title":{"rendered":"trois agressions violentes en quelques minutes au c\u0153ur de l\u2019\u00c9cusson"},"content":{"rendered":"<p>            Par<br \/>\n        <strong><br \/>\n            <a href=\"https:\/\/actu.fr\/auteur\/lea-pippinato\" title=\"Consulter tous les articles de L\u00e9a Pippinato\" rel=\"nofollow noopener\" target=\"_blank\">L\u00e9a Pippinato<\/a><br \/>\n        <\/strong><\/p>\n<p>        Publi\u00e9 le<\/p>\n<p>            2 juin 2025 \u00e0 13h29        <\/p>\n<p><strong>Ce lundi 2 juin 2025<\/strong>, \u00e0 4h50 du matin, trois agressions violentes se produisent presque simultan\u00e9ment dans le centre-ville de Montpellier. Toutes les affaires se concentrent dans un m\u00eame p\u00e9rim\u00e8tre, autour de la place de la Com\u00e9die, dans l\u2019\u00c9cusson.<\/p>\n<p>    <a href=\"https:\/\/www.google.com\/maps\/embed?pb=!1m18!1m12!1m3!1d23112.884963072524!2d3.8572691499999996!3d43.6042383!2m3!1f0!2f0!3f0!3m2!1i1024!2i768!4f13.1!3m3!1m2!1s0x12b6afa73c64b9ed%3A0xaa592f351e697ee8!2sPl.%20de%20la%20Com%C3%A9die%2C%2034000%20Montpellier!5e0!3m2!1sen!2sfr!4v1748861218855!5m2!1sen!2sfr\" title=\"Ouvrie le lien\" rel=\"nofollow noopener\" target=\"_blank\">Cliquez ici pour visualiser le contenu<\/a><\/p>\n<p class=\" wall-content\">La premi\u00e8re agression se d\u00e9roule place de la Com\u00e9die. Un homme est attaqu\u00e9 par six individus. L\u2019un d\u2019eux exhibe une arme. Sous la menace, la victime remet une sacoche, une montre et de l\u2019argent liquide. Les agresseurs prennent la fuite \u00e0 pied en direction des ruelles de l\u2019\u00c9cusson. Alert\u00e9e, la police nationale d\u00e9p\u00eache une patrouille sur place. Cinq des six suspects sont localis\u00e9s et interpell\u00e9s dans un d\u00e9lai court. Les policiers retrouvent les effets vol\u00e9s sur les individus.<\/p>\n<p>Rue Voltaire : un homme pass\u00e9 \u00e0 tabac<\/p>\n<p class=\" wall-content\">Presque au m\u00eame moment, \u00e0 proximit\u00e9 de l\u2019\u00e9glise Saint-Roch, un homme est rou\u00e9 de coups par plusieurs personnes rue Voltaire. La victime fournit une description pr\u00e9cise \u00e0 la police : l\u2019un des agresseurs portait un jogging gris et noir, et des chaussures blanches.<\/p>\n<p>    <a href=\"https:\/\/www.google.com\/maps\/embed?pb=!1m18!1m12!1m3!1d2888.9097225334453!2d3.8773357764598932!3d43.6084212711043!2m3!1f0!2f0!3f0!3m2!1i1024!2i768!4f13.1!3m3!1m2!1s0x12b6afa7dae221ad%3A0x4bc3fc5b1de89011!2sRue%20Voltaire%2C%2034000%20Montpellier!5e0!3m2!1sen!2sfr!4v1748861235410!5m2!1sen!2sfr\" title=\"Ouvrie le lien\" rel=\"nofollow noopener\" target=\"_blank\">Cliquez ici pour visualiser le contenu<\/a><\/p>\n<p>Vid\u00e9os : en ce moment sur Actu<\/p>\n<p class=\" wall-content\">Une patrouille de la police nationale fait le tour du secteur rep\u00e8re et un jeune homme correspondant au signalement. Il est interpell\u00e9 sans incident. L\u2019homme a 23 ans. Quelques rues plus loin, rue Du Guesclin, une autre agression a lieu \u00e0 la m\u00eame heure. L\u00e0 aussi, des individus s\u2019en prennent \u00e0 un passant. L\u2019un d\u2019eux menace avec un couteau. L\u2019agression se d\u00e9roule non loin du carrousel de la Com\u00e9die.<\/p>\n<p>    <a href=\"https:\/\/www.google.com\/maps\/embed?pb=!1m18!1m12!1m3!1d2888.954567191099!2d3.8804330764598425!3d43.60748757110442!2m3!1f0!2f0!3f0!3m2!1i1024!2i768!4f13.1!3m3!1m2!1s0x12b6afa10413b31d%3A0xeb803dc4356ff3e4!2sRue%20du%20Guesclin%2C%2034000%20Montpellier!5e0!3m2!1sen!2sfr!4v1748861248562!5m2!1sen!2sfr\" title=\"Ouvrie le lien\" rel=\"nofollow noopener\" target=\"_blank\">Cliquez ici pour visualiser le contenu<\/a><\/p>\n<p class=\" wall-content\">Les forces de l\u2019ordre interpellent un suspect \u00e2g\u00e9 de 18 ans. Il correspond \u00e0 la description physique donn\u00e9e par la victime.<\/p>\n<p class=\" wall-content\">Suivez toute l\u2019actualit\u00e9 de vos villes et m\u00e9dias favoris en vous inscrivant \u00e0 <a href=\"https:\/\/moncompte.actu.fr\" title=\"D\u00e9couvez Mon Actu\" rel=\"nofollow noopener\" data-trk=\"{&quot;cta&quot;:{&quot;action&quot;:&quot;https:\\\/\\\/moncompte.actu.fr&quot;,&quot;category&quot;:&quot;mon compte&quot;,&quot;from&quot;:&quot;article footer&quot;,&quot;name&quot;:&quot;Mon actu&quot;,&quot;type&quot;:&quot;cta&quot;}}\" target=\"_blank\">Mon Actu<\/a>.<\/p>\n<ul class=\"ac-article-tag wall-content\">\n<li><a href=\"https:\/\/actu.fr\/tag\/police\" data-trk=\"{&quot;cta&quot;:{&quot;action&quot;:&quot;Police&quot;,&quot;category&quot;:&quot;tag&quot;,&quot;from&quot;:&quot;article footer&quot;,&quot;name&quot;:&quot;Police&quot;,&quot;type&quot;:&quot;cta&quot;}}\" rel=\"nofollow noopener\" target=\"_blank\">#Police<\/a><\/li>\n<li><a href=\"https:\/\/actu.fr\/tag\/violences-urbaines\" data-trk=\"{&quot;cta&quot;:{&quot;action&quot;:&quot;Violences urbaines&quot;,&quot;category&quot;:&quot;tag&quot;,&quot;from&quot;:&quot;article footer&quot;,&quot;name&quot;:&quot;Violences urbaines&quot;,&quot;type&quot;:&quot;cta&quot;}}\" rel=\"nofollow noopener\" target=\"_blank\">#Violences urbaines<\/a><\/li>\n<\/ul>\n","protected":false},"excerpt":{"rendered":"Par L\u00e9a Pippinato Publi\u00e9 le 2 juin 2025 \u00e0 13h29 Ce lundi 2 juin 2025, \u00e0 4h50 du&hellip;\n","protected":false},"author":2,"featured_media":146390,"comment_status":"","ping_status":"","sticky":false,"template":"","format":"standard","meta":{"footnotes":""},"categories":[9599],"tags":[1111,11,1777,674,118,1011,27,2208,12,2680,1072,25,7501],"class_list":{"0":"post-146389","1":"post","2":"type-post","3":"status-publish","4":"format-standard","5":"has-post-thumbnail","7":"category-montpellier","8":"tag-actu","9":"tag-actualites","10":"tag-eu","11":"tag-europe","12":"tag-faits-divers","13":"tag-fr","14":"tag-france","15":"tag-montpellier","16":"tag-news","17":"tag-occitanie","18":"tag-police","19":"tag-republique-francaise","20":"tag-violences-urbaines"},"share_on_mastodon":{"url":"https:\/\/pubeurope.com\/@fr\/114613821406958411","error":""},"_links":{"self":[{"href":"https:\/\/www.europesays.com\/fr\/wp-json\/wp\/v2\/posts\/146389","targetHints":{"allow":["GET"]}}],"collection":[{"href":"https:\/\/www.europesays.com\/fr\/wp-json\/wp\/v2\/posts"}],"about":[{"href":"https:\/\/www.europesays.com\/fr\/wp-json\/wp\/v2\/types\/post"}],"author":[{"embeddable":true,"href":"https:\/\/www.europesays.com\/fr\/wp-json\/wp\/v2\/users\/2"}],"replies":[{"embeddable":true,"href":"https:\/\/www.europesays.com\/fr\/wp-json\/wp\/v2\/comments?post=146389"}],"version-history":[{"count":0,"href":"https:\/\/www.europesays.com\/fr\/wp-json\/wp\/v2\/posts\/146389\/revisions"}],"wp:featuredmedia":[{"embeddable":true,"href":"https:\/\/www.europesays.com\/fr\/wp-json\/wp\/v2\/media\/146390"}],"wp:attachment":[{"href":"https:\/\/www.europesays.com\/fr\/wp-json\/wp\/v2\/media?parent=146389"}],"wp:term":[{"taxonomy":"category","embeddable":true,"href":"https:\/\/www.europesays.com\/fr\/wp-json\/wp\/v2\/categories?post=146389"},{"taxonomy":"post_tag","embeddable":true,"href":"https:\/\/www.europesays.com\/fr\/wp-json\/wp\/v2\/tags?post=146389"}],"curies":[{"name":"wp","href":"https:\/\/api.w.org\/{rel}","templated":true}]}}