{"id":146394,"date":"2025-06-02T12:43:16","date_gmt":"2025-06-02T12:43:16","guid":{"rendered":"https:\/\/www.europesays.com\/fr\/146394\/"},"modified":"2025-06-02T12:43:16","modified_gmt":"2025-06-02T12:43:16","slug":"interpelle-pour-un-rodeo-urbain-avec-ses-enfants-a-larriere","status":"publish","type":"post","link":"https:\/\/www.europesays.com\/fr\/146394\/","title":{"rendered":"interpell\u00e9 pour un rod\u00e9o urbain avec ses enfants \u00e0 l&rsquo;arri\u00e8re"},"content":{"rendered":"\n<p style=\"text-align: left;\" align=\"justify\">Les forces de l&rsquo;ordre ont \u00e9t\u00e9 alert\u00e9es d&rsquo;un rod\u00e9o urbain, ce dimanche 1er juin vers 23h20, \u00e0 Rouen. Arriv\u00e9es au niveau de la rue Lethuillier-Pinel, elles sont tomb\u00e9es sur un v\u00e9hicule noir \u00e0 l&rsquo;arr\u00eat, \u00ab\u00a0moteur tournant et avec de la fum\u00e9e blanche\u00a0\u00bb se d\u00e9gageant de la partie arri\u00e8re. <strong>En s&rsquo;approchant, les policiers ont distingu\u00e9 trois personnes \u00e0 l&rsquo;int\u00e9rieur : le conducteur, un homme de 35 ans, et l&rsquo;arri\u00e8re&#8230; ses deux enfants \u00e2g\u00e9s de 9 et 13 ans<\/strong>.<\/p>\n<p>Un conducteur ivre<\/p>\n<p style=\"text-align: left;\" align=\"justify\">Sur le si\u00e8ge avant de la voiture se trouvaient \u00e9galement un couteau ainsi qu&rsquo;un pistolet, une arme qu&rsquo;un t\u00e9moin avait d\u00e9clar\u00e9 avoir vue. <strong>Manifestement ivre, le conducteur a imm\u00e9diatement \u00e9t\u00e9 interpell\u00e9 puis plac\u00e9 en garde \u00e0 vue<\/strong>. Les deux mineurs ont quant \u00e0 eux \u00e9t\u00e9 remis \u00e0 leur m\u00e8re, habitant \u00e0 Saint-Etienne-du-Rouvray.<\/p>\n<p>\u00a0<\/p>\n","protected":false},"excerpt":{"rendered":"Les forces de l&rsquo;ordre ont \u00e9t\u00e9 alert\u00e9es d&rsquo;un rod\u00e9o urbain, ce dimanche 1er juin vers 23h20, \u00e0 Rouen.&hellip;\n","protected":false},"author":2,"featured_media":146395,"comment_status":"","ping_status":"","sticky":false,"template":"","format":"standard","meta":{"footnotes":""},"categories":[9587],"tags":[1111,11,1777,674,1011,27,13526,27550,12,5161,27548,27551,25,19974,27549,19057,27547,9590,5163],"class_list":{"0":"post-146394","1":"post","2":"type-post","3":"status-publish","4":"format-standard","5":"has-post-thumbnail","7":"category-rouen","8":"tag-actu","9":"tag-actualites","10":"tag-eu","11":"tag-europe","12":"tag-fr","13":"tag-france","14":"tag-info-rouen","15":"tag-infos-76","16":"tag-news","17":"tag-normandie","18":"tag-police-rouen","19":"tag-police-seine-maritime","20":"tag-republique-francaise","21":"tag-rodeo","22":"tag-rodeo-rouen","23":"tag-rodeo-urbain","24":"tag-rodeo-urbain-rouen","25":"tag-rouen","26":"tag-seine-maritime"},"share_on_mastodon":{"url":"https:\/\/pubeurope.com\/@fr\/114613833250587859","error":""},"_links":{"self":[{"href":"https:\/\/www.europesays.com\/fr\/wp-json\/wp\/v2\/posts\/146394","targetHints":{"allow":["GET"]}}],"collection":[{"href":"https:\/\/www.europesays.com\/fr\/wp-json\/wp\/v2\/posts"}],"about":[{"href":"https:\/\/www.europesays.com\/fr\/wp-json\/wp\/v2\/types\/post"}],"author":[{"embeddable":true,"href":"https:\/\/www.europesays.com\/fr\/wp-json\/wp\/v2\/users\/2"}],"replies":[{"embeddable":true,"href":"https:\/\/www.europesays.com\/fr\/wp-json\/wp\/v2\/comments?post=146394"}],"version-history":[{"count":0,"href":"https:\/\/www.europesays.com\/fr\/wp-json\/wp\/v2\/posts\/146394\/revisions"}],"wp:featuredmedia":[{"embeddable":true,"href":"https:\/\/www.europesays.com\/fr\/wp-json\/wp\/v2\/media\/146395"}],"wp:attachment":[{"href":"https:\/\/www.europesays.com\/fr\/wp-json\/wp\/v2\/media?parent=146394"}],"wp:term":[{"taxonomy":"category","embeddable":true,"href":"https:\/\/www.europesays.com\/fr\/wp-json\/wp\/v2\/categories?post=146394"},{"taxonomy":"post_tag","embeddable":true,"href":"https:\/\/www.europesays.com\/fr\/wp-json\/wp\/v2\/tags?post=146394"}],"curies":[{"name":"wp","href":"https:\/\/api.w.org\/{rel}","templated":true}]}}