{"id":146398,"date":"2025-06-02T12:45:09","date_gmt":"2025-06-02T12:45:09","guid":{"rendered":"https:\/\/www.europesays.com\/fr\/146398\/"},"modified":"2025-06-02T12:45:09","modified_gmt":"2025-06-02T12:45:09","slug":"pourquoi-il-faut-encore-garder-sa-vignette-critair","status":"publish","type":"post","link":"https:\/\/www.europesays.com\/fr\/146398\/","title":{"rendered":"pourquoi il faut encore garder sa vignette Crit&rsquo;Air"},"content":{"rendered":"<p>            Par<br \/>\n        <strong><br \/>\n            <a href=\"https:\/\/actu.fr\/auteur\/lisa-rodrigues\" title=\"Consulter tous les articles de Lisa Rodrigues\" target=\"_blank\" rel=\"noopener\">Lisa Rodrigues<\/a><br \/>\n        <\/strong><\/p>\n<p>        Publi\u00e9 le<\/p>\n<p>            2 juin 2025 \u00e0 13h58        <\/p>\n<p>La ZFE (Zone \u00e0 faibles \u00e9missions) \u00e0 Grenoble, ce n\u2019est <strong>pas encore de l\u2019histoire ancienne<\/strong>. Certes, mercredi 28 mai 2025, les d\u00e9put\u00e9s ont vot\u00e9 \u00e0 la majorit\u00e9 <a href=\"https:\/\/actu.fr\/societe\/zfe-supprimees-par-les-deputees-quel-impact-desormais-sur-les-millions-d-automobilistes-en-france_62704322.html\" target=\"_blank\" rel=\"noopener\">leur suppression<\/a> et celle des vignettes Crit\u2019Air en France. De quoi <a href=\"https:\/\/actu.fr\/auvergne-rhone-alpes\/grenoble_38185\/grenoble-la-zfe-bientot-supprimee-un-retour-a-la-raison-pour-les-automobilistes_62434305.html\" target=\"_blank\" rel=\"noopener\">rendre possible<\/a> la disparition de ces mesures sur Grenoble.<br \/>Une annonce qui a <strong>fait la joie de nombreux automobilistes<\/strong>, certains se r\u00e9jouissant de pouvoir \u00e0 nouveau se rendre en centre-ville avec leur v\u00e9hicule. Mais il y a un hic : le projet de loi n\u2019a pas encore \u00e9t\u00e9 adopt\u00e9 dans son int\u00e9gralit\u00e9.<\/p>\n<p>\u00ab\u00a0Rien ne change\u00a0\u00bb<\/p>\n<p class=\" wall-content\">D\u2019ailleurs, la M\u00e9tropole le confirme bien \u00e0 actu Grenoble : la <strong>ZFE est toujours en vigueur<\/strong> sur l\u2019agglom\u00e9ration. \u00ab\u00a0Tant que les d\u00e9crets d\u2019application ne sont pas adopt\u00e9s, rien ne change.\u00a0\u00bb Aucun commentaire n\u2019est en revanche fait sur le vote des d\u00e9put\u00e9s de supprimer la ZFE.<\/p>\n<p class=\" wall-content\">Dans un <a href=\"https:\/\/actu.fr\/auvergne-rhone-alpes\/grenoble_38185\/zfe-transport-gratuit-christophe-ferrari-president-de-la-metropole-de-grenoble-repond_57691020.html\" target=\"_blank\" rel=\"noopener\">interview<\/a> avec la r\u00e9daction en 2023 \u2013 au lancement de la ZFE -, <strong>Christophe Ferrari<\/strong>, pr\u00e9sident de <a href=\"https:\/\/actu.fr\/tag\/grenoble-alpes-metropole\" target=\"_blank\" rel=\"noopener\">Grenoble-Alpes M\u00e9tropole<\/a>, d\u00e9fendait cette mesure, tout en plaidant pour une mise en place \u00ab\u00a0pragmatique\u00a0\u00bb.<\/p>\n<blockquote class=\"ac-article-quote wall-content\">\n<p>Les ZFE existent dans de nombreux pays donc il n&rsquo;y a pas de raison pour que cela soit une mauvaise id\u00e9e. La gauche et moi-m\u00eame sommes critiques au sujet de la classification Crit&rsquo;Air puisque la transition \u00e9cologique ne peut pas \u00eatre un sujet d&rsquo;accroissement des in\u00e9galit\u00e9s sociales.<\/p>\n<p>    <strong>Christophe Ferrari<\/strong><br \/>\n        Pr\u00e9sident de Grenoble-Alpes M\u00e9tropole    <\/p><\/blockquote>\n<p>Une \u00ab\u00a0p\u00e9riode p\u00e9dagogique\u00a0\u00bb jusqu\u2019en juin<\/p>\n<p class=\" wall-content\">Actuellement, la ZFE de <a href=\"https:\/\/actu.fr\/auvergne-rhone-alpes\/grenoble_38185\" target=\"_blank\" rel=\"noopener\">Grenoble<\/a> est en vigueur sur <strong>13 communes<\/strong> de la M\u00e9tropole : Saint-\u00c9gr\u00e8ve, Saint-Martin-le-Vinoux, La Tronche, Meylan, Gi\u00e8res, Grenoble, Saint-Martin-d\u2019H\u00e8res, Eybens, \u00c9chirolles, Le Pont-de-Claix, Seyssins, Seyssinet-Pariset et Fontaine.<\/p>\n<p class=\" wall-content\">Depuis le 1er janvier 2025, seuls les particuliers ayant des voitures avec des <strong>vignettes Crit\u2019Air 1 et 2<\/strong> sont autoris\u00e9s \u00e0 circuler sur l\u2019agglom\u00e9ration. Jusqu\u2019au 30 juin, une \u00ab\u00a0p\u00e9riode p\u00e9dagogique sans verbalisation est mise en place\u00a0\u00bb pour les v\u00e9hicules Crit\u2019Air 3, le temps pour eux de trouver une solution de remplacement.\u00a0\u00a0<\/p>\n<p class=\" wall-content\">En cas de non-respect de la ZFE, les automobilistes s\u2019exposent \u00e0 une <strong>amende de 68 euros<\/strong>.\u00a0<\/p>\n<p>Vers une censure ?<\/p>\n<p class=\" wall-content\">Les d\u00e9bats sur le projet de loi contenant la suppression des ZFE doivent reprendre \u00e0 l\u2019Assembl\u00e9e nationale autour de la mi-juin.<\/p>\n<p class=\" wall-content\">Des d\u00e9put\u00e9s estiment toutefois que certaines dispositions, dont l\u2019abrogation des ZFE, encourent un <strong>risque de censure au Conseil constitutionnel<\/strong>, comme cavaliers l\u00e9gislatifs car trop \u00e9loign\u00e9s du texte initial.<\/p>\n<p class=\" wall-content\">Suivez toute l\u2019actualit\u00e9 de vos villes et m\u00e9dias favoris en vous inscrivant \u00e0 <a href=\"https:\/\/moncompte.actu.fr\" title=\"D\u00e9couvez Mon Actu\" rel=\"nofollow noopener\" data-trk=\"{&quot;cta&quot;:{&quot;action&quot;:&quot;https:\\\/\\\/moncompte.actu.fr&quot;,&quot;category&quot;:&quot;mon compte&quot;,&quot;from&quot;:&quot;article footer&quot;,&quot;name&quot;:&quot;Mon actu&quot;,&quot;type&quot;:&quot;cta&quot;}}\" target=\"_blank\">Mon Actu<\/a>.<\/p>\n<ul class=\"ac-article-tag wall-content\">\n<li><a href=\"https:\/\/actu.fr\/tag\/grenoble-alpes-metropole\" data-trk=\"{&quot;cta&quot;:{&quot;action&quot;:&quot;Grenoble-Alpes M\\u00e9tropole&quot;,&quot;category&quot;:&quot;tag&quot;,&quot;from&quot;:&quot;article footer&quot;,&quot;name&quot;:&quot;Grenoble-Alpes M\\u00e9tropole&quot;,&quot;type&quot;:&quot;cta&quot;}}\" target=\"_blank\" rel=\"noopener\">#Grenoble-Alpes M\u00e9tropole<\/a><\/li>\n<li><a href=\"https:\/\/actu.fr\/tag\/zone-a-faibles-emissions-zfe\" data-trk=\"{&quot;cta&quot;:{&quot;action&quot;:&quot;Zone \\u00e0 faibles \\u00e9missions (ZFE)&quot;,&quot;category&quot;:&quot;tag&quot;,&quot;from&quot;:&quot;article footer&quot;,&quot;name&quot;:&quot;Zone \\u00e0 faibles \\u00e9missions (ZFE)&quot;,&quot;type&quot;:&quot;cta&quot;}}\" target=\"_blank\" rel=\"noopener\">#Zone \u00e0 faibles \u00e9missions (ZFE)<\/a><\/li>\n<\/ul>\n","protected":false},"excerpt":{"rendered":"Par Lisa Rodrigues Publi\u00e9 le 2 juin 2025 \u00e0 13h58 La ZFE (Zone \u00e0 faibles \u00e9missions) \u00e0 Grenoble,&hellip;\n","protected":false},"author":2,"featured_media":146399,"comment_status":"","ping_status":"","sticky":false,"template":"","format":"standard","meta":{"footnotes":""},"categories":[9566],"tags":[1111,11,2430,1777,674,1011,27,2731,19692,12,25,104,2433],"class_list":{"0":"post-146398","1":"post","2":"type-post","3":"status-publish","4":"format-standard","5":"has-post-thumbnail","7":"category-grenoble","8":"tag-actu","9":"tag-actualites","10":"tag-auvergne-rhone-alpes","11":"tag-eu","12":"tag-europe","13":"tag-fr","14":"tag-france","15":"tag-grenoble","16":"tag-grenoble-alpes-metropole","17":"tag-news","18":"tag-republique-francaise","19":"tag-societe","20":"tag-zone-a-faibles-emissions-zfe"},"share_on_mastodon":{"url":"https:\/\/pubeurope.com\/@fr\/114613840983450542","error":""},"_links":{"self":[{"href":"https:\/\/www.europesays.com\/fr\/wp-json\/wp\/v2\/posts\/146398","targetHints":{"allow":["GET"]}}],"collection":[{"href":"https:\/\/www.europesays.com\/fr\/wp-json\/wp\/v2\/posts"}],"about":[{"href":"https:\/\/www.europesays.com\/fr\/wp-json\/wp\/v2\/types\/post"}],"author":[{"embeddable":true,"href":"https:\/\/www.europesays.com\/fr\/wp-json\/wp\/v2\/users\/2"}],"replies":[{"embeddable":true,"href":"https:\/\/www.europesays.com\/fr\/wp-json\/wp\/v2\/comments?post=146398"}],"version-history":[{"count":0,"href":"https:\/\/www.europesays.com\/fr\/wp-json\/wp\/v2\/posts\/146398\/revisions"}],"wp:featuredmedia":[{"embeddable":true,"href":"https:\/\/www.europesays.com\/fr\/wp-json\/wp\/v2\/media\/146399"}],"wp:attachment":[{"href":"https:\/\/www.europesays.com\/fr\/wp-json\/wp\/v2\/media?parent=146398"}],"wp:term":[{"taxonomy":"category","embeddable":true,"href":"https:\/\/www.europesays.com\/fr\/wp-json\/wp\/v2\/categories?post=146398"},{"taxonomy":"post_tag","embeddable":true,"href":"https:\/\/www.europesays.com\/fr\/wp-json\/wp\/v2\/tags?post=146398"}],"curies":[{"name":"wp","href":"https:\/\/api.w.org\/{rel}","templated":true}]}}