{"id":146400,"date":"2025-06-02T12:47:24","date_gmt":"2025-06-02T12:47:24","guid":{"rendered":"https:\/\/www.europesays.com\/fr\/146400\/"},"modified":"2025-06-02T12:47:24","modified_gmt":"2025-06-02T12:47:24","slug":"golf-julie-laigo-et-maxime-hervieu-remportent-le-grand-prix-de-rennes-sport","status":"publish","type":"post","link":"https:\/\/www.europesays.com\/fr\/146400\/","title":{"rendered":"Golf. Julie Laigo et Maxime Hervieu remportent le Grand Prix de Rennes . Sport"},"content":{"rendered":"<p><a href=\"https:\/\/www.ouest-france.fr\/sport\/golf\/\" target=\"_self\" rel=\"noopener\">Le 32e Grand Prix de Golf de Rennes<\/a> a \u00e9t\u00e9 riche en rebondissements avec un bouleversement complet chez les dames en phase finale, dimanche 1er\u00a0juin.<\/p>\n<p>Lors du premier tour, les 143\u00a0joueurs (111\u00a0messieurs et 32\u00a0dames) se sont surtout observ\u00e9s, mais les choses s\u00e9rieuses ont commenc\u00e9 samedi 31\u00a0mai, deuxi\u00e8me tour au terme duquel 77\u00a0joueurs ont pass\u00e9 le cut. Dimanche, 59\u00a0messieurs et 18\u00a0dames ont pris le d\u00e9part pour la phase finale.<\/p>\n<p>Des scores de haut niveau sur les trois jours du tournoi<\/p>\n<p>\u00a0Julie Laigo signe une carte de 71 et remporte le tournoi pour le Club de Rennes Saint-Jacques, avec un score final de 219. En 2e position, Anabelle Nicot du Golf du Prieur\u00e9, carte de 70\u00a0avec un score final de 221 et en 3e, Lou Jourdan du Golf de Saint Laurent, avec une carte sous le Par \u00e9galement (71) et un score final de 222. Chez les Messieurs, Maxime Hervieu signe une carte de 71\u00a0pour un score final de 209. Il est suivi de Benjamin Azais-Davy avec une carte de 68\u00a0pour un score total de 211, puis d\u2019Antoine Djellab (71) avec un score total de 212\u00a0\u00bb,d\u00e9taille Michel Saliou, secr\u00e9taire g\u00e9n\u00e9ral de l\u2019AS du Golf de Rennes.<\/p>\n<p>La proclamation des r\u00e9sultats et la remise des troph\u00e9es ont \u00e9t\u00e9 assur\u00e9es par Jean-Luc Poulain, pr\u00e9sident de la Ligue de Bretagne, Jean-Gabriel Le Cam\u00a0pr\u00e9sident de l\u2019AS du Golf de Rennes, et \u00c9tienne Baptiste, Directeur du Golf de Rennes.<\/p>\n<p>\u00a0<\/p>\n","protected":false},"excerpt":{"rendered":"Le 32e Grand Prix de Golf de Rennes a \u00e9t\u00e9 riche en rebondissements avec un bouleversement complet chez&hellip;\n","protected":false},"author":2,"featured_media":146401,"comment_status":"","ping_status":"","sticky":false,"template":"","format":"standard","meta":{"footnotes":""},"categories":[2821],"tags":[1111,11,3809,1465,829,2192,1777,674,63,1011,27,1792,1922,12,584,25,479,517,1470],"class_list":{"0":"post-146400","1":"post","2":"type-post","3":"status-publish","4":"format-standard","5":"has-post-thumbnail","7":"category-rennes","8":"tag-actu","9":"tag-actualites","10":"tag-ball","11":"tag-basket","12":"tag-bretagne","13":"tag-cholet","14":"tag-eu","15":"tag-europe","16":"tag-football","17":"tag-fr","18":"tag-france","19":"tag-handball","20":"tag-info","21":"tag-news","22":"tag-rennes","23":"tag-republique-francaise","24":"tag-rugby","25":"tag-sport","26":"tag-volley"},"share_on_mastodon":{"url":"https:\/\/pubeurope.com\/@fr\/114613848887467761","error":""},"_links":{"self":[{"href":"https:\/\/www.europesays.com\/fr\/wp-json\/wp\/v2\/posts\/146400","targetHints":{"allow":["GET"]}}],"collection":[{"href":"https:\/\/www.europesays.com\/fr\/wp-json\/wp\/v2\/posts"}],"about":[{"href":"https:\/\/www.europesays.com\/fr\/wp-json\/wp\/v2\/types\/post"}],"author":[{"embeddable":true,"href":"https:\/\/www.europesays.com\/fr\/wp-json\/wp\/v2\/users\/2"}],"replies":[{"embeddable":true,"href":"https:\/\/www.europesays.com\/fr\/wp-json\/wp\/v2\/comments?post=146400"}],"version-history":[{"count":0,"href":"https:\/\/www.europesays.com\/fr\/wp-json\/wp\/v2\/posts\/146400\/revisions"}],"wp:featuredmedia":[{"embeddable":true,"href":"https:\/\/www.europesays.com\/fr\/wp-json\/wp\/v2\/media\/146401"}],"wp:attachment":[{"href":"https:\/\/www.europesays.com\/fr\/wp-json\/wp\/v2\/media?parent=146400"}],"wp:term":[{"taxonomy":"category","embeddable":true,"href":"https:\/\/www.europesays.com\/fr\/wp-json\/wp\/v2\/categories?post=146400"},{"taxonomy":"post_tag","embeddable":true,"href":"https:\/\/www.europesays.com\/fr\/wp-json\/wp\/v2\/tags?post=146400"}],"curies":[{"name":"wp","href":"https:\/\/api.w.org\/{rel}","templated":true}]}}