{"id":146402,"date":"2025-06-02T12:48:10","date_gmt":"2025-06-02T12:48:10","guid":{"rendered":"https:\/\/www.europesays.com\/fr\/146402\/"},"modified":"2025-06-02T12:48:10","modified_gmt":"2025-06-02T12:48:10","slug":"27-spectacles-gratuits-sur-le-theme-des-psychoses-familiales","status":"publish","type":"post","link":"https:\/\/www.europesays.com\/fr\/146402\/","title":{"rendered":"27 spectacles gratuits sur le th\u00e8me des psychoses familiales"},"content":{"rendered":"<p>\u00ab\u00a0Offrir un temps authentique, unique, o\u00f9 tous les jeunes artistes, quel que soit leur parcours, se retrouvent et se reconnaissent\u00a0\u00bb\u00a0: voici l\u2019essence de D\u00e9mostratif, rappelle le directeur artistique Sacha Vilmar.<\/p>\n<p>Du 3 au 7\u00a0juin, le festival d\u00e9di\u00e9 \u00e0 la jeune cr\u00e9ation, <a href=\"https:\/\/www.dna.fr\/culture-loisirs\/2024\/05\/31\/scenes-emergentes-a-strasbourg-la-7e-edition-de-demostratif\" target=\"_blank\" rel=\"nofollow noopener\">qui en est \u00e0 sa huiti\u00e8me \u00e9dition<\/a>, proposera \u00e0 Strasbourg des spectacles hauts en couleur, <a href=\"https:\/\/www.dna.fr\/culture-loisirs\/2023\/06\/16\/bilan-tres-positif-pour-le-festival-demostratif\" target=\"_blank\" rel=\"nofollow noopener\">singuliers et novateurs<\/a>.<\/p>\n<p>  Th\u00e9\u00e2tre, musique, lecture, marionnette<\/p>\n<p>Au programme, 95 artistes venus de toute la France pour proposer 27 \u00e9v\u00e9nements, avec du th\u00e9\u00e2tre bien s\u00fbr, mais aussi de la musique, des lectures et de la marionnette. \u00c0 travers leurs cr\u00e9ations, ils prendront \u00e0 bras-le-corps l\u2019imposant th\u00e8me des psychoses familiales et exploreront les secrets, les non-dits, les h\u00e9ritages et les ruptures de cette sph\u00e8re intime qui peut vite devenir politique.<\/p>\n<p>Ce contenu est bloqu\u00e9 car vous n&rsquo;avez pas accept\u00e9 les cookies et autres traceurs.<\/p>\n<p>En cliquant sur \u00ab J\u2019accepte \u00bb, les cookies et autres traceurs seront d\u00e9pos\u00e9s et vous pourrez visualiser les contenus  (<a href=\"\" class=\"consentModule_policy\" target=\"_blank\" title=\"Consulter la politique de protection des donn\u00e9es du fournisseur\">plus d&rsquo;informations<\/a>).<\/p>\n<p>En cliquant sur \u00ab J\u2019accepte tous les cookies \u00bb, vous autorisez des d\u00e9p\u00f4ts de cookies et autres traceurs pour le stockage de vos donn\u00e9es sur nos sites et applications \u00e0 des fins de personnalisation et de ciblage publicitaire.<\/p>\n<p class=\"consentModule_secondaryText\">Vous gardez la possibilit\u00e9 de retirer votre consentement \u00e0 tout moment en consultant notre <a href=\"https:\/\/www.dna.fr\/protection-des-donnees\" target=\"_blank\" title=\"Consulter notre politique de protection des donn\u00e9es\" rel=\"nofollow noopener\">politique de protection des donn\u00e9es<\/a>. <br \/>&#13;<br \/>\n            <a href=\"https:\/\/www.dna.fr\/culture-loisirs\/2025\/06\/02\/javascript:Didomi.notice.show()\" class=\"consentModule_cmp\" rel=\"nofollow noopener\" target=\"_blank\">G\u00e9rer mes choix<\/a>&#13;\n        <\/p>\n<p>&#13;<br \/>\n                        J&rsquo;accepte&#13;<br \/>\n            J&rsquo;accepte tous les cookies&#13;\n        <\/p>\n<p>Les spectateurs pourront ainsi d\u00e9couvrir le conte grotesque d\u2019une m\u00e8re refusant d\u2019accoucher avec Oh m\u00e8re , seule-en-sc\u00e8ne de Yasmine Yahiat\u00e8ne explorant l\u2019h\u00e9ritage de son p\u00e8re qui lui a toujours tu ses origines kabyles, le monologue d\u2019un fils \u00e0 sa m\u00e8re d\u00e9c\u00e9d\u00e9e dans Roi du silence  ou les adieux \u00e0 une maison d\u2019enfance dans De l\u2019autre c\u00f4t\u00e9, le Monde. Autre rendez-vous tr\u00e8s attendu par les habitu\u00e9s, le retour du drag show des <a href=\"https:\/\/www.dna.fr\/culture-loisirs\/2022\/06\/03\/les-douze-travelos-d-hercule-font-le-show-a-saint-guillaume\" target=\"_blank\" rel=\"nofollow noopener\">12 Travelos d\u2019Hercules<\/a> qui cl\u00f4turera le festival samedi soir.<\/p>\n<p>Si certains spectacles sont propos\u00e9s en int\u00e9rieur \u00e0 la Pokop, \u00e0 l\u2019Atrium ou au Patio, le village du festival s\u2019installera \u00e0 nouveau sous les tilleuls du campus de l\u2019Esplanade avec une sc\u00e8ne ext\u00e9rieure, un bar, des food trucks et des ateliers pour s\u2019initier au drag, \u00e0 la peinture ou \u00e0 l\u2019\u00e9criture.<\/p>\n<p class=\"note\">Gratuit. Campus de l\u2019Esplanade et Pokop. R\u00e9servations uniquement pour les \u00e9v\u00e9nements en int\u00e9rieur sur demostratif.fr\/billetterie<\/p>\n","protected":false},"excerpt":{"rendered":"\u00ab\u00a0Offrir un temps authentique, unique, o\u00f9 tous les jeunes artistes, quel que soit leur parcours, se retrouvent et&hellip;\n","protected":false},"author":2,"featured_media":146403,"comment_status":"","ping_status":"","sticky":false,"template":"","format":"standard","meta":{"footnotes":""},"categories":[2820],"tags":[1111,11,2389,2649,1687,2880,1777,674,3326,107,1011,27,775,873,12,4043,25,953,3140,640,2879],"class_list":{"0":"post-146402","1":"post","2":"type-post","3":"status-publish","4":"format-standard","5":"has-post-thumbnail","7":"category-strasbourg","8":"tag-actu","9":"tag-actualites","10":"tag-alsace","11":"tag-bas-rhin","12":"tag-culture-loisirs","13":"tag-edition-strasbourg","14":"tag-eu","15":"tag-europe","16":"tag-fete-locale","17":"tag-fil-info","18":"tag-fr","19":"tag-france","20":"tag-grand-est","21":"tag-musique","22":"tag-news","23":"tag-repas-et-the-dansant","24":"tag-republique-francaise","25":"tag-soiree","26":"tag-spectacle","27":"tag-strasbourg","28":"tag-strasbourg-ville"},"share_on_mastodon":{"url":"https:\/\/pubeurope.com\/@fr\/114613852891350306","error":""},"_links":{"self":[{"href":"https:\/\/www.europesays.com\/fr\/wp-json\/wp\/v2\/posts\/146402","targetHints":{"allow":["GET"]}}],"collection":[{"href":"https:\/\/www.europesays.com\/fr\/wp-json\/wp\/v2\/posts"}],"about":[{"href":"https:\/\/www.europesays.com\/fr\/wp-json\/wp\/v2\/types\/post"}],"author":[{"embeddable":true,"href":"https:\/\/www.europesays.com\/fr\/wp-json\/wp\/v2\/users\/2"}],"replies":[{"embeddable":true,"href":"https:\/\/www.europesays.com\/fr\/wp-json\/wp\/v2\/comments?post=146402"}],"version-history":[{"count":0,"href":"https:\/\/www.europesays.com\/fr\/wp-json\/wp\/v2\/posts\/146402\/revisions"}],"wp:featuredmedia":[{"embeddable":true,"href":"https:\/\/www.europesays.com\/fr\/wp-json\/wp\/v2\/media\/146403"}],"wp:attachment":[{"href":"https:\/\/www.europesays.com\/fr\/wp-json\/wp\/v2\/media?parent=146402"}],"wp:term":[{"taxonomy":"category","embeddable":true,"href":"https:\/\/www.europesays.com\/fr\/wp-json\/wp\/v2\/categories?post=146402"},{"taxonomy":"post_tag","embeddable":true,"href":"https:\/\/www.europesays.com\/fr\/wp-json\/wp\/v2\/tags?post=146402"}],"curies":[{"name":"wp","href":"https:\/\/api.w.org\/{rel}","templated":true}]}}