{"id":146406,"date":"2025-06-02T12:50:12","date_gmt":"2025-06-02T12:50:12","guid":{"rendered":"https:\/\/www.europesays.com\/fr\/146406\/"},"modified":"2025-06-02T12:50:12","modified_gmt":"2025-06-02T12:50:12","slug":"il-va-falloir-sortir-les-tenues-fluorescentes-et-les-paillettes-pour-la-fete-du-port-de-saint-laurent-du-var-ce-vendredi-6-juin","status":"publish","type":"post","link":"https:\/\/www.europesays.com\/fr\/146406\/","title":{"rendered":"Il va falloir sortir les tenues fluorescentes et les paillettes pour la F\u00eate du port de Saint-Laurent-du-Var ce vendredi 6 juin"},"content":{"rendered":"<p>Tenues Fluorescentes et vestes \u00e0 paillettes seront \u00e0 pr\u00e9voir pour la F\u00eate du port dont la 4e \u00e9dition aura lieu ce vendredi 6 juin, de 19h \u00e0 00h30, au port de Saint-Laurent. Organis\u00e9e par la Ville en partenariat avec les associations Port\u201917, Port de Saint-Laurent-du-Var et Saint-Laurent City, elle aura pour th\u00e8me cette ann\u00e9e les ann\u00e9es 80.<\/p>\n<p>Musique, march\u00e9 artisanal et jeux pour enfants<\/p>\n<p>C\u00f4t\u00e9 animations: des troupes d\u2019artistes vous feront danser jusqu\u2019au bout de la nuit sur les quais. On trouvera \u00e9galement un march\u00e9 artisanal avec une vingtaine de stands.<\/p>\n<p>Des jeux de bois, une p\u00eache au canard ou encore un toboggan g\u00e9ant raviront les plus jeunes.<\/p>\n<p>Les restaurants du port seront eux aussi de la partie avec des terrasses ouvertes et une ambiance guinguette. Un conseil: mieux vaut r\u00e9server sa table.<\/p>\n<p>L\u2019acc\u00e8s \u00e0 la f\u00eate est libre et pour l\u2019occasion le port deviendra enti\u00e8rement pi\u00e9ton. Pour stationner, trois parkings sont ouverts \u00e0 proximit\u00e9: \u00e0 c\u00f4t\u00e9 de la station-service Avia, \u00e0 l\u2019entr\u00e9e habituelle du port et sur le quai, apr\u00e8s le chantier naval.<\/p>\n","protected":false},"excerpt":{"rendered":"Tenues Fluorescentes et vestes \u00e0 paillettes seront \u00e0 pr\u00e9voir pour la F\u00eate du port dont la 4e \u00e9dition&hellip;\n","protected":false},"author":2,"featured_media":146407,"comment_status":"","ping_status":"","sticky":false,"template":"","format":"standard","meta":{"footnotes":""},"categories":[2819],"tags":[1111,11,1777,674,7186,1011,27,12,2401,882,25,3366],"class_list":{"0":"post-146406","1":"post","2":"type-post","3":"status-publish","4":"format-standard","5":"has-post-thumbnail","7":"category-nice","8":"tag-actu","9":"tag-actualites","10":"tag-eu","11":"tag-europe","12":"tag-festivites","13":"tag-fr","14":"tag-france","15":"tag-news","16":"tag-nice","17":"tag-provence-alpes-cote-dazur","18":"tag-republique-francaise","19":"tag-vie-locale"},"share_on_mastodon":{"url":"https:\/\/pubeurope.com\/@fr\/114613860586517702","error":""},"_links":{"self":[{"href":"https:\/\/www.europesays.com\/fr\/wp-json\/wp\/v2\/posts\/146406","targetHints":{"allow":["GET"]}}],"collection":[{"href":"https:\/\/www.europesays.com\/fr\/wp-json\/wp\/v2\/posts"}],"about":[{"href":"https:\/\/www.europesays.com\/fr\/wp-json\/wp\/v2\/types\/post"}],"author":[{"embeddable":true,"href":"https:\/\/www.europesays.com\/fr\/wp-json\/wp\/v2\/users\/2"}],"replies":[{"embeddable":true,"href":"https:\/\/www.europesays.com\/fr\/wp-json\/wp\/v2\/comments?post=146406"}],"version-history":[{"count":0,"href":"https:\/\/www.europesays.com\/fr\/wp-json\/wp\/v2\/posts\/146406\/revisions"}],"wp:featuredmedia":[{"embeddable":true,"href":"https:\/\/www.europesays.com\/fr\/wp-json\/wp\/v2\/media\/146407"}],"wp:attachment":[{"href":"https:\/\/www.europesays.com\/fr\/wp-json\/wp\/v2\/media?parent=146406"}],"wp:term":[{"taxonomy":"category","embeddable":true,"href":"https:\/\/www.europesays.com\/fr\/wp-json\/wp\/v2\/categories?post=146406"},{"taxonomy":"post_tag","embeddable":true,"href":"https:\/\/www.europesays.com\/fr\/wp-json\/wp\/v2\/tags?post=146406"}],"curies":[{"name":"wp","href":"https:\/\/api.w.org\/{rel}","templated":true}]}}