{"id":146421,"date":"2025-06-02T12:58:14","date_gmt":"2025-06-02T12:58:14","guid":{"rendered":"https:\/\/www.europesays.com\/fr\/146421\/"},"modified":"2025-06-02T12:58:14","modified_gmt":"2025-06-02T12:58:14","slug":"paris-roubaix-arrivee-dun-orchestre-symphonique-a-velo","status":"publish","type":"post","link":"https:\/\/www.europesays.com\/fr\/146421\/","title":{"rendered":"Paris-Roubaix : arriv\u00e9e d\u2019un orchestre symphonique\u2026 \u00e0 v\u00e9lo !"},"content":{"rendered":"<p>Fond\u00e9 en 2015 par le chef d\u2019orchestre Rapha\u00ebl Merlin, ancien membre du Quatuor \u00c9b\u00e8ne, <a href=\"https:\/\/www.forcesmajeures.fr\/\" target=\"_blank\" rel=\"noopener nofollow\">le collectif Les Forces Majeures<\/a> s\u2019est donn\u00e9 pour mission d\u2019amener la musique symphonique l\u00e0 o\u00f9 on ne l\u2019attend pas, au plus pr\u00e8s des habitants, \u00e0 travers des formats innovants et responsables. Et quoi de plus iconique que de <strong>rallier Paris \u00e0 Roubaix\u2026 \u00e0 v\u00e9lo<\/strong>\u202f!<\/p>\n<p>Une aventure humaine, artistique et \u00e9cologique<\/p>\n<p>Inspir\u00e9e de <a href=\"https:\/\/www.roubaixxl.fr\/paris-roubaix-2025-retour-en-images-sur-une-edition-historique\/\" target=\"_blank\" rel=\"noopener nofollow\">la l\u00e9gendaire course cycliste Paris-Roubaix<\/a>, leur tourn\u00e9e parcourt 450 km, traversant 30 villes \u00e9tapes et donnant 40 concerts \u2014 en salle, en plein air ou sur les places publiques \u2014 port\u00e9s par 18 musiciens, deux solistes (Pierre Fouchenneret et Camille Fonteneau), et un chef d\u2019orchestre. Le tout, en p\u00e9dalant chaque jour avec leurs instruments sur le dos.<\/p>\n<p><a href=\"https:\/\/www.forcesmajeures.fr\/2025-paris-roubaix\" target=\"_blank\" rel=\"noopener nofollow\">&gt; Suivre le parcours de l\u2019orchestre sur leurs site internet<\/a><\/p>\n<p>Ce projet un peu fou est aussi un manifeste pour une culture \u00ab\u00a0d\u00e9carbon\u00e9e\u00a0\u00bb, un art accessible \u00e0 tous, cr\u00e9ateur de rencontres humaines hors du commun. N\u00e9 pendant la crise sanitaire pour soutenir les artistes et renforcer le lien social, le concept \u201cAccordez vos v\u00e9los !\u201d s\u2019inscrit dans une d\u00e9marche de responsabilit\u00e9 environnementale et de mobilit\u00e9 douce.<\/p>\n<p>Une arriv\u00e9e triomphale \u00e0 Roubaix<\/p>\n<p>C\u2019est donc \u00e0 Roubaix, ce <strong>dimanche 8 juin 2025<\/strong>, que se conclura ce voyage musical hors norme. La Condition Publique accueillera l\u2019orchestre et vibrera cette fois aux sons de Bizet, Tcha\u00efkovski, Mendelssohn, Beethoven, ou encore Francis Poulenc, dans une grande c\u00e9l\u00e9bration de l\u2019h\u00e9ro\u00efsme musical et physique.<\/p>\n<p>L\u2019arriv\u00e9e de la troupe sera accompagn\u00e9e de rencontres avec le public, de concerts festifs, d\u2019ateliers participatifs, et d\u2019un final symphonique sous le signe du partage et de l\u2019\u00e9motion. Une f\u00eate populaire, accessible et inspirante, fid\u00e8le \u00e0 l\u2019esprit de Roubaix.<\/p>\n<p><strong>Au programme\u00a0ce dimanche 8 juin\u00a0:<\/strong><\/p>\n<ul>\n<li>9h30 : Rendez-vous caf\u00e9 et jazz dans la rue couverte de La Condition Publique<\/li>\n<li>10h : Circuit v\u00e9lo en famille (tous niveaux)<br \/>\u2013 mini-concert au V\u00e9lodrome de Roubaix<br \/>\u2013 mini-concert au Parc de la visitation<\/li>\n<li>12h : D\u00e9jeuner dans la rue couverte de la Condition Publique<\/li>\n<li>14h \u00e0 18h : 4 concerts dans les espaces de La Condition Publique :<\/li>\n<li>14h : Quartet jazz<\/li>\n<li>15h : Quatuor \u00e0 cordes Momentum<\/li>\n<li>16h : Tonycello (seul en sc\u00e8ne)<\/li>\n<li>17h : Ultime concert symphonique de la tourn\u00e9e !<\/li>\n<\/ul>\n<p><strong>Acc\u00e8s gratuit sans r\u00e9servation pour les concerts et la d\u00e9ambulation<\/strong><\/p>\n<p>Pour le d\u00e9jeuner, possibilit\u00e9 d\u2019amener son pique-nique ou d\u2019acheter sur place une formule plat-dessert (sans r\u00e9servation).<\/p>\n","protected":false},"excerpt":{"rendered":"Fond\u00e9 en 2015 par le chef d\u2019orchestre Rapha\u00ebl Merlin, ancien membre du Quatuor \u00c9b\u00e8ne, le collectif Les Forces&hellip;\n","protected":false},"author":2,"featured_media":146422,"comment_status":"","ping_status":"","sticky":false,"template":"","format":"standard","meta":{"footnotes":""},"categories":[2815],"tags":[1111,11,1777,674,1011,27,811,1307,873,12,25,208],"class_list":{"0":"post-146421","1":"post","2":"type-post","3":"status-publish","4":"format-standard","5":"has-post-thumbnail","7":"category-lille","8":"tag-actu","9":"tag-actualites","10":"tag-eu","11":"tag-europe","12":"tag-fr","13":"tag-france","14":"tag-hauts-de-france","15":"tag-lille","16":"tag-musique","17":"tag-news","18":"tag-republique-francaise","19":"tag-velo"},"share_on_mastodon":{"url":"https:\/\/pubeurope.com\/@fr\/114613892165679993","error":""},"_links":{"self":[{"href":"https:\/\/www.europesays.com\/fr\/wp-json\/wp\/v2\/posts\/146421","targetHints":{"allow":["GET"]}}],"collection":[{"href":"https:\/\/www.europesays.com\/fr\/wp-json\/wp\/v2\/posts"}],"about":[{"href":"https:\/\/www.europesays.com\/fr\/wp-json\/wp\/v2\/types\/post"}],"author":[{"embeddable":true,"href":"https:\/\/www.europesays.com\/fr\/wp-json\/wp\/v2\/users\/2"}],"replies":[{"embeddable":true,"href":"https:\/\/www.europesays.com\/fr\/wp-json\/wp\/v2\/comments?post=146421"}],"version-history":[{"count":0,"href":"https:\/\/www.europesays.com\/fr\/wp-json\/wp\/v2\/posts\/146421\/revisions"}],"wp:featuredmedia":[{"embeddable":true,"href":"https:\/\/www.europesays.com\/fr\/wp-json\/wp\/v2\/media\/146422"}],"wp:attachment":[{"href":"https:\/\/www.europesays.com\/fr\/wp-json\/wp\/v2\/media?parent=146421"}],"wp:term":[{"taxonomy":"category","embeddable":true,"href":"https:\/\/www.europesays.com\/fr\/wp-json\/wp\/v2\/categories?post=146421"},{"taxonomy":"post_tag","embeddable":true,"href":"https:\/\/www.europesays.com\/fr\/wp-json\/wp\/v2\/tags?post=146421"}],"curies":[{"name":"wp","href":"https:\/\/api.w.org\/{rel}","templated":true}]}}