{"id":146430,"date":"2025-06-02T13:03:11","date_gmt":"2025-06-02T13:03:11","guid":{"rendered":"https:\/\/www.europesays.com\/fr\/146430\/"},"modified":"2025-06-02T13:03:11","modified_gmt":"2025-06-02T13:03:11","slug":"que-comptait-faire-cet-homme-avec-sa-valise-a-confluence-la-securite-intervient-en-urgence","status":"publish","type":"post","link":"https:\/\/www.europesays.com\/fr\/146430\/","title":{"rendered":"que comptait faire cet homme avec sa valise \u00e0 Confluence ? La s\u00e9curit\u00e9 intervient en urgence"},"content":{"rendered":"<p itemprop=\"description\"><strong>Heureusement, aucun bless\u00e9 n\u2019est \u00e0 d\u00e9plorer.<\/strong><\/p>\n<p>Ce lundi 2 juin, aux alentours de 12h45, une sc\u00e8ne inhabituelle a secou\u00e9 les all\u00e9es du P\u00f4le de Commerces et de Loisirs de Confluence \u00e0 Lyon. Un homme, post\u00e9 au niveau des escalators face au restaurant \u00ab\u00a0Fuxia\u00a0\u00bb, au 3e \u00e9tage du centre commercial, observait le vide en tenant plusieurs bagages.<\/p>\n<p>Soudain, des cris ont retenti. L\u2019homme venait de jeter un de ses sacs dans le vide. Ce dernier a atterri juste devant l\u2019enseigne \u00ab\u00a0Cok and Fix\u00a0\u00bb. Il tenait \u00e9galement une valise \u00ab\u00a0bien remplie\u00a0\u00bb, selon un t\u00e9moin. On ignore s\u2019il comptait la jeter \u00e0 son tour.<\/p>\n<p>Trois agents de s\u00e9curit\u00e9 sont rapidement intervenus pour ma\u00eetriser l\u2019individu. La police municipale, appel\u00e9e en renfort, a pris le relais et proc\u00e9d\u00e9 \u00e0 sa prise en charge. L\u2019homme, une fois interpell\u00e9, se serait montr\u00e9 relativement calme.\u00a0<\/p>\n<p style=\"text-align:center\"><img loading=\"lazy\" decoding=\"async\" alt=\"\" height=\"665\" src=\"https:\/\/www.europesays.com\/fr\/wp-content\/uploads\/2025\/06\/capture-d-ecran-2025-06-02-a-15-00-32.png\" width=\"600\"\/><\/p>\n<p>D\u2019apr\u00e8s nos informations, il s\u2019agirait d\u2019un homme sans domicile fixe, possiblement en proie \u00e0 des troubles psychologiques.<\/p>\n<p>L\u2019incident a choqu\u00e9 plusieurs passants, visiblement marqu\u00e9s par la sc\u00e8ne.<\/p>\n","protected":false},"excerpt":{"rendered":"Heureusement, aucun bless\u00e9 n\u2019est \u00e0 d\u00e9plorer. Ce lundi 2 juin, aux alentours de 12h45, une sc\u00e8ne inhabituelle a&hellip;\n","protected":false},"author":2,"featured_media":146431,"comment_status":"","ping_status":"","sticky":false,"template":"","format":"standard","meta":{"footnotes":""},"categories":[1889],"tags":[1111,11,2813,2190,2430,1109,251,1112,2811,1777,674,118,1011,27,1922,1110,1114,2428,2810,12,241,316,25,2812,517,800],"class_list":{"0":"post-146430","1":"post","2":"type-post","3":"status-publish","4":"format-standard","5":"has-post-thumbnail","7":"category-lyon","8":"tag-actu","9":"tag-actualites","10":"tag-article","11":"tag-asvel","12":"tag-auvergne-rhone-alpes","13":"tag-breves","14":"tag-culture","15":"tag-depeches","16":"tag-economique","17":"tag-eu","18":"tag-europe","19":"tag-faits-divers","20":"tag-fr","21":"tag-france","22":"tag-info","23":"tag-informations","24":"tag-infos","25":"tag-lyon","26":"tag-lyonmag","27":"tag-news","28":"tag-ol","29":"tag-politique","30":"tag-republique-francaise","31":"tag-sociale","32":"tag-sport","33":"tag-transports"},"share_on_mastodon":{"url":"https:\/\/pubeurope.com\/@fr\/114613911797675324","error":""},"_links":{"self":[{"href":"https:\/\/www.europesays.com\/fr\/wp-json\/wp\/v2\/posts\/146430","targetHints":{"allow":["GET"]}}],"collection":[{"href":"https:\/\/www.europesays.com\/fr\/wp-json\/wp\/v2\/posts"}],"about":[{"href":"https:\/\/www.europesays.com\/fr\/wp-json\/wp\/v2\/types\/post"}],"author":[{"embeddable":true,"href":"https:\/\/www.europesays.com\/fr\/wp-json\/wp\/v2\/users\/2"}],"replies":[{"embeddable":true,"href":"https:\/\/www.europesays.com\/fr\/wp-json\/wp\/v2\/comments?post=146430"}],"version-history":[{"count":0,"href":"https:\/\/www.europesays.com\/fr\/wp-json\/wp\/v2\/posts\/146430\/revisions"}],"wp:featuredmedia":[{"embeddable":true,"href":"https:\/\/www.europesays.com\/fr\/wp-json\/wp\/v2\/media\/146431"}],"wp:attachment":[{"href":"https:\/\/www.europesays.com\/fr\/wp-json\/wp\/v2\/media?parent=146430"}],"wp:term":[{"taxonomy":"category","embeddable":true,"href":"https:\/\/www.europesays.com\/fr\/wp-json\/wp\/v2\/categories?post=146430"},{"taxonomy":"post_tag","embeddable":true,"href":"https:\/\/www.europesays.com\/fr\/wp-json\/wp\/v2\/tags?post=146430"}],"curies":[{"name":"wp","href":"https:\/\/api.w.org\/{rel}","templated":true}]}}