{"id":146442,"date":"2025-06-02T13:10:10","date_gmt":"2025-06-02T13:10:10","guid":{"rendered":"https:\/\/www.europesays.com\/fr\/146442\/"},"modified":"2025-06-02T13:10:10","modified_gmt":"2025-06-02T13:10:10","slug":"le-calendrier-complet-de-la-fashion-week-homme-de-paris-printemps-ete-2026","status":"publish","type":"post","link":"https:\/\/www.europesays.com\/fr\/146442\/","title":{"rendered":"Le calendrier complet de la Fashion Week homme de Paris printemps-\u00e9t\u00e9 2026"},"content":{"rendered":"<p>Et c&rsquo;est reparti pour un tour : le calendrier de la <a href=\"https:\/\/www.gqmagazine.fr\/dossier\/fashion-week-de-paris\" target=\"_blank\" rel=\"noopener\">Fashion Week homme de Paris<\/a> vient d\u2019\u00eatre d\u00e9voil\u00e9 et comme \u00e0 chaque fois, il r\u00e9serve son lot de surprises. Pour cette nouvelle saison des d\u00e9fil\u00e9s consacr\u00e9s aux collections du printemps-\u00e9t\u00e9 2026, cette \u00e9dition sera consacr\u00e9e aux premiers pas de certains cr\u00e9ateurs fra\u00eechement nomm\u00e9s \u00e0 la t\u00eate de grandes maisons de luxe.<\/p>\n<p>C\u2019est le cas de Jonathan Anderson qui pr\u00e9sentera sa toute premi\u00e8re collection masculine \u00e0 la t\u00eate de Dior dont <a href=\"https:\/\/www.gqmagazine.fr\/article\/jonathan-anderson-dior-nomination\" target=\"_blank\" rel=\"noopener\">il a officiellement r\u00e9cup\u00e9r\u00e9 l\u2019ensemble de la direction artistique le 2 juin<\/a> incluant aussi la femme et la haute couture. Il en sera de m\u00eame pour Julian Klauser, digne h\u00e9ritier de Dries Van Noten, qui d\u00e9voilera sa collection homme lors d\u2019un d\u00e9fil\u00e9 le jeudi 26 juin. La maison Celine, qui ne d\u00e9filait plus depuis trois ans, fait \u00e9galement son grand retour sur les podiums en toute discr\u00e9tion. La marque d\u00e9filera juste apr\u00e8s la calendrier officiel en organisant un show mixte le 6 juillet \u00e0 Paris o\u00f9 seront pr\u00e9sent\u00e9s en m\u00eame temps les collections homme et femme de l\u2019\u00e9t\u00e9 2026.<\/p>\n<p>\u00c0 noter \u00e9galement pour ce calendrier de la Fashion Week homme de Paris, le retour de la cr\u00e9atrice britannique Grace Wales Bonner avec sa marque <a href=\"https:\/\/www.gqmagazine.fr\/dossier\/wales-bonner\" target=\"_blank\" rel=\"noopener\">Wales Bonner<\/a> et de <a href=\"https:\/\/www.gqmagazine.fr\/dossier\/saint-laurent\" target=\"_blank\" rel=\"noopener\">Saint Laurent<\/a>, la pr\u00e9sence du designer Craig Green avec un show le dimanche 29, et une cl\u00f4ture de cette semaine de la mode avec <a href=\"https:\/\/www.gqmagazine.fr\/article\/jacquemus-defile-printemps-ete-2025-fashion-week-paris\" target=\"_blank\" rel=\"noopener\">Jacquemus<\/a> qui pr\u00e9sentera quant \u00e0 lui sa prochaine collection hivernale pour 2025 \u00e0 rebours de ce calendrier d\u00e9di\u00e9 \u00e0 l\u2019\u00e9t\u00e9 2026.<\/p>\n<p>Toutes les dates de la Fashion Week homme de Paris printemps-\u00e9t\u00e9 2026<\/p>\n<p>*En <strong>gras<\/strong>, les d\u00e9fil\u00e9s ; en italique, les pr\u00e9sentations et \u00e9v\u00e9nements digitaux.<\/p>\n<p>Mardi 24 juin<\/p>\n<p>14h30 <strong>IFM Bachelor of Arts<\/strong><br \/>15h00 Meta Campania Collective<br \/>16h00 <strong>\u00c9tudes Studio<\/strong><br \/>16h30 Ernest W. Baker<br \/>17h00 <strong>Saint Laurent<\/strong><br \/>18h00 <strong>Auralee<\/strong><br \/>18h30 Kidill<br \/>20h00 <strong>Louis Vuitton<\/strong><\/p>\n<p>Mercredi 25 juin<\/p>\n<p>09h00 Berluti<br \/>10h30 Jeanne Friot<br \/>11h00 Acne Studios<br \/>11h00 Isabel Marant<br \/>11h30 <strong>Lemaire<\/strong><br \/>12h00 Solid Homme<br \/>13h00 <strong>3.Paradis<\/strong><br \/>13h30 Agn\u00e8s b.<br \/>14h30 <strong>Hed Mayner<\/strong><br \/>15h30 <strong>Walter Van Beirendonck<\/strong><br \/>16h00 Songzio<br \/>17h00 <strong>Egonlab.<\/strong><br \/>18h30 <strong>Wales Bonner<\/strong><br \/>20h30 <strong>Ami<\/strong><\/p>\n<p>Jeudi 26 juin<\/p>\n<p>10h00 Sacai<br \/>11h00 <strong>Issey Miyake<\/strong><br \/>12h00 Feng Chen Wang<br \/>12h30 <strong>Dries Van Noten<\/strong><br \/>13h30 <strong>Sean Suen<\/strong><br \/>14h30 <strong>Bluemarble<\/strong><br \/>15h30 Ouest Paris<br \/>16h00 <strong>Amiri<\/strong><br \/>16h30 Camperlab<br \/>17h00 Valette Studio<br \/>17h30 <strong>Yohji Yamamoto<\/strong><br \/>18h00 System<br \/>19h00 <strong>Rick Owens<\/strong><\/p>\n<p>Vendredi 27 juin<\/p>\n<p>10h00 Ungaro<br \/>10h00 <strong>Junya Watanabe<\/strong><br \/>10h00 Lazoschmidl<br \/>10h30 Bode<br \/>11h30 <strong>Juun.J<\/strong><br \/>13h00 <strong>Maison Mihara Yasuhiro<\/strong><br \/>14h30 <strong>Dior Homme<\/strong><br \/>16h00 <strong>Willy Chavarria<\/strong><br \/>16h30 Steven Passaro<br \/>17h00 <strong>Comme des Gar\u00e7ons Homme Plus<\/strong><br \/>18h00 Marine Serre<br \/>18h30 <strong>Officine G\u00e9n\u00e9rale<\/strong><br \/>20h00 <strong>Kenzo<\/strong><\/p>\n<p>Samedi 28 juin<\/p>\n<p>10h00 Undercover<br \/>10h30 <strong>Kiko Kostadinov<\/strong><br \/>11h30 Sankuanz<br \/>12h00 <strong>White Moutaineering<\/strong><br \/>13h30 <strong>Kolor<\/strong><br \/>14h30 C.R.E.O.L.E.<br \/>15h00 <strong>Herm\u00e8s<\/strong><br \/>16h30 <strong>Ziggy Chen<\/strong><br \/>17h00 Y-3<br \/>18h30 <strong>Louis-Gabriel Nouchi<\/strong><br \/>20h00 <strong>KidSuper<\/strong><\/p>\n<p>Dimanche 29 juin<\/p>\n<p>10h00 <strong>Doublet<\/strong><br \/>11h00 AMC &#8211; Aldo Maria Camillo<br \/>11h30 <strong>Craig Green<\/strong><br \/>12h00 Camiel Fortgens<br \/>12h30 <strong>Wooyoungmi<\/strong><br \/>13h00 P.Andrade<br \/>14h00 <strong>Kartik Research<\/strong><br \/>15h00 <strong>Taakk<\/strong><br \/>15h30 Namesake<br \/>16h00 Bed J.W. Ford<br \/>17h00 <strong>Jacquemus<\/strong><\/p>\n","protected":false},"excerpt":{"rendered":"Et c&rsquo;est reparti pour un tour : le calendrier de la Fashion Week homme de Paris vient d\u2019\u00eatre&hellip;\n","protected":false},"author":2,"featured_media":146443,"comment_status":"","ping_status":"","sticky":false,"template":"","format":"standard","meta":{"footnotes":""},"categories":[1888],"tags":[11,1777,674,27552,27553,1011,27,12,626,25],"class_list":{"0":"post-146442","1":"post","2":"type-post","3":"status-publish","4":"format-standard","5":"has-post-thumbnail","7":"category-paris","8":"tag-actualites","9":"tag-eu","10":"tag-europe","11":"tag-fashion-week-de-paris","12":"tag-fashion-week-homme","13":"tag-fr","14":"tag-france","15":"tag-news","16":"tag-paris","17":"tag-republique-francaise"},"share_on_mastodon":{"url":"https:\/\/pubeurope.com\/@fr\/114613939400769685","error":""},"_links":{"self":[{"href":"https:\/\/www.europesays.com\/fr\/wp-json\/wp\/v2\/posts\/146442","targetHints":{"allow":["GET"]}}],"collection":[{"href":"https:\/\/www.europesays.com\/fr\/wp-json\/wp\/v2\/posts"}],"about":[{"href":"https:\/\/www.europesays.com\/fr\/wp-json\/wp\/v2\/types\/post"}],"author":[{"embeddable":true,"href":"https:\/\/www.europesays.com\/fr\/wp-json\/wp\/v2\/users\/2"}],"replies":[{"embeddable":true,"href":"https:\/\/www.europesays.com\/fr\/wp-json\/wp\/v2\/comments?post=146442"}],"version-history":[{"count":0,"href":"https:\/\/www.europesays.com\/fr\/wp-json\/wp\/v2\/posts\/146442\/revisions"}],"wp:featuredmedia":[{"embeddable":true,"href":"https:\/\/www.europesays.com\/fr\/wp-json\/wp\/v2\/media\/146443"}],"wp:attachment":[{"href":"https:\/\/www.europesays.com\/fr\/wp-json\/wp\/v2\/media?parent=146442"}],"wp:term":[{"taxonomy":"category","embeddable":true,"href":"https:\/\/www.europesays.com\/fr\/wp-json\/wp\/v2\/categories?post=146442"},{"taxonomy":"post_tag","embeddable":true,"href":"https:\/\/www.europesays.com\/fr\/wp-json\/wp\/v2\/tags?post=146442"}],"curies":[{"name":"wp","href":"https:\/\/api.w.org\/{rel}","templated":true}]}}