{"id":146446,"date":"2025-06-02T13:12:13","date_gmt":"2025-06-02T13:12:13","guid":{"rendered":"https:\/\/www.europesays.com\/fr\/146446\/"},"modified":"2025-06-02T13:12:13","modified_gmt":"2025-06-02T13:12:13","slug":"guerre-en-ukraine-le-printemps-marquee-par-une-acceleration-de-la-progression-des-troupes-russes-02-06-2025-a-1338","status":"publish","type":"post","link":"https:\/\/www.europesays.com\/fr\/146446\/","title":{"rendered":"Guerre en Ukraine : le printemps marqu\u00e9e par une acc\u00e9l\u00e9ration de la progression des troupes russes &#8211; 02\/06\/2025 \u00e0 13:38"},"content":{"rendered":"<p> La progression russe se concentre encore dans la r\u00e9gion de Donetsk. De leur c\u00f4t\u00e9, les Ukrainiens n&rsquo;ont regagn\u00e9 aucun territoire en mai 2025.<\/p>\n<p>        <img fetchpriority=\"high\" decoding=\"async\" src=\"https:\/\/www.europesays.com\/fr\/wp-content\/uploads\/2025\/06\/d2874c33b2bb53b9ab75667f93ebbcdb-760x506.jpg\" alt=\"Des secouristes ukrainiens sur le site d'un bombardement russe \u00e0 Kharkiv, en Ukraine, le 30 mai 2025. ( AFP \/ SERGEY BOBOK )\" loading=\"eager\" width=\"760\" height=\"506\" style=\"max-width: 100%!important; height: auto;\"\/><\/p>\n<p class=\"c-image-news__legend\">Des secouristes ukrainiens sur le site d&rsquo;un bombardement russe \u00e0 Kharkiv, en Ukraine, le 30 mai 2025. ( AFP \/ SERGEY BOBOK )<\/p>\n<p>\n Comme en 2024, l&rsquo;arm\u00e9e russe a acc\u00e9l\u00e9r\u00e9 sa progression sur le territoire ukrainien avec le printemps, selon l&rsquo;analyse par l&rsquo;<\/p>\n<p>  AFP<\/p>\n<p> des donn\u00e9es fournies par l&rsquo;Institut am\u00e9ricain pour l&rsquo;\u00e9tude de la guerre (ISW).\n<\/p>\n<p>\n <strong><br \/>\n  L&rsquo;arm\u00e9e russe a pris 507 km2 en mai 2025<br \/>\n <\/strong><br \/>\n , apr\u00e8s 379 km2 en avril et 240 km2 en mars. D\u00e9j\u00e0 au printemps 2024, elle avait acc\u00e9l\u00e9r\u00e9 son avanc\u00e9e, prenant 449 km2 en mai, apr\u00e8s 111 km2 en avril et 50 km2 en mars.\n<\/p>\n<p> 19% du territoire occup\u00e9<\/p>\n<p>\n En mai 2025,<br \/>\n <strong><br \/>\n  la progression russe se concentre encore dans la r\u00e9gion de Donetsk<br \/>\n <\/strong><br \/>\n , avec pr\u00e8s de 400 km2. Quant aux Ukrainiens, ils n&rsquo;ont regagn\u00e9 aucun territoire sur le mois \u00e9coul\u00e9.\n<\/p>\n<p>\n Plus largement, les 12 derniers mois ont \u00e9t\u00e9 marqu\u00e9s par une progression de l&rsquo;arm\u00e9e russe en Ukraine, alors que les Ukrainiens ne parviennent pas \u00e0 regagner de terrain.<br \/>\n <strong><br \/>\n  De juin 2024 \u00e0 mai 2025, les Russes ont ainsi pris au total 5.107 km2<br \/>\n <\/strong><br \/>\n quand les forces ukrainiennes n&rsquo;ont r\u00e9cup\u00e9r\u00e9 que 85 km2. Ce gain russe repr\u00e9sente toutefois moins de 1% du territoire ukrainien d&rsquo;avant-guerre, incluant la Crim\u00e9e et le Donbass.\n<\/p>\n<p>\n \u00c0 fin mai, la Russie exerce un contr\u00f4le total ou partiel sur pr\u00e8s de 19% du territoire ukrainien.<\/p>\n","protected":false},"excerpt":{"rendered":"La progression russe se concentre encore dans la r\u00e9gion de Donetsk. De leur c\u00f4t\u00e9, les Ukrainiens n&rsquo;ont regagn\u00e9&hellip;\n","protected":false},"author":2,"featured_media":146447,"comment_status":"","ping_status":"","sticky":false,"template":"","format":"standard","meta":{"footnotes":""},"categories":[1590],"tags":[400,11,398,408,405,1777,674,403,402,399,404,12,401,406,220,407],"class_list":{"0":"post-146446","1":"post","2":"type-post","3":"status-publish","4":"format-standard","5":"has-post-thumbnail","7":"category-ukraine","8":"tag-action-cac-40","9":"tag-actualites","10":"tag-bourse-de-paris","11":"tag-boursorama","12":"tag-cotations","13":"tag-eu","14":"tag-europe","15":"tag-indices-devises","16":"tag-investir","17":"tag-investissement","18":"tag-marche-boursier","19":"tag-news","20":"tag-sicav","21":"tag-trackers","22":"tag-ukraine","23":"tag-warrants"},"share_on_mastodon":{"url":"https:\/\/pubeurope.com\/@fr\/114613947276307195","error":""},"_links":{"self":[{"href":"https:\/\/www.europesays.com\/fr\/wp-json\/wp\/v2\/posts\/146446","targetHints":{"allow":["GET"]}}],"collection":[{"href":"https:\/\/www.europesays.com\/fr\/wp-json\/wp\/v2\/posts"}],"about":[{"href":"https:\/\/www.europesays.com\/fr\/wp-json\/wp\/v2\/types\/post"}],"author":[{"embeddable":true,"href":"https:\/\/www.europesays.com\/fr\/wp-json\/wp\/v2\/users\/2"}],"replies":[{"embeddable":true,"href":"https:\/\/www.europesays.com\/fr\/wp-json\/wp\/v2\/comments?post=146446"}],"version-history":[{"count":0,"href":"https:\/\/www.europesays.com\/fr\/wp-json\/wp\/v2\/posts\/146446\/revisions"}],"wp:featuredmedia":[{"embeddable":true,"href":"https:\/\/www.europesays.com\/fr\/wp-json\/wp\/v2\/media\/146447"}],"wp:attachment":[{"href":"https:\/\/www.europesays.com\/fr\/wp-json\/wp\/v2\/media?parent=146446"}],"wp:term":[{"taxonomy":"category","embeddable":true,"href":"https:\/\/www.europesays.com\/fr\/wp-json\/wp\/v2\/categories?post=146446"},{"taxonomy":"post_tag","embeddable":true,"href":"https:\/\/www.europesays.com\/fr\/wp-json\/wp\/v2\/tags?post=146446"}],"curies":[{"name":"wp","href":"https:\/\/api.w.org\/{rel}","templated":true}]}}