{"id":146452,"date":"2025-06-02T13:15:09","date_gmt":"2025-06-02T13:15:09","guid":{"rendered":"https:\/\/www.europesays.com\/fr\/146452\/"},"modified":"2025-06-02T13:15:09","modified_gmt":"2025-06-02T13:15:09","slug":"lallemagne-veut-soulager-fiscalement-les-entreprises-avant-lete","status":"publish","type":"post","link":"https:\/\/www.europesays.com\/fr\/146452\/","title":{"rendered":"L&rsquo;Allemagne veut soulager fiscalement les entreprises avant l&rsquo;\u00e9t\u00e9"},"content":{"rendered":"<p class=\"fig-paragraph\">Le gouvernement allemand veut adopter rapidement plusieurs all\u00e8gements fiscaux pour les entreprises afin de relancer les investissements priv\u00e9s et doper la croissance, alors que le\u00a0<a href=\"http:\/\/www.lefigaro.fr\/flash-eco\/le-pib-allemand-a-recule-de-0-2-au-dernier-trimestre-2024-20250130\" data-fig-type=\"NewsFlash\" data-gtm-custom-categorie=\"navigation\" data-gtm-custom-action=\"crossclick\" data-gtm-custom-label=\"Contextuel\" data-gtm-event=\"customEventSPE\" data-fig-domain=\"LEFIGARO\" target=\"_blank\" rel=\"noopener\">PIB allemand<\/a>\u00a0devrait stagner en 2025. Un projet de loi qui s&rsquo;inspire du contrat de coalition entre conservateurs et sociaux-d\u00e9mocrates sera pr\u00e9sent\u00e9 mercredi en conseil des ministres, a indiqu\u00e9 lundi Maximilian Kall, un porte-parole du minist\u00e8re des finances, confirmant une information de presse.<\/p>\n<p class=\"fig-paragraph\">\u00abNous voulons qu&rsquo;il soit d\u00e9battu tr\u00e8s rapidement au Bundestag\u00bb, la chambre basse du Parlement, et ce si possible avant la pause estivale de juillet, \u00abcar l&rsquo;objectif de tous est de stimuler l&rsquo;\u00e9conomie\u00bb, a d\u00e9clar\u00e9 Maximilian Kall lors d&rsquo;une conf\u00e9rence de presse r\u00e9guli\u00e8re. Le ministre des Finances Lars Klingbeil, social-d\u00e9mocrate, veut ainsi \u00abassurer une s\u00e9curit\u00e9 de planification\u00bb pour les entreprises qui investissent.<\/p>\n<p class=\"fig-paragraph\">Dans le d\u00e9tail, le gouvernement du conservateur Friedrich Merz veut adopter un amortissement annuel de 30% sur les investissements en \u00e9quipements pour les ann\u00e9es 2025 \u00e0 2027. Le dispositif sera ensuite, \u00e0 partir de 2028, remplac\u00e9 par une r\u00e9duction progressive de l&rsquo;imp\u00f4t sur les soci\u00e9t\u00e9s, pour sa part fixe, de 15 \u00e0 10%. Une mesure \u00abvivement salu\u00e9e\u00bb par la f\u00e9d\u00e9ration de l&rsquo;industrie de la machine-outil (VDMA) dans un communiqu\u00e9, qui esp\u00e9rait n\u00e9anmoins \u00abune baisse plus pr\u00e9coce et plus rapide\u00bb.<\/p>\n<p class=\"fig-paragraph\">Un \u00abbooster\u00bb d&rsquo;investissement pour l&rsquo;achat de v\u00e9hicules \u00e9lectriques d&rsquo;entreprises et dans la recherche est aussi pr\u00e9vu. Selon le journal Handelsblatt, les entreprises b\u00e9n\u00e9ficieront avec cette loi de 2,5 milliards d&rsquo;euros d&rsquo;all\u00e8gements en 2025, et jusqu&rsquo;\u00e0 11,3 milliards d&rsquo;euros en 2029. Cette mesure aura aussi un net impact sur les recettes fiscales, avec une perte estim\u00e9e \u00e0 17 milliards d&rsquo;euros pour 2029. Ce projet de loi se veut le pendant de l&rsquo;important effort d&rsquo;investissement public adopt\u00e9 en mars sous l&rsquo;impulsion de Friedrich Merz.<\/p>\n<p class=\"fig-paragraph\">Le Bundestag avait adopt\u00e9 un fonds sp\u00e9cial de 500 milliards d&rsquo;euros pour r\u00e9nover les infrastructures vieillissantes du pays, et assoupli les strictes r\u00e8gles d&rsquo;endettement du pays pour doper les d\u00e9penses militaires. Le recul des investissements priv\u00e9s et publics est l&rsquo;un des maux dont souffre l&rsquo;\u00e9conomie allemande, qui sort de deux ann\u00e9es cons\u00e9cutives de r\u00e9cession. Selon les \u00e9tudes de la banque d&rsquo;investissement KfW, les co\u00fbts de l&rsquo;\u00e9nergie, le manque de main-d\u2019\u0153uvre qualifi\u00e9e et la bureaucratie sont les principaux freins \u00e0 l&rsquo;investissement pour les entreprises.<\/p>\n","protected":false},"excerpt":{"rendered":"Le gouvernement allemand veut adopter rapidement plusieurs all\u00e8gements fiscaux pour les entreprises afin de relancer les investissements priv\u00e9s&hellip;\n","protected":false},"author":2,"featured_media":146453,"comment_status":"","ping_status":"","sticky":false,"template":"","format":"standard","meta":{"footnotes":""},"categories":[1587],"tags":[1111,47,11,672,1117,1109,1804,1805,1112,1803,636,341,257,1777,674,632,1108,107,1106,1107,1119,1801,1116,1110,1114,500,12,1113,1118,1802,137,401,1115],"class_list":{"0":"post-146452","1":"post","2":"type-post","3":"status-publish","4":"format-standard","5":"has-post-thumbnail","7":"category-allemagne","8":"tag-actu","9":"tag-actualite","10":"tag-actualites","11":"tag-allemagne","12":"tag-assurance","13":"tag-breves","14":"tag-bundesrepublik-deutschland","15":"tag-de","16":"tag-depeches","17":"tag-deutschland","18":"tag-devises","19":"tag-emploi","20":"tag-entreprise","21":"tag-eu","22":"tag-europe","23":"tag-fcp","24":"tag-fil","25":"tag-fil-info","26":"tag-flash","27":"tag-flash-actu","28":"tag-formation","29":"tag-germany","30":"tag-immobilier","31":"tag-informations","32":"tag-infos","33":"tag-medias","34":"tag-news","35":"tag-nouvelles","36":"tag-placement","37":"tag-republique-federale-dallemagne","38":"tag-retraite","39":"tag-sicav","40":"tag-taux"},"share_on_mastodon":{"url":"https:\/\/pubeurope.com\/@fr\/114613959074586993","error":""},"_links":{"self":[{"href":"https:\/\/www.europesays.com\/fr\/wp-json\/wp\/v2\/posts\/146452","targetHints":{"allow":["GET"]}}],"collection":[{"href":"https:\/\/www.europesays.com\/fr\/wp-json\/wp\/v2\/posts"}],"about":[{"href":"https:\/\/www.europesays.com\/fr\/wp-json\/wp\/v2\/types\/post"}],"author":[{"embeddable":true,"href":"https:\/\/www.europesays.com\/fr\/wp-json\/wp\/v2\/users\/2"}],"replies":[{"embeddable":true,"href":"https:\/\/www.europesays.com\/fr\/wp-json\/wp\/v2\/comments?post=146452"}],"version-history":[{"count":0,"href":"https:\/\/www.europesays.com\/fr\/wp-json\/wp\/v2\/posts\/146452\/revisions"}],"wp:featuredmedia":[{"embeddable":true,"href":"https:\/\/www.europesays.com\/fr\/wp-json\/wp\/v2\/media\/146453"}],"wp:attachment":[{"href":"https:\/\/www.europesays.com\/fr\/wp-json\/wp\/v2\/media?parent=146452"}],"wp:term":[{"taxonomy":"category","embeddable":true,"href":"https:\/\/www.europesays.com\/fr\/wp-json\/wp\/v2\/categories?post=146452"},{"taxonomy":"post_tag","embeddable":true,"href":"https:\/\/www.europesays.com\/fr\/wp-json\/wp\/v2\/tags?post=146452"}],"curies":[{"name":"wp","href":"https:\/\/api.w.org\/{rel}","templated":true}]}}