{"id":146470,"date":"2025-06-02T13:24:12","date_gmt":"2025-06-02T13:24:12","guid":{"rendered":"https:\/\/www.europesays.com\/fr\/146470\/"},"modified":"2025-06-02T13:24:12","modified_gmt":"2025-06-02T13:24:12","slug":"zverev-passe-en-quarts-apres-labandon-de-griekspoor","status":"publish","type":"post","link":"https:\/\/www.europesays.com\/fr\/146470\/","title":{"rendered":"Zverev passe en quarts apr\u00e8s l\u2019abandon de Griekspoor"},"content":{"rendered":"<p>Le N.3 mondial Alexander Zverev attend d\u00e9sormais Novak Djokovic.<\/p>\n<p class=\"fig-paragraph\">Le N.3 mondial Alexander Zverev s&rsquo;est qualifi\u00e9 lundi pour les quarts de finale de\u00a0<a href=\"https:\/\/www.lefigaro.fr\/sports\/tennis\/roland-garros\/en-direct-roland-garros-djokovic-boisson-sinner-suivez-une-9e-journee-de-folie-20250602\" data-fig-type=\"Live\" data-gtm-custom-categorie=\"navigation\" data-gtm-custom-action=\"crossclick\" data-gtm-custom-label=\"Contextuel\" data-gtm-event=\"customEventSPE\" data-fig-domain=\"LEFIGARO\" target=\"_blank\" rel=\"noopener\">Roland-Garros<\/a>, o\u00f9 il pourrait retrouver le Serbe\u00a0<a href=\"http:\/\/www.lefigaro.fr\/flash-sport\/roland-garros-novak-djokovic-en-pensant-a-la-suite-20250531\" data-fig-type=\"NewsFlash\" data-gtm-custom-categorie=\"navigation\" data-gtm-custom-action=\"crossclick\" data-gtm-custom-label=\"Contextuel\" data-gtm-event=\"customEventSPE\" data-fig-domain=\"LEFIGARO\" target=\"_blank\" rel=\"noopener\">Novak Djokovic<\/a>\u00a0(6e), apr\u00e8s l&rsquo;abandon du N\u00e9erlandais Tallon Griekspoor (35e) au cours du deuxi\u00e8me set de leur match.<\/p>\n<p class=\"fig-paragraph\">Finaliste 2024 du tournoi du Grand Chelem parisien, Zverev menait 6-4, 3-0 sur le court Suzanne-Lenglen au moment o\u00f9 Griekspoor a jet\u00e9 l&rsquo;\u00e9ponge, \u00aben raison d&rsquo;une blessure\u00bb a indiqu\u00e9 l&rsquo;arbitre de la rencontre.<\/p>\n<p class=\"fig-paragraph\">Toujours \u00e0 la poursuite d&rsquo;un premier titre en Grand Chelem, l&rsquo;Allemand de 28 ans pourrait d\u00e9fier en quart de finale Novak Djokovic. L&rsquo;ancien N.1 mondial sera oppos\u00e9 dans l&rsquo;apr\u00e8s-midi au Britannique Cameron Norrie (81e) en huiti\u00e8me de finale.<\/p>\n<p class=\"fig-paragraph\">Apr\u00e8s un d\u00e9but de saison sur terre battue en demi-teinte, avec un titre \u00e0 l&rsquo;ATP 500 de Munich mais des \u00e9liminations pr\u00e9matur\u00e9es dans les Masters 1000 de Monte-Carlo et Madrid, Zverev visera mercredi une cinqui\u00e8me demi-finale cons\u00e9cutive \u00e0 Roland-Garros.<\/p>\n","protected":false},"excerpt":{"rendered":"Le N.3 mondial Alexander Zverev attend d\u00e9sormais Novak Djokovic. Le N.3 mondial Alexander Zverev s&rsquo;est qualifi\u00e9 lundi pour&hellip;\n","protected":false},"author":2,"featured_media":146471,"comment_status":"","ping_status":"","sticky":false,"template":"","format":"standard","meta":{"footnotes":""},"categories":[1415],"tags":[5827,4169,105,2199,1011,27,24473,1960,6433,24472,4171,60,1467,4170],"class_list":{"0":"post-146470","1":"post","2":"type-post","3":"status-publish","4":"format-standard","5":"has-post-thumbnail","7":"category-tennis","8":"tag-alexander-zverev","9":"tag-atp","10":"tag-djokovic","11":"tag-federer","12":"tag-fr","13":"tag-france","14":"tag-internationaux-de-france","15":"tag-nadal","16":"tag-novak-djokovic","17":"tag-rg","18":"tag-roland-garros","19":"tag-sports","20":"tag-tennis","21":"tag-wta"},"share_on_mastodon":{"url":"https:\/\/pubeurope.com\/@fr\/114613994293933832","error":""},"_links":{"self":[{"href":"https:\/\/www.europesays.com\/fr\/wp-json\/wp\/v2\/posts\/146470","targetHints":{"allow":["GET"]}}],"collection":[{"href":"https:\/\/www.europesays.com\/fr\/wp-json\/wp\/v2\/posts"}],"about":[{"href":"https:\/\/www.europesays.com\/fr\/wp-json\/wp\/v2\/types\/post"}],"author":[{"embeddable":true,"href":"https:\/\/www.europesays.com\/fr\/wp-json\/wp\/v2\/users\/2"}],"replies":[{"embeddable":true,"href":"https:\/\/www.europesays.com\/fr\/wp-json\/wp\/v2\/comments?post=146470"}],"version-history":[{"count":0,"href":"https:\/\/www.europesays.com\/fr\/wp-json\/wp\/v2\/posts\/146470\/revisions"}],"wp:featuredmedia":[{"embeddable":true,"href":"https:\/\/www.europesays.com\/fr\/wp-json\/wp\/v2\/media\/146471"}],"wp:attachment":[{"href":"https:\/\/www.europesays.com\/fr\/wp-json\/wp\/v2\/media?parent=146470"}],"wp:term":[{"taxonomy":"category","embeddable":true,"href":"https:\/\/www.europesays.com\/fr\/wp-json\/wp\/v2\/categories?post=146470"},{"taxonomy":"post_tag","embeddable":true,"href":"https:\/\/www.europesays.com\/fr\/wp-json\/wp\/v2\/tags?post=146470"}],"curies":[{"name":"wp","href":"https:\/\/api.w.org\/{rel}","templated":true}]}}