{"id":146482,"date":"2025-06-02T13:31:22","date_gmt":"2025-06-02T13:31:22","guid":{"rendered":"https:\/\/www.europesays.com\/fr\/146482\/"},"modified":"2025-06-02T13:31:22","modified_gmt":"2025-06-02T13:31:22","slug":"aveyron-pas-besoin-daller-au-louvre-le-louvre-vient-a-rodez-cet-ete","status":"publish","type":"post","link":"https:\/\/www.europesays.com\/fr\/146482\/","title":{"rendered":"Aveyron. Pas besoin d&rsquo;aller au Louvre, le Louvre vient \u00e0 Rodez cet \u00e9t\u00e9\u00a0!"},"content":{"rendered":"<p>            Par<br \/>\n        <strong><br \/>\n            <a href=\"https:\/\/actu.fr\/auteur\/salomee-tafforeau\" title=\"Consulter tous les articles de Salomee Tafforeau\" target=\"_blank\" rel=\"noopener\">Salomee Tafforeau<\/a><br \/>\n        <\/strong><\/p>\n<p>        Publi\u00e9 le<\/p>\n<p>            1 juin 2025 \u00e0 16h20        <\/p>\n<p>\u00a0Les Ruth\u00e9nois n\u2019auront pas besoin de prendre le TGV cet \u00e9t\u00e9 pour voir les collections du <strong>Louvre<\/strong> ! <strong>Du 7 juin au 2 novembre 2025<\/strong>, le mythique mus\u00e9e parisien s\u2019invite dans les galeries de <a href=\"https:\/\/musee-fenaille.rodezagglo.fr\/\" target=\"_blank\" rel=\"noopener\">Fenaille<\/a> \u00e0 Rodez (<a href=\"https:\/\/actu.fr\/occitanie\/aveyron_12\" target=\"_blank\" rel=\"noopener\">Aveyron<\/a>) \u00e0 l\u2019occasion de l\u2019exposition <a href=\"https:\/\/musee-fenaille.rodezagglo.fr\/expositions\/exposition-visages-louvre\/\" target=\"_blank\" rel=\"noopener\">Visages : L\u2019art du portrait grec et romain dans les collections du mus\u00e9e du Louvre<\/a>. De remarquables pr\u00eats de la Biblioth\u00e8que nationale de France compl\u00e8tent cette sc\u00e9nographie riche de soixante \u0153uvres majeures, dont les c\u00e9l\u00e8bres portraits d\u2019Hom\u00e8re et Alexandre le Grand.\u00a0<\/p>\n<p>\u00ab\u00a0Ces portraits donnent un visage aux civilisations de l\u2019Antiquit\u00e9 classique\u00a0\u00bb<\/p>\n<p class=\" wall-content\">Au travers de trois grandes questions, l\u2019exposition interroge la place du portrait dans le soci\u00e9t\u00e9s de l\u2019Antiquit\u00e9 classique o\u00f9 son expression est \u00e0 son apog\u00e9e. Quelles fonctions le portrait remplit-il dans l\u2019Antiquit\u00e9 classique ? Comment devient-il un moyen privil\u00e9gi\u00e9 d\u2019expression du pouvoir \u00e0 partir de l\u2019\u00e9poque hell\u00e9nistique ? Et comment le genre du portrait se d\u00e9finit-il en termes de moyens artistiques ?\u00a0<\/p>\n<blockquote class=\"ac-article-quote wall-content\">\n<p>Images du pouvoir, supports de m\u00e9moire, offrandes aux divinit\u00e9s&#8230; Ces portraits donnent aujourd\u2019hui un visage, ou plut\u00f4t une multitude de visages, aux civilisations de l\u2019Antiquit\u00e9 classique.\u00a0<\/p>\n<p>    <strong>Aur\u00e9lien Pierre, directeur des mus\u00e9es de Rodez agglom\u00e9ration<\/strong>\n            <\/p><\/blockquote>\n<p>    <a href=\"https:\/\/www.facebook.com\/plugins\/post.php?href=https%3A%2F%2Fwww.facebook.com%2Fmuseefenaillerodez%2Fposts%2Fpfbid02hp9MW7xA4mbo939Vk38qhynsWX89nmvzC6qokSd5wcjsrsLFbY5o3FqjjgwVpdo1l&amp;show_text=true&amp;width=350\" title=\"Ouvrie le lien\" target=\"_blank\" rel=\"noopener\">Cliquez ici pour visualiser le contenu<\/a><\/p>\n<p>    <img   decoding=\"async\" loading=\"lazy\" src=\"https:\/\/www.europesays.com\/fr\/wp-content\/uploads\/2025\/06\/portrait-en-buste-de-marc-aurele-paris-musee-du-louvre-departement-des-antiquites-grecques-etrusques.jpeg\" alt=\"Portrait en buste de Marc-Aure\u0300le. Paris, muse\u0301e du Louvre, de\u0301partement des Antiquite\u0301s grecques, e\u0301trusques et romaines \u00a9 GrandPalaisRmn (muse\u0301e du Louvre) _ Ste\u0301phane Mare\u0301challe (1)\" width=\"960\" height=\"640\"\/><br \/>\n    Portrait en buste de Marc-Aure\u0300le. (\u00a9 Mus\u00e9e du Louvre et GrandPalaisRmn, Ste\u0301phane Mare\u0301challe)Vid\u00e9os : en ce moment sur ActuLes statues-menhirs du mus\u00e9e de Fenaille, une collection mythique<\/p>\n<p class=\" wall-content\">Le mus\u00e9e d\u2019histoire et d\u2019arch\u00e9ologie de Fenaille a pour mission d\u2019interroger la repr\u00e9sentation de la figure humaine et les conditions de son expression dans les soci\u00e9t\u00e9s. Pour ce faire, l\u2019institut s\u2019appuie sur sa <a href=\"https:\/\/musee-fenaille.rodezagglo.fr\/collections-exposees\/statues-menhirs\/\" target=\"_blank\" rel=\"noopener\">collection permanente et embl\u00e9matique de statues-menhirs<\/a>, soit les premi\u00e8res repr\u00e9sentations de l\u2019Homme en Europe occidentale sculpt\u00e9s il y a pr\u00e8s de 5 000 ans. L\u2019exposition Visages a vocation \u00e0 prolonger ce questionnement.<\/p>\n<p>Du 7 juin au 2 novembre 2025 au mus\u00e9e de Fenaille \u00e0 Rodez. Tarifs : 8 \u00e0 12 euros. R\u00e9servations par t\u00e9l\u00e9phone au 05 65 73 84 30 ou sur la <a href=\"https:\/\/rodez.tickeasy.com\/fr-FR\/accueil\" target=\"_blank\" rel=\"noopener\">billetterie en ligne<\/a> \u00e0 partir du 7 juin prochain.<\/p>\n<p class=\" wall-content\">Suivez toute l\u2019actualit\u00e9 de vos villes et m\u00e9dias favoris en vous inscrivant \u00e0 <a href=\"https:\/\/moncompte.actu.fr\" title=\"D\u00e9couvez Mon Actu\" rel=\"nofollow noopener\" data-trk=\"{&quot;cta&quot;:{&quot;action&quot;:&quot;https:\\\/\\\/moncompte.actu.fr&quot;,&quot;category&quot;:&quot;mon compte&quot;,&quot;from&quot;:&quot;article footer&quot;,&quot;name&quot;:&quot;Mon actu&quot;,&quot;type&quot;:&quot;cta&quot;}}\" target=\"_blank\">Mon Actu<\/a>.<\/p>\n","protected":false},"excerpt":{"rendered":"Par Salomee Tafforeau Publi\u00e9 le 1 juin 2025 \u00e0 16h20 \u00a0Les Ruth\u00e9nois n\u2019auront pas besoin de prendre le&hellip;\n","protected":false},"author":2,"featured_media":146483,"comment_status":"","ping_status":"","sticky":false,"template":"","format":"standard","meta":{"footnotes":""},"categories":[1358],"tags":[1477,1348,1384,1385,1386,58,59,1011,27,1652,3094,9026],"class_list":{"0":"post-146482","1":"post","2":"type-post","3":"status-publish","4":"format-standard","5":"has-post-thumbnail","7":"category-arts-et-design","8":"tag-artisanat","9":"tag-arts","10":"tag-arts-and-design","11":"tag-arts-et-design","12":"tag-design","13":"tag-divertissement","14":"tag-entertainment","15":"tag-fr","16":"tag-france","17":"tag-loisirs-culture","18":"tag-musee-du-louvre","19":"tag-portrait"},"share_on_mastodon":{"url":"https:\/\/pubeurope.com\/@fr\/114614021888142131","error":""},"_links":{"self":[{"href":"https:\/\/www.europesays.com\/fr\/wp-json\/wp\/v2\/posts\/146482","targetHints":{"allow":["GET"]}}],"collection":[{"href":"https:\/\/www.europesays.com\/fr\/wp-json\/wp\/v2\/posts"}],"about":[{"href":"https:\/\/www.europesays.com\/fr\/wp-json\/wp\/v2\/types\/post"}],"author":[{"embeddable":true,"href":"https:\/\/www.europesays.com\/fr\/wp-json\/wp\/v2\/users\/2"}],"replies":[{"embeddable":true,"href":"https:\/\/www.europesays.com\/fr\/wp-json\/wp\/v2\/comments?post=146482"}],"version-history":[{"count":0,"href":"https:\/\/www.europesays.com\/fr\/wp-json\/wp\/v2\/posts\/146482\/revisions"}],"wp:featuredmedia":[{"embeddable":true,"href":"https:\/\/www.europesays.com\/fr\/wp-json\/wp\/v2\/media\/146483"}],"wp:attachment":[{"href":"https:\/\/www.europesays.com\/fr\/wp-json\/wp\/v2\/media?parent=146482"}],"wp:term":[{"taxonomy":"category","embeddable":true,"href":"https:\/\/www.europesays.com\/fr\/wp-json\/wp\/v2\/categories?post=146482"},{"taxonomy":"post_tag","embeddable":true,"href":"https:\/\/www.europesays.com\/fr\/wp-json\/wp\/v2\/tags?post=146482"}],"curies":[{"name":"wp","href":"https:\/\/api.w.org\/{rel}","templated":true}]}}